{"id":72816,"date":"2025-08-10T21:02:23","date_gmt":"2025-08-10T21:02:23","guid":{"rendered":"https:\/\/myroami.com\/de\/?p=72816"},"modified":"2025-08-10T21:02:24","modified_gmt":"2025-08-10T21:02:24","slug":"iphone-17-was-wir-bisher-wissen","status":"publish","type":"post","link":"https:\/\/myroami.com\/de\/internet\/iphone-17-was-wir-bisher-wissen\/","title":{"rendered":"iPhone 17: Erscheinungsdatum, Funktionen und alles, was wir wissen"},"content":{"rendered":"\n<h2 class=\"wp-block-heading\">Voraussichtliches Erscheinungsdatum<\/h2>\n\n\n\n<p>Mehrere verl\u00e4ssliche Quellen nennen inzwischen <strong>Dienstag, den 9. September 2025<\/strong>, als wahrscheinliches Datum f\u00fcr die offizielle Vorstellung der iPhone-17-Serie. Das passt zu Apples langj\u00e4hriger Tradition, Herbst-Events zu Wochenbeginn abzuhalten.<\/p>\n\n\n\n<p>Die Verf\u00fcgbarkeit im Handel wird etwa zehn Tage sp\u00e4ter erwartet \u2013 am Freitag, den 19. September 2025.<\/p>\n\n\n\n<h2 class=\"wp-block-heading\">Gemunkelte Funktionen des iPhone 17<\/h2>\n\n\n\n<p>Wir wissen noch nicht genau, wie das neue iPhone aussehen wird, doch Ger\u00fcchten zufolge k\u00f6nnen wir \u00c4nderungen beim Design, in der Verarbeitung und bei den verf\u00fcgbaren Funktionen erwarten.<\/p>\n\n\n\n<p>Zu den gemunkelten Funktionen des iPhone 17 geh\u00f6ren:<\/p>\n\n\n\n<ul class=\"wp-block-list\">\n<li><strong>Design &amp; Verarbeitung<\/strong>: Die Pro-Modelle k\u00f6nnten zu einer hybriden Aluminium-Glas-Konstruktion zur\u00fcckkehren und die bisherigen Titanrahmen hinter sich lassen. Eine gro\u00dfe, rechteckige Kameraleiste mit abgerundeten Ecken k\u00f6nnte sich \u00fcber die gesamte Ger\u00e4tebreite erstrecken und ihm einen markanten Premium-Look verleihen.<\/li>\n\n\n\n<li><strong>Display &amp; Frontkamera<\/strong>: Alle Modelle \u2013 auch das Standard-iPhone 17 \u2013 k\u00f6nnten OLED-ProMotion-Displays mit 120 Hz und Always-on-Display erhalten. Die Frontkamera soll auf 24 MP aufger\u00fcstet werden \u2013 in der gesamten Modellreihe.<\/li>\n\n\n\n<li><strong>Leistung &amp; Arbeitsspeicher<\/strong>: Erwartet wird der neue A19-Chip in den Basismodellen und der A19 Pro in den Pro-Versionen. Der Arbeitsspeicher k\u00f6nnte bei den Pro-Modellen (und m\u00f6glicherweise auch bei den Air-Modellen) auf <strong>12 GB<\/strong> steigen.<\/li>\n\n\n\n<li><strong>Kameras &amp; Video<\/strong>: Die Pro-Modelle k\u00f6nnten ein 48-MP-Teleobjektiv erhalten und erstmals 8K-Videoaufnahmen erm\u00f6glichen. Ein Dampfkammersystem zur K\u00fchlung k\u00f6nnte die Leistung bei anspruchsvollen Aufnahmen und Multitasking stabil halten.<\/li>\n\n\n\n<li><strong>Akku &amp; Laden<\/strong>: Das Pro-Max-Modell soll den bislang gr\u00f6\u00dften Akku in einem iPhone erhalten und damit sp\u00fcrbar l\u00e4ngere Laufzeiten bieten als das iPhone 16 Pro Max.<\/li>\n<\/ul>\n\n\n\n<h2 class=\"wp-block-heading\">Wo der wahre Mehrwert liegt<\/h2>\n\n\n\n<p>Die gemunkelte Hardware des iPhone 17 (schnellere Prozessoren, mehr RAM, Kamera-Verbesserungen und ein aufgefrischtes Design) klingt in der Theorie sehr \u00fcberzeugend. Doch wie immer wird der Praxistest zeigen, ob es sich um grundlegende Neuerungen oder nur um Feinschliff handelt.<\/p>\n\n\n\n<p>Auf der Software-Seite k\u00f6nnte iOS 26 der unerwartete Joker sein \u2013 mit besserer Effizienz, intelligenteren Benachrichtigungen und KI-gest\u00fctzten Funktionen.<\/p>\n\n\n\n<h2 class=\"wp-block-heading\">iPhone 17: Wie geht es weiter?<\/h2>\n\n\n\n<p>Der n\u00e4chste Schritt ist das Warten auf Apples offizielle Event-Einladung, die voraussichtlich Ende August verschickt wird. In den Wochen vor dem Start k\u00f6nnten zudem Zulassungsunterlagen auftauchen, die weitere Spezifikationen best\u00e4tigen.<\/p>\n\n\n\n<p>Sobald die Ger\u00e4te vorgestellt sind, werden Praxistests zeigen, ob sich die Ger\u00fcchte bewahrheiten. Bis dahin bleibt nur, die Entwicklungen zu verfolgen \u2013 das endg\u00fcltige Urteil f\u00e4llt erst, wenn wir das Ger\u00e4t in den H\u00e4nden halten und selbst testen k\u00f6nnen.<\/p>\n\n\n\n<p><\/p>\n","protected":false},"excerpt":{"rendered":"<p>Laut Ger\u00fcchten bringt das iPhone 17 Design-Updates, Leistungssteigerungen und gro\u00dfe Kamera-Upgrades \u2013 mit einer m\u00f6glichen Vorstellung Mitte September.<\/p>\n","protected":false},"author":182,"featured_media":72819,"comment_status":"closed","ping_status":"closed","sticky":false,"template":"","format":"standard","meta":{"_acf_changed":false,"footnotes":""},"categories":[160],"tags":[],"class_list":["post-72816","post","type-post","status-publish","format-standard","has-post-thumbnail","hentry","category-internet"],"acf":[],"yoast_head":"<title>iPhone 17: Erscheinung, Funktionen und Ger\u00fcchte<\/title>\n<meta name=\"description\" content=\"Ger\u00fcchte: iPhone 17 mit neuem Design, schnellerer Leistung und verbesserten Kameras. Start voraussichtlich im September 2025.\" \/>\n<meta name=\"robots\" content=\"index, follow, max-snippet:-1, max-image-preview:large, max-video-preview:-1\" \/>\n<link rel=\"canonical\" href=\"https:\/\/myroami.com\/de\/internet\/iphone-17-was-wir-bisher-wissen\/\" \/>\n<meta property=\"og:locale\" content=\"de_DE\" \/>\n<meta property=\"og:type\" content=\"article\" \/>\n<meta property=\"og:title\" content=\"iPhone 17: Erscheinung, Funktionen und Ger\u00fcchte\" \/>\n<meta property=\"og:description\" content=\"Ger\u00fcchte: iPhone 17 mit neuem Design, schnellerer Leistung und verbesserten Kameras. Start voraussichtlich im September 2025.\" \/>\n<meta property=\"og:url\" content=\"https:\/\/myroami.com\/de\/internet\/iphone-17-was-wir-bisher-wissen\/\" \/>\n<meta property=\"og:site_name\" content=\"Roami - DE\" \/>\n<meta property=\"article:published_time\" content=\"2025-08-10T21:02:23+00:00\" \/>\n<meta property=\"article:modified_time\" content=\"2025-08-10T21:02:24+00:00\" \/>\n<meta property=\"og:image\" content=\"https:\/\/myroami.com\/de\/wp-content\/uploads\/sites\/30\/2025\/08\/iPhone-17-Erscheinungsdatum-Funktionen-und-Geruechte.png\" \/>\n\t<meta property=\"og:image:width\" content=\"502\" \/>\n\t<meta property=\"og:image:height\" content=\"335\" \/>\n\t<meta property=\"og:image:type\" content=\"image\/png\" \/>\n<meta name=\"author\" content=\"Vukasin Petrovic\" \/>\n<meta name=\"twitter:card\" content=\"summary_large_image\" \/>\n<meta name=\"twitter:label1\" content=\"Verfasst von\" \/>\n\t<meta name=\"twitter:data1\" content=\"Vukasin Petrovic\" \/>\n\t<meta name=\"twitter:label2\" content=\"Gesch\u00e4tzte Lesezeit\" \/>\n\t<meta name=\"twitter:data2\" content=\"3\u00a0Minuten\" \/>","yoast_head_json":{"title":"iPhone 17: Erscheinung, Funktionen und Ger\u00fcchte","description":"Ger\u00fcchte: iPhone 17 mit neuem Design, schnellerer Leistung und verbesserten Kameras. Start voraussichtlich im September 2025.","robots":{"index":"index","follow":"follow","max-snippet":"max-snippet:-1","max-image-preview":"max-image-preview:large","max-video-preview":"max-video-preview:-1"},"canonical":"https:\/\/myroami.com\/de\/internet\/iphone-17-was-wir-bisher-wissen\/","og_locale":"de_DE","og_type":"article","og_title":"iPhone 17: Erscheinung, Funktionen und Ger\u00fcchte","og_description":"Ger\u00fcchte: iPhone 17 mit neuem Design, schnellerer Leistung und verbesserten Kameras. Start voraussichtlich im September 2025.","og_url":"https:\/\/myroami.com\/de\/internet\/iphone-17-was-wir-bisher-wissen\/","og_site_name":"Roami - DE","article_published_time":"2025-08-10T21:02:23+00:00","article_modified_time":"2025-08-10T21:02:24+00:00","og_image":[{"width":502,"height":335,"url":"https:\/\/myroami.com\/de\/wp-content\/uploads\/sites\/30\/2025\/08\/iPhone-17-Erscheinungsdatum-Funktionen-und-Geruechte.png","type":"image\/png"}],"author":"Vukasin Petrovic","twitter_card":"summary_large_image","twitter_misc":{"Verfasst von":"Vukasin Petrovic","Gesch\u00e4tzte Lesezeit":"3\u00a0Minuten"},"schema":{"@context":"https:\/\/schema.org","@graph":[{"@context":"https:\/\/schema.org","@type":"BreadcrumbList","@id":"https:\/\/myroami.com\/de\/internet\/iphone-17-was-wir-bisher-wissen\/#breadcrumb","itemListElement":[{"@type":"ListItem","position":1,"item":{"@type":"WebPage","@id":"https:\/\/myroami.com\/de\/","url":"https:\/\/myroami.com\/de\/","name":"Home"}}]}]}},"_links":{"self":[{"href":"https:\/\/myroami.com\/de\/wp-json\/wp\/v2\/posts\/72816","targetHints":{"allow":["GET"]}}],"collection":[{"href":"https:\/\/myroami.com\/de\/wp-json\/wp\/v2\/posts"}],"about":[{"href":"https:\/\/myroami.com\/de\/wp-json\/wp\/v2\/types\/post"}],"author":[{"embeddable":true,"href":"https:\/\/myroami.com\/de\/wp-json\/wp\/v2\/users\/182"}],"replies":[{"embeddable":true,"href":"https:\/\/myroami.com\/de\/wp-json\/wp\/v2\/comments?post=72816"}],"version-history":[{"count":1,"href":"https:\/\/myroami.com\/de\/wp-json\/wp\/v2\/posts\/72816\/revisions"}],"predecessor-version":[{"id":72821,"href":"https:\/\/myroami.com\/de\/wp-json\/wp\/v2\/posts\/72816\/revisions\/72821"}],"wp:featuredmedia":[{"embeddable":true,"href":"https:\/\/myroami.com\/de\/wp-json\/wp\/v2\/media\/72819"}],"wp:attachment":[{"href":"https:\/\/myroami.com\/de\/wp-json\/wp\/v2\/media?parent=72816"}],"wp:term":[{"taxonomy":"category","embeddable":true,"href":"https:\/\/myroami.com\/de\/wp-json\/wp\/v2\/categories?post=72816"},{"taxonomy":"post_tag","embeddable":true,"href":"https:\/\/myroami.com\/de\/wp-json\/wp\/v2\/tags?post=72816"}],"curies":[{"name":"wp","href":"https:\/\/api.w.org\/{rel}","templated":true}]}}