{"id":102101,"date":"2025-08-25T07:27:05","date_gmt":"2025-08-25T07:27:05","guid":{"rendered":"https:\/\/myroami.com\/es\/?p=102101"},"modified":"2026-02-18T16:18:07","modified_gmt":"2026-02-18T16:18:07","slug":"viajes-para-jubilados-y-pensionistas","status":"publish","type":"post","link":"https:\/\/myroami.com\/es\/guias-de-viaje\/viajes-para-jubilados-y-pensionistas\/","title":{"rendered":"Viajes para jubilados y pensionistas: ofertas [year]"},"content":{"rendered":"\n<p>Viajar durante la jubilaci\u00f3n no solo es posible, sino que incluso puede salir muy barato si sabes buscar. En Espa\u00f1a existen programas como el Imserso, que ofrece estancias subvencionadas desde 115\u202f\u20ac, incluyendo transporte, alojamiento, pensi\u00f3n completa y seguro m\u00e9dico. Seg\u00fan <a href=\"https:\/\/imserso.es\/espacio-mayores\/envejecimiento-activo\/programa-turismo-imserso\/objetivo-del-programa\">el Imserso<\/a>, los viajes para jubilados y pensionistas est\u00e1n disponibles por edad, viudedad o incapacidad, as\u00ed como para mayores de 65 a\u00f1os con pensi\u00f3n contributiva. <\/p>\n\n\n\n<p>Adem\u00e1s, hay otras opciones como Mundosenior, <strong>programas regionales y descuentos privados<\/strong> para mayores de 55 o 60 a\u00f1os, <strong>algunos con plazas bonificadas al 100\u202f% en casos espec\u00edficos. <\/strong>En este art\u00edculo te contamos cu\u00e1les son los requisitos, c\u00f3mo anotarte, a qu\u00e9 destinos ir y qu\u00e9 hacer para viajar seguro, c\u00f3modo y sin gastar de m\u00e1s.<\/p>\n\n\n\n<h2 class=\"wp-block-heading\">\u00bfQu\u00e9 tipos de viajes existen para jubilados y pensionistas en Espa\u00f1a?<\/h2>\n\n\n\n<p>Adem\u00e1s de las vacaciones organizadas por el Imserso, hay otras opciones pensadas para mayores de 55 o 60 a\u00f1os que combinan buen precio, comodidad y destinos accesibles.<\/p>\n\n\n\n<ol class=\"wp-block-list\">\n<li><strong>Programas oficiales<\/strong><strong><br><\/strong>\n<ul class=\"wp-block-list\">\n<li><a href=\"https:\/\/imserso.es\/espacio-mayores\/envejecimiento-activo\/programa-turismo-imserso\" target=\"_blank\" rel=\"noreferrer noopener\"><strong>Imserso<\/strong><\/a> ofrece viajes subvencionados de costa, balnearios, termales y turismo interior para mayores con pensi\u00f3n contributiva o no contributiva, viudedad o invalidez.<br><\/li>\n\n\n\n<li>Tambi\u00e9n existen <strong>programas auton\u00f3micos<\/strong>, como <a href=\"https:\/\/www.castillalamancha.es\/gobierno\/bienestarsocial\/estructura\/dgmayores\/actuaciones\/nuevo-programa-de-turismo-social-de-castilla-la-mancha\" target=\"_blank\" rel=\"noreferrer noopener\"><strong>\u201cTurismo Social\u201d <\/strong><\/a>en Castilla\u2011La Mancha, que incluyen rutas nacionales e internacionales, cruceros y estancias culturales, con precios entre 370\u202f\u20ac y 2.000\u202f\u20ac dependiendo del destino&nbsp; .<br><\/li>\n<\/ul>\n<\/li>\n\n\n\n<li><strong>Agencias especializadas en turismo senior<\/strong><strong><br><\/strong>\n<ul class=\"wp-block-list\">\n<li>Plataformas como <a href=\"https:\/\/www.mundosenior.es\/front\/home.xhtml\"><strong>Mundosenior<\/strong><\/a><strong>, <\/strong>gestionada por agencias como Barcel\u00f3 Viajes o Halc\u00f3n,&nbsp; ofrecen circuitos y estancias en Espa\u00f1a y Europa para mayores de 55 a\u00f1os con pensi\u00f3n.<\/li>\n\n\n\n<li>Otras agencias como <a href=\"https:\/\/www.clubdevacaciones.es\/\"><strong>Club de Vacaciones<\/strong><\/a> tambi\u00e9n est\u00e1n especializadas en ofrecer paquetes adaptados para mayores de 60 a\u00f1os&nbsp; .<br><\/li>\n<\/ul>\n<\/li>\n\n\n\n<li><strong>Escapadas privadas con descuentos para mayores de 60 o 65 a\u00f1os<\/strong><strong><br><\/strong>\n<ul class=\"wp-block-list\">\n<li>Agencias como <strong>Viajes El Corte Ingl\u00e9s<\/strong> o <strong>Viajes Carrefour<\/strong> ofrecen ocasionalmente promociones o paquetes exclusivos para mayores de 60 a\u00f1os, tanto a nivel nacional como internacional&nbsp; .<br><\/li>\n\n\n\n<li>Tambi\u00e9n existen operadores tur\u00edsticos online que incluyen ofertas para jubilados dentro de sus cat\u00e1logos sin ser exclusivamente senior, como el caso de plataformas con circuitos culturales o paquetes con descuentos para mayores&nbsp; .<\/li>\n<\/ul>\n<\/li>\n<\/ol>\n\n\n\n<h2 class=\"wp-block-heading\">Programas de viajes para jubilados y pensonistas en [year]<\/h2>\n\n\n\n<p>En [year], los jubilados en Espa\u00f1a pueden acceder a<strong> programas de turismo subvencionado<\/strong> con precios que var\u00edan seg\u00fan el destino, la temporada y su situaci\u00f3n econ\u00f3mica. Los precios van desde unos <strong>50\u202f\u20ac<\/strong> (para pensionistas con ingresos muy bajos) hasta aproximadamente <strong>565\u202f\u20ac<\/strong> por estancias largas con transporte incluido a destinos como Canarias.<\/p>\n\n\n\n<h3 class=\"wp-block-heading\">1. <strong>Imserso: turismo subvencionado para mayores<\/strong><\/h3>\n\n\n\n<p>El Programa de Turismo del Imserso<strong> ofrece viajes organizados con precios reducidos para personas mayores residentes en Espa\u00f1a.<\/strong> Su objetivo es promover el envejecimiento activo y mantener el empleo en el sector tur\u00edstico durante la temporada baja.<\/p>\n\n\n\n<p><strong>\u00bfQu\u00e9 incluye?<\/strong><\/p>\n\n\n\n<ul class=\"wp-block-list\">\n<li>Alojamiento, pensi\u00f3n completa, transporte, seguro m\u00e9dico b\u00e1sico, actividades culturales y atenci\u00f3n en destino.<\/li>\n<\/ul>\n\n\n\n<p><strong>Modalidades disponibles:<\/strong><\/p>\n\n\n\n<ul class=\"wp-block-list\">\n<li>Costa peninsular e insular (8 o 10 d\u00edas).<\/li>\n\n\n\n<li>Turismo interior: escapadas culturales, capitales de provincia, Ceuta o Melilla (4 a 6 d\u00edas).<\/li>\n<\/ul>\n\n\n\n<p><strong>Precios aproximados:<\/strong><\/p>\n\n\n\n<ul class=\"wp-block-list\">\n<li>Costa peninsular con transporte (10 d\u00edas): desde 309\u202f\u20ac (temporada baja).<\/li>\n\n\n\n<li>Capitales de provincia (4 d\u00edas): desde 132,91\u202f\u20ac.<\/li>\n\n\n\n<li>Circuitos culturales (6 d\u00edas): desde 312\u202f\u20ac.<br><em>Los segundos viajes en la misma temporada tienen un suplemento de 100\u202f\u20ac.<\/em><em><br><\/em><\/li>\n<\/ul>\n\n\n\n<p><strong>\u00bfQui\u00e9n puede acceder?<\/strong><\/p>\n\n\n\n<ul class=\"wp-block-list\">\n<li>Jubilados por edad, viudedad (desde 55 a\u00f1os) o invalidez.<\/li>\n\n\n\n<li>Mayores de 65 a\u00f1os con pensi\u00f3n o prestaci\u00f3n contributiva.<\/li>\n\n\n\n<li>Acompa\u00f1antes: c\u00f3nyuge, pareja de hecho o hijos con discapacidad (m\u00edn. 45\u202f%).<br><\/li>\n<\/ul>\n\n\n\n<p><strong>C\u00f3mo inscribirse:<\/strong><\/p>\n\n\n\n<p>Cada a\u00f1o se abre un plazo oficial (en 2025 fue del 1 al 23 de julio). El registro puede hacerse online o por medios autorizados. Las plazas se asignan por un sistema de puntos.<\/p>\n\n\n\n<p><strong>\u00bfHay viajes gratis?<\/strong><\/p>\n\n\n\n<p>En casos de rentas bajas y puntuaci\u00f3n alta, se puede acceder a viajes por 50\u202f\u20ac, aunque no son 100\u202f% gratuitos.<\/p>\n\n\n\n<h3 class=\"wp-block-heading\">2. <strong>Mundosenior: viajes para mayores desde 55 a\u00f1os<\/strong><\/h3>\n\n\n\n<p>Mundosenior es un programa privado de turismo s\u00e9nior impulsado por agencias como Halc\u00f3n Viajes y B Travel (Barcel\u00f3). No requiere acreditaci\u00f3n previa como el Imserso, y sus viajes est\u00e1n disponibles durante todo el a\u00f1o.<\/p>\n\n\n\n<p><strong>\u00bfQui\u00e9n puede acceder?<\/strong><\/p>\n\n\n\n<p>El titular de la reserva debe tener al menos 55 a\u00f1os y puede viajar con un acompa\u00f1ante mayor de edad compartiendo habitaci\u00f3n, aunque este no cumpla los requisitos de edad o pensi\u00f3n.<\/p>\n\n\n\n<p><strong>\u00bfQu\u00e9 destinos ofrece?<\/strong><\/p>\n\n\n\n<p>Incluye estancias y circuitos por toda Espa\u00f1a (Costas, Islas, interior) y viajes internacionales por Europa, el Mediterr\u00e1neo y otros destinos. Tambi\u00e9n organiza cruceros con tarifas especiales para mayores.<\/p>\n\n\n\n<p><strong>\u00bfQu\u00e9 est\u00e1 incluido en el precio?<\/strong><\/p>\n\n\n\n<ul class=\"wp-block-list\">\n<li>Transporte de ida y vuelta (en avi\u00f3n, tren o bus).<\/li>\n\n\n\n<li>Alojamiento en habitaci\u00f3n doble o individual, con pensi\u00f3n completa o media pensi\u00f3n.<\/li>\n\n\n\n<li>Seguro de viaje (excepto cruceros).<\/li>\n\n\n\n<li>Gu\u00eda acompa\u00f1ante o representante en destino.<\/li>\n\n\n\n<li>Traslados y comidas durante el viaje, seg\u00fan itinerario.<\/li>\n<\/ul>\n\n\n\n<p><strong>\u00bfQu\u00e9 no est\u00e1 incluido?<\/strong><\/p>\n\n\n\n<ul class=\"wp-block-list\">\n<li>Excursiones opcionales, propinas o tasas tur\u00edsticas.<\/li>\n\n\n\n<li>Extras en hoteles o documentaci\u00f3n.<\/li>\n\n\n\n<li>En cruceros, la cuota de servicio se paga aparte.<br><\/li>\n<\/ul>\n\n\n\n<p><strong>\u00bfC\u00f3mo reservar?<\/strong><\/p>\n\n\n\n<p>Puedes contratar viajes Mundosenior en agencias f\u00edsicas o directamente en su portal web oficial:<a href=\"https:\/\/www.mundosenior.es\" target=\"_blank\" rel=\"noreferrer noopener\"> www.mundosenior.es<\/a>, sin necesidad de acreditarte previamente. El proceso es sencillo y permite elegir origen, destino, fechas, tipo de habitaci\u00f3n y forma de pago.<\/p>\n\n\n\n<h3 class=\"wp-block-heading\">3. <strong>Programas auton\u00f3micos: cada comunidad tiene lo suyo<\/strong><\/h3>\n\n\n\n<p>Adem\u00e1s del Imserso y Mundosenior, muchas comunidades aut\u00f3nomas ofrecen sus propios programas de turismo para personas mayores. Suelen estar dirigidos a residentes empadronados en la regi\u00f3n, y ofrecen precios subvencionados, transporte y actividades adaptadas. Aqu\u00ed van algunos ejemplos concretos:<\/p>\n\n\n\n<h4 class=\"wp-block-heading\"><strong>Andaluc\u00eda \u2013 \u201cConoce tu Tierra\u201d<\/strong><\/h4>\n\n\n\n<p>Organizado por la Junta de Andaluc\u00eda, este programa ofrece estancias de 5 d\u00edas con alojamiento en pensi\u00f3n completa y transporte incluido. Est\u00e1 dirigido a personas mayores de 65 a\u00f1os o pensionistas, y tiene prioridad quienes se encuentren en situaci\u00f3n de vulnerabilidad.<\/p>\n\n\n\n<p>Los destinos suelen ser de playa o interior andaluz, y el precio ronda los <strong>75\u202f\u20ac por persona<\/strong>.<\/p>\n\n\n\n<p>M\u00e1s info:<a href=\"https:\/\/www.juntadeandalucia.es\/\"> <\/a><a href=\"http:\/\/juntadeandalucia.es\">juntadeandalucia.es<\/a><\/p>\n\n\n\n<h4 class=\"wp-block-heading\"><strong>Galicia \u2013 \u201cBienestar en Balnearios\u201d<\/strong><\/h4>\n\n\n\n<p>El programa de termalismo social de la Xunta de Galicia subvenciona parte del coste de estancias en balnearios gallegos durante la temporada baja. Incluye pensi\u00f3n completa, tratamientos termales y actividades.<\/p>\n\n\n\n<p>El precio var\u00eda, pero parte de unos <strong>190\u202f\u20ac por 10 d\u00edas<\/strong>, dependiendo del tipo de habitaci\u00f3n y servicios.<\/p>\n\n\n\n<p>M\u00e1s info:<a href=\"https:\/\/politicasocial.xunta.gal\/es\/recursos\/planes-y-programas\/programa-bienestar-en-balnearios\" target=\"_blank\" rel=\"noreferrer noopener\"> xunta.gal<\/a><\/p>\n\n\n\n<h4 class=\"wp-block-heading\"><strong>Comunidad Valenciana \u2013 \u201cVacaciones Sociales\u201d<\/strong><\/h4>\n\n\n\n<p>Ofrece estancias de una semana en destinos de la Comunidad con alojamiento, transporte, seguro y gu\u00eda acompa\u00f1ante. Va dirigido a personas mayores de 65 a\u00f1os, pensionistas, o mayores de 60 con discapacidad.<\/p>\n\n\n\n<p>Suele tener plazas gratuitas para personas con bajos ingresos.<\/p>\n\n\n\n<p>M\u00e1s info:<a href=\"https:\/\/serviciossociales.gva.es\/es\/web\/mayores\/vacaciones-sociales\" target=\"_blank\" rel=\"noreferrer noopener\"> gva.es<\/a><\/p>\n\n\n\n<h2 class=\"wp-block-heading\">\u200b\u200b\u00bfD\u00f3nde anotarse para viajes de jubilados?<\/h2>\n\n\n\n<p>El proceso de inscripci\u00f3n var\u00eda seg\u00fan el programa, pero en la mayor\u00eda de los casos es bastante sencillo. Aqu\u00ed te dejamos una gu\u00eda r\u00e1pida:<\/p>\n\n\n\n<ul class=\"wp-block-list\">\n<li><strong>Imserso<\/strong>: La inscripci\u00f3n se hace a trav\u00e9s de su<a href=\"https:\/\/www.imserso.es\/\" target=\"_blank\" rel=\"noreferrer noopener\"> web oficial del Imserso<\/a> o por correo postal. Las campa\u00f1as suelen abrir entre septiembre y octubre, y es importante estar pendiente de las fechas cada a\u00f1o. Si ya est\u00e1s inscrito de a\u00f1os anteriores, solo debes confirmar tus datos cuando se abra el plazo.<br><\/li>\n\n\n\n<li><strong>Mundosenior<\/strong>: Puedes reservar directamente desde su<a href=\"https:\/\/www.mundosenior.es\/\" target=\"_blank\" rel=\"noreferrer noopener\"> portal online<\/a> o acudir a agencias de viaje asociadas como Halc\u00f3n Viajes o B travel. No requiere acreditaci\u00f3n previa, pero es recomendable reservar con antelaci\u00f3n porque las plazas se agotan r\u00e1pido.<br><\/li>\n\n\n\n<li><strong>Programas auton\u00f3micos<\/strong>: En comunidades como Andaluc\u00eda, Galicia o Valencia, los programas se gestionan a trav\u00e9s de las <strong>oficinas del mayor<\/strong>, servicios sociales municipales o portales espec\u00edficos. Aqu\u00ed algunos enlaces \u00fatiles:<br>\n<ul class=\"wp-block-list\">\n<li><a href=\"https:\/\/www.juntadeandalucia.es\/presidencia\/portavoz\/social\/128853\/abierto\/plazo\/solicitar\/estancia\/residencias\/libre\/semana\/santa\/temporada\/verano\" target=\"_blank\" rel=\"noreferrer noopener\">Programa Conoce tu Tierra (Andaluc\u00eda)&nbsp;<\/a><\/li>\n\n\n\n<li><a href=\"https:\/\/politicasocial.xunta.gal\/es\/recursos\/planes-y-programas\/programa-bienestar-en-balnearios\" target=\"_blank\" rel=\"noreferrer noopener\">Programa Bienestar en Balnearios (Galicia)<\/a><\/li>\n\n\n\n<li><a href=\"https:\/\/inclusio.gva.es\/es\/web\/mayores\/vacaciones-sociales\" target=\"_blank\" rel=\"noreferrer noopener\">Turismo Social de la Generalitat Valenciana (CV)<br><\/a><\/li>\n<\/ul>\n<\/li>\n\n\n\n<li><strong>Recomendaci\u00f3n<\/strong>: Si es la primera vez que accedes a estos programas, <strong>reg\u00edstrate cuanto antes<\/strong> en las listas previas (sobre todo para el Imserso) para no quedarte fuera en la campa\u00f1a anual. En muchos casos, hay m\u00e1s demanda que plazas disponibles.<\/li>\n<\/ul>\n\n\n\n<h2 class=\"wp-block-heading\">\u00bfQu\u00e9 jubilados viajan gratis o con mayores descuentos?<\/h2>\n\n\n\n<p>El Programa de Turismo del Imserso ha introducido medidas para garantizar el acceso a viajes a personas mayores con recursos econ\u00f3micos limitados:<\/p>\n\n\n\n<ul class=\"wp-block-list\">\n<li><strong>Tarifa plana de 50\u202f\u20ac<\/strong>: Se han reservado <strong>7.447 plazas<\/strong> para pensionistas con ingresos iguales o inferiores a la pensi\u00f3n no contributiva. Estas plazas incluyen alojamiento, pensi\u00f3n completa, seguro y transporte, sin variaci\u00f3n de precio seg\u00fan destino o duraci\u00f3n.<br><\/li>\n\n\n\n<li><strong>Plazas 100\u202f% bonificadas en programas regionales<\/strong>: Algunos programas auton\u00f3micos ofrecen viajes gratuitos o subvencionados para jubilados en situaci\u00f3n de dependencia o vulnerabilidad, aunque estos var\u00edan seg\u00fan la comunidad y suelen requerir comprobaci\u00f3n de ingresos o condiciones espec\u00edficas.<br><\/li>\n\n\n\n<li><strong>Beneficios para acompa\u00f1antes con dependencia<\/strong>: En el programa del Imserso, los acompa\u00f1antes pueden viajar cuando se trata de c\u00f3nyuge, pareja de hecho o hijos con discapacidad (probada de m\u00ednimo 45\u202f%), compartiendo habitaci\u00f3n, sin que necesariamente cumplan los criterios de pensi\u00f3n.<\/li>\n<\/ul>\n\n\n\n<h2 class=\"wp-block-heading\">Destinos ideales para jubilados: escapadas tranquilas y accesibles<\/h2>\n\n\n\n<p>No hace falta cruzar el mundo para disfrutar de un viaje relajado, con buen clima, cultura y opciones ideales para personas mayores. Estos destinos tienen buena conectividad, infraestructura accesible y actividades adecuadas.<\/p>\n\n\n\n<h3 class=\"wp-block-heading\"><strong>Destinos en Espa\u00f1a<\/strong><\/h3>\n\n\n\n<ul class=\"wp-block-list\">\n<li><strong>Costa del Sol (Torremolinos, Benalm\u00e1dena)<br><\/strong>Playas de f\u00e1cil acceso, hoteles con pensi\u00f3n completa y un clima suave durante todo el a\u00f1o. Perfecto para descansar o caminar por el paseo mar\u00edtimo.<br><\/li>\n\n\n\n<li><strong>Costa Blanca (Benidorm, Gand\u00eda)<\/strong><strong><br><\/strong>Conocidos por su ambiente senior, cuentan con alojamientos adaptados, oferta cultural y servicios m\u00e9dicos cercanos.<br><\/li>\n\n\n\n<li><strong>Costa Dorada (Salou, Cambrils)<\/strong><strong><br><\/strong>Zonas tranquilas, buena gastronom\u00eda y transporte c\u00f3modo desde grandes ciudades. Ideales para viajes de pocos d\u00edas.<br><\/li>\n\n\n\n<li><strong>Balnearios de Galicia y Ourense<\/strong><strong><br><\/strong>Una opci\u00f3n para quienes buscan salud y bienestar. Los circuitos termales son ideales para articulaciones, respiraci\u00f3n o relajaci\u00f3n general.<br><\/li>\n\n\n\n<li><strong>Rutas culturales: Salamanca, Granada, Toledo<\/strong><strong><br><\/strong>Ciudades con encanto hist\u00f3rico, opciones de visitas guiadas y f\u00e1cil recorrido a pie o en transporte tur\u00edstico.<br><\/li>\n\n\n\n<li><strong>Islas Baleares y Canarias (fuera de temporada alta)<\/strong><strong><br><\/strong>Al salir de los meses m\u00e1s tur\u00edsticos, ofrecen tranquilidad, clima agradable y paquetes asequibles para estancias m\u00e1s largas.<br><\/li>\n<\/ul>\n\n\n\n<figure data-wp-context=\"{&quot;imageId&quot;:&quot;69f2f4ddcd53d&quot;}\" data-wp-interactive=\"core\/image\" data-wp-key=\"69f2f4ddcd53d\" class=\"wp-block-image size-full wp-lightbox-container\"><img loading=\"lazy\" decoding=\"async\" width=\"1000\" height=\"640\" data-wp-class--hide=\"state.isContentHidden\" data-wp-class--show=\"state.isContentVisible\" data-wp-init=\"callbacks.setButtonStyles\" data-wp-on--click=\"actions.showLightbox\" data-wp-on--load=\"callbacks.setButtonStyles\" data-wp-on-window--resize=\"callbacks.setButtonStyles\" src=\"https:\/\/myroami.com\/es\/wp-content\/uploads\/sites\/33\/2025\/03\/Serra-de-Tramuntana-Mallorca.jpg\" alt=\"Mallorca, vista panor\u00e1mica\" class=\"wp-image-96938\" srcset=\"https:\/\/myroami.com\/es\/wp-content\/uploads\/sites\/33\/2025\/03\/Serra-de-Tramuntana-Mallorca.jpg 1000w, https:\/\/myroami.com\/es\/wp-content\/uploads\/sites\/33\/2025\/03\/Serra-de-Tramuntana-Mallorca-300x192.jpg 300w, https:\/\/myroami.com\/es\/wp-content\/uploads\/sites\/33\/2025\/03\/Serra-de-Tramuntana-Mallorca-768x492.jpg 768w\" sizes=\"auto, (max-width: 1000px) 100vw, 1000px\" \/><button\n\t\t\tclass=\"lightbox-trigger\"\n\t\t\ttype=\"button\"\n\t\t\taria-haspopup=\"dialog\"\n\t\t\taria-label=\"Agrandar\"\n\t\t\tdata-wp-init=\"callbacks.initTriggerButton\"\n\t\t\tdata-wp-on--click=\"actions.showLightbox\"\n\t\t\tdata-wp-style--right=\"state.imageButtonRight\"\n\t\t\tdata-wp-style--top=\"state.imageButtonTop\"\n\t\t>\n\t\t\t<svg xmlns=\"http:\/\/www.w3.org\/2000\/svg\" width=\"12\" height=\"12\" fill=\"none\" viewBox=\"0 0 12 12\">\n\t\t\t\t<path fill=\"#fff\" d=\"M2 0a2 2 0 0 0-2 2v2h1.5V2a.5.5 0 0 1 .5-.5h2V0H2Zm2 10.5H2a.5.5 0 0 1-.5-.5V8H0v2a2 2 0 0 0 2 2h2v-1.5ZM8 12v-1.5h2a.5.5 0 0 0 .5-.5V8H12v2a2 2 0 0 1-2 2H8Zm2-12a2 2 0 0 1 2 2v2h-1.5V2a.5.5 0 0 0-.5-.5H8V0h2Z\" \/>\n\t\t\t<\/svg>\n\t\t<\/button><\/figure>\n\n\n\n<h3 class=\"wp-block-heading\"><strong>Destinos en Europa<\/strong><\/h3>\n\n\n\n<ul class=\"wp-block-list\">\n<li><strong>Italia (Roma, Florencia, Sicilia en primavera u oto\u00f1o)<\/strong><strong><br><\/strong>Ideal para amantes del arte, la buena comida y los paseos por ciudades llenas de historia.<br><\/li>\n\n\n\n<li><strong>Portugal (Oporto, Lisboa, Algarve)<\/strong><strong><br><\/strong>Pa\u00eds vecino, acogedor y con muchas opciones para mayores de 60, incluso en hoteles o excursiones adaptadas.<br><\/li>\n\n\n\n<li><strong>Francia (Burdeos, Carcasona, Costa Azul)<\/strong><strong><br><\/strong>Perfectas para una escapada cultural o para quienes prefieren el sur de Francia sin aglomeraciones.<br><\/li>\n\n\n\n<li><strong>Grecia (Atenas y islas sin aglomeraciones)<\/strong><strong><br><\/strong>Una buena opci\u00f3n fuera del verano. Ideal para combinar turismo arqueol\u00f3gico con descanso junto al mar.<br><\/li>\n\n\n\n<li><strong>Cruceros por el Mediterr\u00e1neo con tarifas especiales<\/strong><strong><br><\/strong>Todo incluido, sin necesidad de cargar equipaje ni cambiar de hotel. Muchos itinerarios incluyen asistencia m\u00e9dica y gu\u00eda a bordo.<\/li>\n<\/ul>\n\n\n\n<figure data-wp-context=\"{&quot;imageId&quot;:&quot;69f2f4ddcda9c&quot;}\" data-wp-interactive=\"core\/image\" data-wp-key=\"69f2f4ddcda9c\" class=\"wp-block-image size-full wp-lightbox-container\"><img loading=\"lazy\" decoding=\"async\" width=\"851\" height=\"479\" data-wp-class--hide=\"state.isContentHidden\" data-wp-class--show=\"state.isContentVisible\" data-wp-init=\"callbacks.setButtonStyles\" data-wp-on--click=\"actions.showLightbox\" data-wp-on--load=\"callbacks.setButtonStyles\" data-wp-on-window--resize=\"callbacks.setButtonStyles\" src=\"https:\/\/myroami.com\/es\/wp-content\/uploads\/sites\/33\/2025\/02\/best-time-to-visit-greece-hero.png\" alt=\"best time to visit greece hero\" class=\"wp-image-68189\" srcset=\"https:\/\/myroami.com\/es\/wp-content\/uploads\/sites\/33\/2025\/02\/best-time-to-visit-greece-hero.png 851w, https:\/\/myroami.com\/es\/wp-content\/uploads\/sites\/33\/2025\/02\/best-time-to-visit-greece-hero-300x169.png 300w, https:\/\/myroami.com\/es\/wp-content\/uploads\/sites\/33\/2025\/02\/best-time-to-visit-greece-hero-768x432.png 768w, https:\/\/myroami.com\/es\/wp-content\/uploads\/sites\/33\/2025\/02\/best-time-to-visit-greece-hero-600x338.png 600w\" sizes=\"auto, (max-width: 851px) 100vw, 851px\" \/><button\n\t\t\tclass=\"lightbox-trigger\"\n\t\t\ttype=\"button\"\n\t\t\taria-haspopup=\"dialog\"\n\t\t\taria-label=\"Agrandar\"\n\t\t\tdata-wp-init=\"callbacks.initTriggerButton\"\n\t\t\tdata-wp-on--click=\"actions.showLightbox\"\n\t\t\tdata-wp-style--right=\"state.imageButtonRight\"\n\t\t\tdata-wp-style--top=\"state.imageButtonTop\"\n\t\t>\n\t\t\t<svg xmlns=\"http:\/\/www.w3.org\/2000\/svg\" width=\"12\" height=\"12\" fill=\"none\" viewBox=\"0 0 12 12\">\n\t\t\t\t<path fill=\"#fff\" d=\"M2 0a2 2 0 0 0-2 2v2h1.5V2a.5.5 0 0 1 .5-.5h2V0H2Zm2 10.5H2a.5.5 0 0 1-.5-.5V8H0v2a2 2 0 0 0 2 2h2v-1.5ZM8 12v-1.5h2a.5.5 0 0 0 .5-.5V8H12v2a2 2 0 0 1-2 2H8Zm2-12a2 2 0 0 1 2 2v2h-1.5V2a.5.5 0 0 0-.5-.5H8V0h2Z\" \/>\n\t\t\t<\/svg>\n\t\t<\/button><\/figure>\n\n\n\n<h2 class=\"wp-block-heading\">5<strong> consejos para viajar c\u00f3modo y seguro siendo jubilado o pensionista<\/strong><\/h2>\n\n\n\n<p>Una buena planificaci\u00f3n hace toda la diferencia cuando se trata de viajar con tranquilidad. Aqu\u00ed algunos consejos b\u00e1sicos para mejorar la experiencia:<\/p>\n\n\n\n<ol class=\"wp-block-list\">\n<li><strong>Contrata un seguro m\u00e9dico internacional o aseg\u00farate de tener cobertura europea:<\/strong><strong><br><\/strong>En caso de enfermedad o accidente, te ahorrar\u00e1s muchos dolores de cabeza (y gastos).<br><\/li>\n\n\n\n<li><strong>Evita la temporada alta:<\/strong><strong><br><\/strong>Viajar en primavera u oto\u00f1o no solo es m\u00e1s barato, tambi\u00e9n hay menos aglomeraciones y el clima es m\u00e1s agradable.<br><\/li>\n\n\n\n<li><strong>Elige alojamientos accesibles:<\/strong><strong><br><\/strong>Verifica que el hotel tenga ascensor, rampas o ba\u00f1os adaptados si lo necesitas. Muchos portales permiten filtrar por accesibilidad.<br><\/li>\n\n\n\n<li><strong>Revisa bien las condiciones de cancelaci\u00f3n:<\/strong><strong><br><\/strong>Viajar con flexibilidad es clave. Aseg\u00farate de poder modificar o anular sin perder dinero si algo cambia.<br><\/li>\n\n\n\n<li><strong>Considera usar una <a href=\"https:\/\/myroami.com\/es\/esim\/que-es-una-esim-y-como-funciona\/\" target=\"_blank\" rel=\"noreferrer noopener\">eSIM<\/a> para conectarte sin pagar roaming:<br><\/strong>Una eSIM es simplemente un chip virtual para tener conectividad en el m\u00f3vil. Opciones como Holafly permiten tener internet desde que aterrizas, sin preocuparte por tarifas extra. \u00datil para ver mapas y hacer videollamadas durante el viaje. <br><\/li>\n<\/ol>\n\n\n\n<p>Aqu\u00ed tienes una comparativa de las eSIMs m\u00e1s populares para Europa en primavera\/verano [year]:<\/p>\n\n\n\n<figure class=\"wp-block-table\"><table class=\"has-fixed-layout\"><tbody><tr><td><strong>Proveedor<\/strong><\/td><td><strong>D\u00edas<\/strong><\/td><td><strong>GB incluidos<\/strong><\/td><td><strong>Precio<\/strong><\/td><td><strong>Tipo de plan<\/strong><\/td><td><strong>Ideal para\u2026<\/strong><\/td><\/tr><tr><td><strong><a href=\"https:\/\/myroami.com\/es\/resenas\/esim-airalo\/\" target=\"_blank\" rel=\"noreferrer noopener\">Airalo<\/a><\/strong><\/td><td>7<\/td><td>1\u202fGB<\/td><td>4\u202f\u20ac<\/td><td>Local&nbsp;<\/td><td>Escapadas cortas con poco uso de datos<\/td><\/tr><tr><td><strong><a href=\"https:\/\/myroami.com\/es\/resenas\/nomad-esim\/\" target=\"_blank\" rel=\"noreferrer noopener\">Nomad<\/a><\/strong><\/td><td>7<\/td><td>1\u202fGB<\/td><td>4,70\u202f\u20ac<\/td><td>Local<\/td><td>Muy econ\u00f3mico para usar WhatsApp y mapas<\/td><\/tr><tr><td><strong><a href=\"https:\/\/myroami.com\/es\/esim\/esim-holafly\/\" target=\"_blank\" rel=\"noreferrer noopener\">Holafly<\/a><\/strong><\/td><td>7<\/td><td>Ilimitados<\/td><td>26,90\u202f\u20ac<\/td><td>Europa (multi-pa\u00eds)<\/td><td>Datos sin preocuparte por el l\u00edmite<\/td><\/tr><tr><td><strong><a href=\"https:\/\/myroami.com\/es\/esim\/esim-ubigi\/\" target=\"_blank\" rel=\"noreferrer noopener\">Ubigi<\/a><\/strong><\/td><td>15<\/td><td>3\u202fGB<\/td><td>~17,60\u202f\u20ac <em>(19\u202fUSD)<\/em><\/td><td>Europa (multi-pa\u00eds)<\/td><td>Estancias medias con uso moderado<\/td><\/tr><\/tbody><\/table><\/figure>\n\n\n\n<h2 class=\"wp-block-heading\"><strong>Preguntas frecuentes<\/strong><\/h2>\n\n\n\n<h3 class=\"wp-block-heading\"><strong>\u00bfD\u00f3nde anotarse para viajes de jubilados?<\/strong><\/h3>\n\n\n\n<p>Depende del programa:<\/p>\n\n\n\n<ul class=\"wp-block-list\">\n<li><strong>Imserso<\/strong>: puedes inscribirte en su<a href=\"https:\/\/www.imserso.es\" target=\"_blank\" rel=\"noreferrer noopener\"> web oficial<\/a> o por correo, durante las campa\u00f1as anuales (normalmente en septiembre u octubre).<br><\/li>\n\n\n\n<li><strong>Mundosenior<\/strong>: reservas directas a trav\u00e9s de<a href=\"https:\/\/www.mundosenior.es\" target=\"_blank\" rel=\"noreferrer noopener\"> www.mundosenior.es<\/a> o agencias de viaje colaboradoras (Barcel\u00f3, Halc\u00f3n, etc.).<br><\/li>\n\n\n\n<li><strong>Programas auton\u00f3micos<\/strong>: consulta en oficinas del mayor, centros de servicios sociales o webs oficiales de cada comunidad (ej. Junta de Andaluc\u00eda, Xunta de Galicia, etc.).<\/li>\n<\/ul>\n\n\n\n<h3 class=\"wp-block-heading\"><strong>\u00bfQu\u00e9 jubilados viajan gratis?<\/strong><\/h3>\n\n\n\n<p>Algunos programas ofrecen <strong>plazas bonificadas al 100%<\/strong> a pensionistas con ingresos m\u00ednimos o en situaci\u00f3n de vulnerabilidad; personas con discapacidad reconocida; viudos\/as con pensi\u00f3n no contributiva o acompa\u00f1antes con grado de dependencia (en programas espec\u00edficos).<\/p>\n\n\n\n<p>Consulta los requisitos actualizados en el<a href=\"https:\/\/www.imserso.es\" target=\"_blank\" rel=\"noreferrer noopener\"> portal del Imserso<\/a> o servicios sociales auton\u00f3micos.<\/p>\n\n\n\n<h3 class=\"wp-block-heading\"><strong>\u00bfQu\u00e9 edad hay que tener para viajar con Mundosenior?<\/strong><\/h3>\n\n\n\n<p>El titular debe tener al menos <strong>55 a\u00f1os<\/strong>. Puede viajar con un acompa\u00f1ante mayor de edad, aunque este no sea pensionista, siempre que compartan habitaci\u00f3n.<\/p>\n\n\n\n<h3 class=\"wp-block-heading\"><strong>\u00bfQu\u00e9 usuarios tienen derecho a la bonificaci\u00f3n del 50% en los viajes del Imserso?<\/strong><\/h3>\n\n\n\n<p>Los beneficiarios son:<\/p>\n\n\n\n<ul class=\"wp-block-list\">\n<li>Pensionistas de jubilaci\u00f3n, viudedad o incapacidad permanente.<br>Mayores de 65 a\u00f1os.<br>Espa\u00f1oles emigrantes retornados.<\/li>\n\n\n\n<li>Acompa\u00f1antes del beneficiario que tambi\u00e9n cumplan los requisitos.<br><\/li>\n<\/ul>\n\n\n\n<p>Todos deben tener residencia en Espa\u00f1a y recibir una pensi\u00f3n del sistema p\u00fablico. M\u00e1s info<a href=\"https:\/\/www.imserso.es\/interior\/pensionistas_beneficiarios\/index.htm\" target=\"_blank\" rel=\"noreferrer noopener\"> aqu\u00ed<\/a>.<\/p>\n\n\n\n<h3 class=\"wp-block-heading\"><strong>\u00bfQu\u00e9 destinos son ideales para mayores?<\/strong><\/h3>\n\n\n\n<p>Los m\u00e1s populares por accesibilidad, clima y servicios adaptados son:<\/p>\n\n\n\n<ul class=\"wp-block-list\">\n<li><strong>En Espa\u00f1a<\/strong>: Benidorm, Torremolinos, Gand\u00eda, Ourense, Toledo, Canarias y Baleares (fuera de temporada).<br><\/li>\n\n\n\n<li><strong>En Europa<\/strong>: Roma, Oporto, Burdeos, Atenas, y cruceros por el Mediterr\u00e1neo.<\/li>\n<\/ul>\n\n\n\n<p>Consulta la secci\u00f3n completa de destinos ideales para jubilados.<\/p>\n\n\n\n<h3 class=\"wp-block-heading\"><strong>\u00bfPueden viajar con acompa\u00f1ante?<\/strong><\/h3>\n\n\n\n<p>S\u00ed. En la mayor\u00eda de programas (Imserso, Mundosenior, auton\u00f3micos), se permite viajar con un acompa\u00f1ante si:<\/p>\n\n\n\n<ul class=\"wp-block-list\">\n<li>Tambi\u00e9n cumple los requisitos.<br>Es mayor de edad y comparte habitaci\u00f3n.<br><\/li>\n\n\n\n<li>En algunos casos, puede ser persona de apoyo con dependencia o discapacidad.<br><\/li>\n<\/ul>\n\n\n\n<h3 class=\"wp-block-heading\"><strong>\u00bfHay opciones fuera de Espa\u00f1a?<\/strong><\/h3>\n\n\n\n<p>S\u00ed. Adem\u00e1s de los destinos nacionales, algunos programas como <strong>Mundosenior<\/strong> y agencias especializadas ofrecen viajes por Europa (Italia, Portugal, Grecia, Francia), cruceros y rutas culturales con precios accesibles para mayores de 55 a\u00f1os.<\/p>\n","protected":false},"excerpt":{"rendered":"<p>Si eres jubilado o pensionista, puedes viajar por Espa\u00f1a o Europa con descuentos de hasta el 50%, pensi\u00f3n completa incluida, \u00a1incluso gratis en algunos casos! Te explicamos c\u00f3mo acceder a programas como Imserso, Mundosenior o planes regionales.<\/p>\n","protected":false},"author":197,"featured_media":96806,"comment_status":"closed","ping_status":"closed","sticky":false,"template":"","format":"standard","meta":{"_acf_changed":false,"footnotes":""},"categories":[189],"tags":[],"class_list":["post-102101","post","type-post","status-publish","format-standard","has-post-thumbnail","hentry","category-guias-de-viaje"],"acf":[],"yoast_head":"<title>Viajes para jubilados y pensionistas: ofertas [year] - Roami - ES<\/title>\n<meta name=\"description\" content=\"Desde estancias con pensi\u00f3n completa hasta viajes gratuitos en casos concretos: descubre las opciones para jubilados y c\u00f3mo acceder en [year]\" \/>\n<meta name=\"robots\" content=\"index, follow, max-snippet:-1, max-image-preview:large, max-video-preview:-1\" \/>\n<link rel=\"canonical\" href=\"https:\/\/myroami.com\/es\/guias-de-viaje\/viajes-para-jubilados-y-pensionistas\/\" \/>\n<meta property=\"og:locale\" content=\"es_ES\" \/>\n<meta property=\"og:type\" content=\"article\" \/>\n<meta property=\"og:title\" content=\"Viajes para jubilados y pensionistas: ofertas [year] - Roami - ES\" \/>\n<meta property=\"og:description\" content=\"Desde estancias con pensi\u00f3n completa hasta viajes gratuitos en casos concretos: descubre las opciones para jubilados y c\u00f3mo acceder en [year]\" \/>\n<meta property=\"og:url\" content=\"https:\/\/myroami.com\/es\/guias-de-viaje\/viajes-para-jubilados-y-pensionistas\/\" \/>\n<meta property=\"og:site_name\" content=\"Roami - ES\" \/>\n<meta property=\"article:published_time\" content=\"2025-08-25T07:27:05+00:00\" \/>\n<meta property=\"article:modified_time\" content=\"2026-02-18T16:18:07+00:00\" \/>\n<meta property=\"og:image\" content=\"http:\/\/myroami.com\/es\/wp-content\/uploads\/sites\/33\/2025\/03\/grupo_viaje_auroras_boreales.jpg\" \/>\n\t<meta property=\"og:image:width\" content=\"1000\" \/>\n\t<meta property=\"og:image:height\" content=\"674\" \/>\n\t<meta property=\"og:image:type\" content=\"image\/jpeg\" \/>\n<meta name=\"author\" content=\"Carlos F.\" \/>\n<meta name=\"twitter:card\" content=\"summary_large_image\" \/>\n<meta name=\"twitter:label1\" content=\"Escrito por\" \/>\n\t<meta name=\"twitter:data1\" content=\"Carlos F.\" \/>\n\t<meta name=\"twitter:label2\" content=\"Tiempo de lectura\" \/>\n\t<meta name=\"twitter:data2\" content=\"12 minutos\" \/>","yoast_head_json":{"title":"Viajes para jubilados y pensionistas: ofertas [year] - Roami - ES","description":"Desde estancias con pensi\u00f3n completa hasta viajes gratuitos en casos concretos: descubre las opciones para jubilados y c\u00f3mo acceder en [year]","robots":{"index":"index","follow":"follow","max-snippet":"max-snippet:-1","max-image-preview":"max-image-preview:large","max-video-preview":"max-video-preview:-1"},"canonical":"https:\/\/myroami.com\/es\/guias-de-viaje\/viajes-para-jubilados-y-pensionistas\/","og_locale":"es_ES","og_type":"article","og_title":"Viajes para jubilados y pensionistas: ofertas [year] - Roami - ES","og_description":"Desde estancias con pensi\u00f3n completa hasta viajes gratuitos en casos concretos: descubre las opciones para jubilados y c\u00f3mo acceder en [year]","og_url":"https:\/\/myroami.com\/es\/guias-de-viaje\/viajes-para-jubilados-y-pensionistas\/","og_site_name":"Roami - ES","article_published_time":"2025-08-25T07:27:05+00:00","article_modified_time":"2026-02-18T16:18:07+00:00","og_image":[{"width":1000,"height":674,"url":"http:\/\/myroami.com\/es\/wp-content\/uploads\/sites\/33\/2025\/03\/grupo_viaje_auroras_boreales.jpg","type":"image\/jpeg"}],"author":"Carlos F.","twitter_card":"summary_large_image","twitter_misc":{"Escrito por":"Carlos F.","Tiempo de lectura":"12 minutos"},"schema":{"@context":"https:\/\/schema.org","@graph":[{"@context":"https:\/\/schema.org","@type":"BreadcrumbList","@id":"https:\/\/myroami.com\/es\/guias-de-viaje\/viajes-para-jubilados-y-pensionistas\/#breadcrumb","itemListElement":[{"@type":"ListItem","position":1,"item":{"@type":"WebPage","@id":"https:\/\/myroami.com\/es\/","url":"https:\/\/myroami.com\/es\/","name":"Home"}}]}]}},"_links":{"self":[{"href":"https:\/\/myroami.com\/es\/wp-json\/wp\/v2\/posts\/102101","targetHints":{"allow":["GET"]}}],"collection":[{"href":"https:\/\/myroami.com\/es\/wp-json\/wp\/v2\/posts"}],"about":[{"href":"https:\/\/myroami.com\/es\/wp-json\/wp\/v2\/types\/post"}],"author":[{"embeddable":true,"href":"https:\/\/myroami.com\/es\/wp-json\/wp\/v2\/users\/197"}],"replies":[{"embeddable":true,"href":"https:\/\/myroami.com\/es\/wp-json\/wp\/v2\/comments?post=102101"}],"version-history":[{"count":3,"href":"https:\/\/myroami.com\/es\/wp-json\/wp\/v2\/posts\/102101\/revisions"}],"predecessor-version":[{"id":107925,"href":"https:\/\/myroami.com\/es\/wp-json\/wp\/v2\/posts\/102101\/revisions\/107925"}],"wp:featuredmedia":[{"embeddable":true,"href":"https:\/\/myroami.com\/es\/wp-json\/wp\/v2\/media\/96806"}],"wp:attachment":[{"href":"https:\/\/myroami.com\/es\/wp-json\/wp\/v2\/media?parent=102101"}],"wp:term":[{"taxonomy":"category","embeddable":true,"href":"https:\/\/myroami.com\/es\/wp-json\/wp\/v2\/categories?post=102101"},{"taxonomy":"post_tag","embeddable":true,"href":"https:\/\/myroami.com\/es\/wp-json\/wp\/v2\/tags?post=102101"}],"curies":[{"name":"wp","href":"https:\/\/api.w.org\/{rel}","templated":true}]}}