{"id":73989,"date":"2025-08-03T09:27:08","date_gmt":"2025-08-03T09:27:08","guid":{"rendered":"https:\/\/myroami.com\/fr\/?p=73989"},"modified":"2025-08-08T14:51:18","modified_gmt":"2025-08-08T14:51:18","slug":"quand-partir-en-autriche","status":"publish","type":"post","link":"https:\/\/myroami.com\/fr\/voyage\/quand-partir-en-autriche\/","title":{"rendered":"Meilleure p\u00e9riode pour visiter l\u2019Autriche\u202f- le guide complet\u00a0"},"content":{"rendered":"\n<p>Avec ses paysages alpins \u00e0 couper le souffle et sa richesse culturelle incomparable, l\u2019Autriche s\u2019impose encore une fois comme une destination phare sur la carte mondiale du voyage. D\u2019apr\u00e8s Europe-data, le pays a battu des records touristiques en 2024, attirant <strong>46,71\u202fmillions de visiteurs<\/strong> et totalisant 154,29\u202fmillions de nuit\u00e9es dans l\u2019ensemble du territoire.&nbsp;<\/p>\n\n\n\n<figure data-wp-context=\"{&quot;imageId&quot;:&quot;69efa8d8c5af1&quot;}\" data-wp-interactive=\"core\/image\" data-wp-key=\"69efa8d8c5af1\" class=\"wp-block-image size-large wp-lightbox-container\"><img loading=\"lazy\" decoding=\"async\" width=\"1024\" height=\"576\" data-wp-class--hide=\"state.isContentHidden\" data-wp-class--show=\"state.isContentVisible\" data-wp-init=\"callbacks.setButtonStyles\" data-wp-on--click=\"actions.showLightbox\" data-wp-on--load=\"callbacks.setButtonStyles\" data-wp-on-window--resize=\"callbacks.setButtonStyles\" src=\"https:\/\/myroami.com\/fr\/wp-content\/uploads\/sites\/35\/2025\/07\/quand-partir-en-autriche-statistiques-tourisme-2024-1024x576.png\" alt=\"Statistiques du tourisme en Autriche en 2024 sur fond de village alpin \u2013 quand partir en Autriche\" class=\"wp-image-74000\" srcset=\"https:\/\/myroami.com\/fr\/wp-content\/uploads\/sites\/35\/2025\/07\/quand-partir-en-autriche-statistiques-tourisme-2024-1024x576.png 1024w, https:\/\/myroami.com\/fr\/wp-content\/uploads\/sites\/35\/2025\/07\/quand-partir-en-autriche-statistiques-tourisme-2024-300x169.png 300w, https:\/\/myroami.com\/fr\/wp-content\/uploads\/sites\/35\/2025\/07\/quand-partir-en-autriche-statistiques-tourisme-2024-768x432.png 768w, https:\/\/myroami.com\/fr\/wp-content\/uploads\/sites\/35\/2025\/07\/quand-partir-en-autriche-statistiques-tourisme-2024.png 1365w\" sizes=\"auto, (max-width: 1024px) 100vw, 1024px\" \/><button\n\t\t\tclass=\"lightbox-trigger\"\n\t\t\ttype=\"button\"\n\t\t\taria-haspopup=\"dialog\"\n\t\t\taria-label=\"Agrandir\"\n\t\t\tdata-wp-init=\"callbacks.initTriggerButton\"\n\t\t\tdata-wp-on--click=\"actions.showLightbox\"\n\t\t\tdata-wp-style--right=\"state.imageButtonRight\"\n\t\t\tdata-wp-style--top=\"state.imageButtonTop\"\n\t\t>\n\t\t\t<svg xmlns=\"http:\/\/www.w3.org\/2000\/svg\" width=\"12\" height=\"12\" fill=\"none\" viewBox=\"0 0 12 12\">\n\t\t\t\t<path fill=\"#fff\" d=\"M2 0a2 2 0 0 0-2 2v2h1.5V2a.5.5 0 0 1 .5-.5h2V0H2Zm2 10.5H2a.5.5 0 0 1-.5-.5V8H0v2a2 2 0 0 0 2 2h2v-1.5ZM8 12v-1.5h2a.5.5 0 0 0 .5-.5V8H12v2a2 2 0 0 1-2 2H8Zm2-12a2 2 0 0 1 2 2v2h-1.5V2a.5.5 0 0 0-.5-.5H8V0h2Z\" \/>\n\t\t\t<\/svg>\n\t\t<\/button><\/figure>\n\n\n\n<h2 class=\"wp-block-heading\"><strong>Quelle est la meilleure saison pour visiter l'Autriche&nbsp;?&nbsp;<\/strong><\/h2>\n\n\n\n<p>La meilleure p\u00e9riode pour partir en Autriche d\u00e9pend avant tout de vos envies\u202f! Que vous soyez adepte de randonn\u00e9es estivales, de descentes en ski ou d\u2019escapades culturelles, l\u2019Autriche a de quoi vous combler tout au long de l\u2019ann\u00e9e.&nbsp;<\/p>\n\n\n\n<h3 class=\"wp-block-heading\"><strong>Haute saison (juin \u00e0 ao\u00fbt)&nbsp;<\/strong><\/h3>\n\n\n\n<p>Si vous aimez les aventures en plein air et les ambiances anim\u00e9es, l\u2019\u00e9t\u00e9 est une excellente p\u00e9riode pour explorer l\u2019Autriche. Les temp\u00e9ratures agr\u00e9ables <strong>entre<\/strong> <strong>20\u202f\u00b0C et 30\u202f\u00b0C<\/strong> se pr\u00eatent parfaitement aux randonn\u00e9es dans les Alpes, \u00e0 la baignade dans des lacs cristallins ou \u00e0 la d\u00e9couverte de villes pittoresques comme <strong>Salzbourg<\/strong> ou <strong>Innsbruck<\/strong>.<\/p>\n\n\n\n<p>C\u2019est aussi la saison des festivals, avec des \u00e9v\u00e9nements embl\u00e9matiques comme le <strong>Festival de Salzbourg<\/strong> ou de nombreux concerts en plein air. En contrepartie, attendez-vous \u00e0 une forte affluence et \u00e0 des prix plus \u00e9lev\u00e9s, notamment dans les lieux tr\u00e8s pris\u00e9s comme <strong>Hallstatt<\/strong> ou <strong>Vienne<\/strong>.<\/p>\n\n\n\n<h3 class=\"wp-block-heading\"><strong>Saisons interm\u00e9diaires (avril \u00e0 mai et septembre \u00e0 octobre)&nbsp;<\/strong><\/h3>\n\n\n\n<p>Vous cherchez un bon compromis entre m\u00e9t\u00e9o agr\u00e9able, ambiance d\u00e9tendue et tarifs raisonnables\u202f? Optez pour les <strong>saisons interm\u00e9diaires<\/strong>. Avec des temp\u00e9ratures douces, entre <strong>10\u202f\u00b0C et 20\u202f\u00b0C<\/strong>, ces p\u00e9riodes sont id\u00e9ales pour fl\u00e2ner dans les rues historiques de <strong>Vienne<\/strong>, d\u00e9guster du vin dans la vall\u00e9e de la <strong>Wachau<\/strong>, ou partir en randonn\u00e9e loin de la foule estivale.<\/p>\n\n\n\n<p>Ces deux saisons offrent un \u00e9quilibre parfait pour d\u00e9couvrir l\u2019Autriche \u00e0 un rythme plus authentique, tout en b\u00e9n\u00e9ficiant de tarifs d\u2019h\u00e9bergement plus avantageux. Vous profiterez d'un climat doux pour vos activit\u00e9s en plein air, d'une affluence touristique moindre dans les sites tr\u00e8s pris\u00e9s tels que <strong>Salzbourg<\/strong> ou <strong>Hallstatt<\/strong>, et de tarifs plus avantageux pour l'h\u00e9bergement par rapport \u00e0 la haute saison estivale. Les saisons interm\u00e9diaires vous permettent de d\u00e9couvrir le charme de l'Autriche \u00e0 un rythme plus calme et plus authentique.<\/p>\n\n\n\n<p>\u00c0 noter&nbsp;: certaines attractions peuvent \u00eatre ferm\u00e9es en intersaison.<\/p>\n\n\n\n<h3 class=\"wp-block-heading\"><strong>Hiver (d\u00e9cembre \u00e0 mars)&nbsp;<\/strong><\/h3>\n\n\n\n<p>L\u2019hiver en Autriche est synonyme de <strong>stations de ski renomm\u00e9es<\/strong> et d\u2019ambiances f\u00e9eriques. Les temp\u00e9ratures oscillent entre <strong>\u20135\u202f\u00b0C et 5\u202f\u00b0C<\/strong>, relativement froides mais id\u00e9ales pour profiter sans se geler des pistes bien entretenues de <strong>St. Anton<\/strong>, <strong>Kitzb\u00fchel<\/strong> ou encore <strong>S\u00f6lden<\/strong>, r\u00e9put\u00e9es pour leur enneigement fiable.<\/p>\n\n\n\n<p>Mais l\u2019hiver autrichien ne se limite pas au ski ou au snowboard&nbsp;: c\u2019est aussi la saison magique des <strong>march\u00e9s de No\u00ebl<\/strong>. Le <strong>Christkindlmarkt de Vienne<\/strong> s\u00e9duit par ses objets artisanaux, ses mets locaux si particuliers et son Gl\u00fchwein (vin chaud) fumant, tandis que celui de <strong>Salzbourg<\/strong> brille par son d\u00e9cor historique et ses concerts festifs. Une exp\u00e9rience \u00e0 ne pas manquer si vous aimez l\u2019atmosph\u00e8re chaleureuse des f\u00eates.<\/p>\n\n\n\n<figure class=\"wp-block-table\"><table class=\"has-fixed-layout\"><tbody><tr><td><strong>Saison<\/strong><\/td><td><strong>Mois<\/strong><\/td><td><strong>M\u00e9t\u00e9o<\/strong><\/td><td><strong>Points forts<\/strong><\/td><td><strong>\u00c0 prendre en compte<\/strong><\/td><\/tr><tr><td>Haute saison<\/td><td>Juin - Ao\u00fbt<\/td><td>Chaud, 20\u202f\u00b0C - 30\u202f\u00b0C<\/td><td>Randonn\u00e9es, festivals, baignade<\/td><td>Affluence importante, prix \u00e9lev\u00e9s<\/td><\/tr><tr><td>Saisons interm\u00e9diaires<\/td><td>Avril - Mai, Sept - Oct<\/td><td>Doux, 10\u202f\u00b0C - 20\u202f\u00b0C<\/td><td>Visites culturelles, balades, calme<\/td><td>M\u00e9t\u00e9o variable, certaines fermetures<\/td><\/tr><tr><td>Hiver<\/td><td>D\u00e9cembre \u2013 Mars<\/td><td>Froid, -5\u202f\u00b0C - 5\u202f\u00b0C<\/td><td>Ski, march\u00e9s de No\u00ebl<\/td><td>Tarifs \u00e9lev\u00e9s pendant les vacances<\/td><\/tr><\/tbody><\/table><\/figure>\n\n\n\n<h2 class=\"wp-block-heading\"><strong>Les grands \u00e9v\u00e9nements annuels en Autriche&nbsp;<\/strong><\/h2>\n\n\n\n<figure data-wp-context=\"{&quot;imageId&quot;:&quot;69efa8d8c6206&quot;}\" data-wp-interactive=\"core\/image\" data-wp-key=\"69efa8d8c6206\" class=\"wp-block-image size-large wp-lightbox-container\"><img loading=\"lazy\" decoding=\"async\" width=\"1024\" height=\"576\" data-wp-class--hide=\"state.isContentHidden\" data-wp-class--show=\"state.isContentVisible\" data-wp-init=\"callbacks.setButtonStyles\" data-wp-on--click=\"actions.showLightbox\" data-wp-on--load=\"callbacks.setButtonStyles\" data-wp-on-window--resize=\"callbacks.setButtonStyles\" src=\"https:\/\/myroami.com\/fr\/wp-content\/uploads\/sites\/35\/2025\/07\/Festival-des-jonquilles-dans-la-region-du-Salzkammergut-1024x576.png\" alt=\"Festival des jonquilles dans la r\u00e9gion du Salzkammergut\" class=\"wp-image-74001\" srcset=\"https:\/\/myroami.com\/fr\/wp-content\/uploads\/sites\/35\/2025\/07\/Festival-des-jonquilles-dans-la-region-du-Salzkammergut-1024x576.png 1024w, https:\/\/myroami.com\/fr\/wp-content\/uploads\/sites\/35\/2025\/07\/Festival-des-jonquilles-dans-la-region-du-Salzkammergut-300x169.png 300w, https:\/\/myroami.com\/fr\/wp-content\/uploads\/sites\/35\/2025\/07\/Festival-des-jonquilles-dans-la-region-du-Salzkammergut-768x432.png 768w, https:\/\/myroami.com\/fr\/wp-content\/uploads\/sites\/35\/2025\/07\/Festival-des-jonquilles-dans-la-region-du-Salzkammergut.png 1365w\" sizes=\"auto, (max-width: 1024px) 100vw, 1024px\" \/><button\n\t\t\tclass=\"lightbox-trigger\"\n\t\t\ttype=\"button\"\n\t\t\taria-haspopup=\"dialog\"\n\t\t\taria-label=\"Agrandir\"\n\t\t\tdata-wp-init=\"callbacks.initTriggerButton\"\n\t\t\tdata-wp-on--click=\"actions.showLightbox\"\n\t\t\tdata-wp-style--right=\"state.imageButtonRight\"\n\t\t\tdata-wp-style--top=\"state.imageButtonTop\"\n\t\t>\n\t\t\t<svg xmlns=\"http:\/\/www.w3.org\/2000\/svg\" width=\"12\" height=\"12\" fill=\"none\" viewBox=\"0 0 12 12\">\n\t\t\t\t<path fill=\"#fff\" d=\"M2 0a2 2 0 0 0-2 2v2h1.5V2a.5.5 0 0 1 .5-.5h2V0H2Zm2 10.5H2a.5.5 0 0 1-.5-.5V8H0v2a2 2 0 0 0 2 2h2v-1.5ZM8 12v-1.5h2a.5.5 0 0 0 .5-.5V8H12v2a2 2 0 0 1-2 2H8Zm2-12a2 2 0 0 1 2 2v2h-1.5V2a.5.5 0 0 0-.5-.5H8V0h2Z\" \/>\n\t\t\t<\/svg>\n\t\t<\/button><figcaption class=\"wp-element-caption\"><em>[<\/em>Festival des jonquilles dans la r\u00e9gion du Salzkammergut <em>Cr\u00e9dit photo\u202f: Alpen Erleben]<\/em><\/figcaption><\/figure>\n\n\n\n<p>L\u2019Autriche regorge de festivals et de c\u00e9l\u00e9brations qui mettent en valeur son riche patrimoine culturel, son h\u00e9ritage musical et ses traditions festives. Voici un tour d\u2019horizon mois par mois des \u00e9v\u00e9nements les plus marquants du pays\u202f:<\/p>\n\n\n\n<ul class=\"wp-block-list\">\n<li><strong>Janvier<\/strong>\u202f: Chaque hiver, la place de l\u2019H\u00f4tel de Ville de <strong>Vienne<\/strong> se transforme en un v\u00e9ritable paradis glac\u00e9. Avec ses sentiers illumin\u00e9s et ses patinoires, ce d\u00e9cor f\u00e9erique attire petits et grands.<\/li>\n\n\n\n<li><strong>F\u00e9vrier<\/strong>\u202f: <strong>Salzbourg<\/strong> rend hommage \u00e0 son enfant prodige lors d\u2019un festival d\u00e9di\u00e9 \u00e0 Mozart. Concerts, op\u00e9ras et orchestres de renom font vibrer la ville au rythme de la musique classique dans des lieux embl\u00e9matiques.<\/li>\n\n\n\n<li><strong>Mars<\/strong>\u202f: La ville de <strong>Villach<\/strong> devient un carnaval g\u00e9ant, le plus grand d\u2019Autriche. D\u00e9fil\u00e9s spectaculaires, costumes color\u00e9s et ambiance survolt\u00e9e envahissent les rues.<\/li>\n\n\n\n<li><strong>Avril<\/strong>\u202f: Le <strong>Marathon de Vienne<\/strong> est le plus grand du pays, mais aussi l\u2019un des plus beaux d\u2019Europe. Il traverse les quartiers historiques de la capitale et longe le Danube.<\/li>\n\n\n\n<li><strong>Mai<\/strong>\u202f: Le <strong>Festival des jonquilles (Narzissenfest)<\/strong> est le plus grand festival floral d\u2019Autriche, organis\u00e9 chaque ann\u00e9e dans la r\u00e9gion du <strong>Salzkammergut<\/strong>. Sculptures g\u00e9antes de fleurs, chars fleuris et parades attirent des milliers de visiteurs.<\/li>\n\n\n\n<li><strong>Juin<\/strong>\u202f: Pendant trois jours, <strong>l\u2019\u00eele du Danube<\/strong> \u00e0 Vienne devient un immense terrain de f\u00eate. Avec des dizaines de sc\u00e8nes et des centaines d\u2019heures de concerts gratuits, c\u2019est le plus grand festival de musique en plein air d\u2019Europe.<\/li>\n\n\n\n<li><strong>Juillet<\/strong>\u202f: Le <strong>Festival de Bregenz<\/strong>, r\u00e9put\u00e9 pour ses mises en sc\u00e8ne spectaculaires sur sc\u00e8ne flottante, propose op\u00e9ras et com\u00e9dies musicales dans un cadre unique au monde.<\/li>\n\n\n\n<li><strong>Ao\u00fbt<\/strong>\u202f: La <strong>Foire internationale des jardins de Tulln (Internationale Gartenbaumesse Tulln)<\/strong> transforme la ville en paradis floral. C\u2019est l\u2019une des expositions florales les plus prestigieuses d\u2019Europe.<\/li>\n\n\n\n<li><strong>Septembre<\/strong>\u202f: Les <strong>vignobles de Vienne<\/strong> ouvrent leurs sentiers panoramiques aux marcheurs et cyclistes. Une fa\u00e7on unique de d\u00e9couvrir les paysages viticoles et de d\u00e9guster les vins locaux.<\/li>\n\n\n\n<li><strong>Octobre<\/strong>\u202f: Les passionn\u00e9s de tennis se retrouvent \u00e0 <strong>Vienne<\/strong> pour un tournoi ATP de haut niveau. Un rendez-vous sportif majeur en Autriche.<\/li>\n\n\n\n<li><strong>Novembre<\/strong>\u202f: Les <strong>march\u00e9s de No\u00ebl<\/strong> commencent \u00e0 illuminer les villes autrichiennes, apportant une ambiance chaleureuse et festive dans les centres historiques.<\/li>\n\n\n\n<li><strong>D\u00e9cembre<\/strong>\u202f: Pour le r\u00e9veillon, Vienne organise le <strong>Silvesterpfad<\/strong>, une f\u00eate g\u00e9ante \u00e0 ciel ouvert avec concerts live, sp\u00e9cialit\u00e9s autrichiennes et animations dans toute la ville.<\/li>\n<\/ul>\n\n\n\n<h2 class=\"wp-block-heading\"><strong>Quelle est la p\u00e9riode la moins ch\u00e8re pour visiter l\u2019Autriche\u202f?&nbsp;<\/strong><\/h2>\n\n\n\n<p>L\u2019Autriche peut se visiter toute l\u2019ann\u00e9e, mais certaines p\u00e9riodes sont plus avantageuses pour les voyageurs \u00e0 la recherche de bonnes affaires. Voici nos conseils pour organiser un s\u00e9jour \u00e9conomique et explorer l'Autriche sans se ruiner&nbsp;:&nbsp;<\/p>\n\n\n\n<h3 class=\"wp-block-heading\"><strong>Basse saison (novembre \u00e0 mars, hors stations de ski)<\/strong><\/h3>\n\n\n\n<p>Cette p\u00e9riode attire moins de touristes, ce qui se traduit par des <strong>prix plus accessibles<\/strong> pour l\u2019h\u00e9bergement et les activit\u00e9s\u2026 sauf dans les <strong>stations de ski<\/strong>, o\u00f9 les tarifs grimpent d\u00e8s fin novembre avec le d\u00e9but de la haute saison hivernale.<\/p>\n\n\n\n<p><strong>Budget estim\u00e9&nbsp;:<\/strong><\/p>\n\n\n\n<ul class=\"wp-block-list\">\n<li><strong>H\u00e9bergement<\/strong>\u202f: h\u00f4tels \u00e9conomiques entre <strong>50\u202f\u20ac et 100\u202f\u20ac<\/strong> par nuit<\/li>\n\n\n\n<li><strong>Repas<\/strong>\u202f: environ <strong>15\u202f\u20ac \u00e0 30\u202f\u20ac<\/strong> par personne dans un restaurant milieu de gamme<\/li>\n\n\n\n<li><strong>Transports<\/strong>\u202f: transports locaux \u00e0 partir de <strong>5\u202f\u20ac \u00e0 10\u202f\u20ac<\/strong> par jour<\/li>\n\n\n\n<li><strong>Caf\u00e9<\/strong>\u202f: un espresso (\u00ab\u202fkleiner Schwarzer\u202f\u00bb) co\u00fbte environ <strong>2,50\u202f\u20ac<\/strong>, et un cappuccino <strong>4\u202f\u20ac<\/strong><\/li>\n<\/ul>\n\n\n\n<h3 class=\"wp-block-heading\"><strong>Saisons interm\u00e9diaires (avril \u00e0 mai, septembre \u00e0 octobre)<\/strong><\/h3>\n\n\n\n<p>Ces mois offrent un <strong>bon compromis entre m\u00e9t\u00e9o agr\u00e9able, fr\u00e9quentation mod\u00e9r\u00e9e et prix raisonnables<\/strong>. Parfait pour les visites culturelles et les balades en plein air.<\/p>\n\n\n\n<p><strong>Budget estim\u00e9&nbsp;:<\/strong><\/p>\n\n\n\n<ul class=\"wp-block-list\">\n<li><strong>H\u00e9bergement<\/strong>\u202f: h\u00f4tels milieu de gamme entre <strong>70\u202f\u20ac et 150\u202f\u20ac<\/strong> par nuit<\/li>\n\n\n\n<li><strong>Repas<\/strong>\u202f: comptez <strong>20\u202f\u20ac \u00e0 40\u202f\u20ac<\/strong> par personne dans un restaurant classique<\/li>\n\n\n\n<li><strong>Transports<\/strong>\u202f: environ <strong>5\u202f\u20ac \u00e0 15\u202f\u20ac<\/strong> par jour<\/li>\n\n\n\n<li><strong>Caf\u00e9<\/strong>\u202f: espresso \u00e0 <strong>2,50\u202f\u20ac<\/strong>, cappuccino autour de <strong>4,50\u202f\u20ac<\/strong><\/li>\n<\/ul>\n\n\n\n<h3 class=\"wp-block-heading\"><strong>Astuces pour \u00e9conomiser pendant votre voyage<\/strong><\/h3>\n\n\n\n<ul class=\"wp-block-list\">\n<li><strong>Pass transports<\/strong>\u202f: pour les s\u00e9jours longs, la <strong>\u00d6BB Vorteilscard<\/strong> offre des r\u00e9ductions sur les trajets en train et en bus. \u00c0 Vienne, le <strong>pass hebdomadaire Wiener Linien<\/strong> permet de circuler \u00e0 volont\u00e9 dans les transports en commun.<\/li>\n\n\n\n<li><strong>Bien manger sans se ruiner<\/strong>\u202f: la cuisine autrichienne peut co\u00fbter cher au restaurant, mais vous trouverez des alternatives savoureuses et bon march\u00e9 comme les <strong>kebabs<\/strong>, les <strong>saucisses grill\u00e9es<\/strong>, ou les <strong>standards de rue \u00e0 base de nouilles<\/strong>.<\/li>\n\n\n\n<li><strong>Activit\u00e9s gratuites ou \u00e0 petit prix<\/strong>\u202f: Vienne propose des <strong>visites guid\u00e9es gratuites<\/strong>, et de nombreux mus\u00e9es offrent des entr\u00e9es <strong>gratuites ou r\u00e9duites certains jours ou horaires<\/strong>.<\/li>\n<\/ul>\n\n\n\n<h2 class=\"wp-block-heading\"><strong>Combien de jours pr\u00e9voir pour un voyage en Autriche\u202f?&nbsp;<\/strong><\/h2>\n\n\n\n<p>Pour bien profiter des richesses culturelles, naturelles et historiques de l\u2019Autriche, l\u2019id\u00e9al est de pr\u00e9voir <strong>entre 7 et 10 jours<\/strong>. Voici quelques \u00e9tapes incontournables \u00e0 inclure dans votre itin\u00e9raire\u202f:<\/p>\n\n\n\n<ul class=\"wp-block-list\">\n<li><strong>Vienne<\/strong>\u202f: La capitale imp\u00e9riale s\u00e9duit par ses palais majestueux, son h\u00e9ritage musical (Mozart, Strauss\u2026) et sa vie culturelle intense. Ne manquez pas le ch\u00e2teau de Sch\u00f6nbrunn, l\u2019Op\u00e9ra national de Vienne et le centre historique class\u00e9 \u00e0 l\u2019UNESCO.<\/li>\n\n\n\n<li><strong>Salzbourg<\/strong>\u202f: Ville natale de Mozart et d\u00e9cor du film <em>La M\u00e9lodie du bonheur<\/em>, Salzbourg enchante avec son architecture baroque, la forteresse de Hohensalzburg et la charmante rue commer\u00e7ante Getreidegasse.<\/li>\n\n\n\n<li><strong>Innsbruck<\/strong>\u202f: Au c\u0153ur des Alpes, Innsbruck m\u00eale ambiance urbaine et panoramas de montagne. C\u2019est une destination phare pour les sports d\u2019hiver, mais aussi pour d\u00e9couvrir le Petit Toit d\u2019or et le tremplin de saut \u00e0 ski du Bergisel.<\/li>\n\n\n\n<li><strong>Hallstatt<\/strong>\u202f: Ce village de carte postale, au bord du lac du m\u00eame nom, est c\u00e9l\u00e8bre pour sa beaut\u00e9 spectaculaire, ses anciennes mines de sel et sa plateforme panoramique avec vue sur les Alpes du Dachstein.<\/li>\n\n\n\n<li><strong>Graz<\/strong>\u202f: Deuxi\u00e8me ville d\u2019Autriche, Graz s\u00e9duit par sa vieille ville m\u00e9di\u00e9vale class\u00e9e \u00e0 l\u2019UNESCO, son mus\u00e9e d\u2019art contemporain (Kunsthaus) et son ambiance d\u00e9contract\u00e9e.<\/li>\n\n\n\n<li><strong>Zell am See<\/strong>\u202f: Ce petit bijou alpin entour\u00e9 de montagnes et de lacs est id\u00e9al pour le ski, la randonn\u00e9e ou les sports nautiques.<\/li>\n\n\n\n<li><strong>Vall\u00e9e de la Wachau<\/strong>\u202f: Ce joyau class\u00e9 au patrimoine mondial s\u2019\u00e9tend le long du Danube. Vous y trouverez des vignobles, des villages pittoresques et des ch\u00e2teaux charg\u00e9s d\u2019histoire.<\/li>\n<\/ul>\n\n\n\n<h2 class=\"wp-block-heading\"><strong>Connexion Wi-Fi en Autriche&nbsp;<\/strong><\/h2>\n\n\n\n<p>L\u2019Autriche b\u00e9n\u00e9ficie d\u2019une <strong>excellente connectivit\u00e9 Wi-Fi<\/strong>, notamment dans les grandes villes comme Vienne, Salzbourg ou Innsbruck. La majorit\u00e9 des h\u00f4tels, caf\u00e9s, restaurants, ainsi que les a\u00e9roports et les gares proposent un acc\u00e8s Wi-Fi gratuit.<\/p>\n\n\n\n<p>Dans les zones urbaines, la connexion est rapide et fiable. En revanche, dans certaines r\u00e9gions alpines recul\u00e9es, les d\u00e9bits peuvent \u00eatre plus limit\u00e9s. Si vous pr\u00e9voyez un s\u00e9jour \u00e0 la montagne et avez besoin d\u2019un acc\u00e8s stable (t\u00e9l\u00e9travail, streaming\u2026), mieux vaut <strong>v\u00e9rifier la qualit\u00e9 du r\u00e9seau en amont<\/strong>.<\/p>\n\n\n\n<h2 class=\"wp-block-heading\"><strong>Solutions pour acc\u00e9der \u00e0 Internet<\/strong><\/h2>\n\n\n\n<p>L\u2019un des principaux avantages de <a href=\"https:\/\/myroami.com\/fr\/carte-esim\/carte-esim\/\">l\u2019eSIM<\/a>, c\u2019est qu\u2019elle vous permet d\u2019activer un forfait mobile <strong>sans avoir besoin de carte SIM physique<\/strong>. Des fournisseurs comme <a href=\"https:\/\/myroami.com\/fr\/avis\/holafly-esim\/\">Holafly<\/a> proposent des eSIM avec donn\u00e9es illimit\u00e9es<strong> <\/strong>pour l\u2019Autriche, id\u00e9ales pour les touristes. D\u2019autres, comme Airalo, offrent \u00e9galement des forfaits data adapt\u00e9s au pays. Et pour les voyageurs en itin\u00e9rance en Europe, les forfaits eSIM d\u2019Orange Holiday couvrent plusieurs pays, dont l\u2019Autriche \u2014 parfait pour un road trip transfrontalier.\u202f<\/p>\n\n\n\n<p>Si vous pr\u00e9f\u00e9rez une <a href=\"https:\/\/myroami.com\/fr\/carte-sim\/\">carte SIM traditionnelle<\/a>, les principaux op\u00e9rateurs autrichiens sont <strong>A1 Telekom Austria<\/strong>, <strong>Magenta Telekom (T-Mobile Austria)<\/strong> et <strong>Drei (Three)<\/strong>. Leurs cartes SIM pr\u00e9pay\u00e9es incluent des forfaits de donn\u00e9es \u00e0 des prix comp\u00e9titifs. Elles sont disponibles dans les a\u00e9roports, boutiques officielles et points de vente agr\u00e9\u00e9s. Assurez-vous simplement que votre smartphone est <strong>d\u00e9bloqu\u00e9<\/strong>.<\/p>\n\n\n\n<p>Pour rester connect\u00e9 sur plusieurs appareils ou si vous voyagez en groupe, la location d\u2019un <strong>routeur Wi-Fi portable<\/strong> ou <a href=\"https:\/\/myroami.com\/fr\/internet\/pocket-wifi-international\/\">pocket WiFi<\/a> est une solution tr\u00e8s pratique. De nombreux services de location proposent des options de livraison flexibles, vous permettant de r\u00e9cup\u00e9rer l'appareil \u00e0 l'a\u00e9roport, de le faire livrer \u00e0 votre h\u00f4tel ou m\u00eame de le recevoir \u00e0 votre domicile avant votre d\u00e9part. Une fois en Autriche, il suffit de l\u2019allumer et de connecter vos appareils pour profiter d\u2019un <strong>Wi-Fi haut d\u00e9bit partout<\/strong>.<\/p>\n\n\n\n<h2 class=\"wp-block-heading\"><strong>Fournisseurs d\u2019eSIM pour l\u2019Autriche&nbsp;<\/strong><\/h2>\n\n\n\n<p>Avec une eSIM, vous pouvez <strong>activer votre forfait avant m\u00eame d\u2019atterrir<\/strong>, et ainsi profiter d\u2019une connexion imm\u00e9diate d\u00e8s votre arriv\u00e9e. Fini la chasse aux cartes SIM locales ou les r\u00e9seaux publics peu s\u00e9curis\u00e9s. Voici trois excellents fournisseurs d\u2019eSIM pour voyager en Autriche\u202f:<\/p>\n\n\n\n<h3 class=\"wp-block-heading\"><strong>Holafly<\/strong><\/h3>\n\n\n\n<figure data-wp-context=\"{&quot;imageId&quot;:&quot;69efa8d8c6e9f&quot;}\" data-wp-interactive=\"core\/image\" data-wp-key=\"69efa8d8c6e9f\" class=\"wp-block-image size-large wp-lightbox-container\"><img loading=\"lazy\" decoding=\"async\" width=\"1024\" height=\"471\" data-wp-class--hide=\"state.isContentHidden\" data-wp-class--show=\"state.isContentVisible\" data-wp-init=\"callbacks.setButtonStyles\" data-wp-on--click=\"actions.showLightbox\" data-wp-on--load=\"callbacks.setButtonStyles\" data-wp-on-window--resize=\"callbacks.setButtonStyles\" src=\"https:\/\/myroami.com\/fr\/wp-content\/uploads\/sites\/35\/2025\/07\/holafly-esim-autriche-quand-partir-en-autriche-1024x471.png\" alt=\"Holafly, fournisseur eSIM pour voyager \u2013 quand partir en Autriche\" class=\"wp-image-74004\" srcset=\"https:\/\/myroami.com\/fr\/wp-content\/uploads\/sites\/35\/2025\/07\/holafly-esim-autriche-quand-partir-en-autriche-1024x471.png 1024w, https:\/\/myroami.com\/fr\/wp-content\/uploads\/sites\/35\/2025\/07\/holafly-esim-autriche-quand-partir-en-autriche-300x138.png 300w, https:\/\/myroami.com\/fr\/wp-content\/uploads\/sites\/35\/2025\/07\/holafly-esim-autriche-quand-partir-en-autriche-768x353.png 768w, https:\/\/myroami.com\/fr\/wp-content\/uploads\/sites\/35\/2025\/07\/holafly-esim-autriche-quand-partir-en-autriche.png 1448w\" sizes=\"auto, (max-width: 1024px) 100vw, 1024px\" \/><button\n\t\t\tclass=\"lightbox-trigger\"\n\t\t\ttype=\"button\"\n\t\t\taria-haspopup=\"dialog\"\n\t\t\taria-label=\"Agrandir\"\n\t\t\tdata-wp-init=\"callbacks.initTriggerButton\"\n\t\t\tdata-wp-on--click=\"actions.showLightbox\"\n\t\t\tdata-wp-style--right=\"state.imageButtonRight\"\n\t\t\tdata-wp-style--top=\"state.imageButtonTop\"\n\t\t>\n\t\t\t<svg xmlns=\"http:\/\/www.w3.org\/2000\/svg\" width=\"12\" height=\"12\" fill=\"none\" viewBox=\"0 0 12 12\">\n\t\t\t\t<path fill=\"#fff\" d=\"M2 0a2 2 0 0 0-2 2v2h1.5V2a.5.5 0 0 1 .5-.5h2V0H2Zm2 10.5H2a.5.5 0 0 1-.5-.5V8H0v2a2 2 0 0 0 2 2h2v-1.5ZM8 12v-1.5h2a.5.5 0 0 0 .5-.5V8H12v2a2 2 0 0 1-2 2H8Zm2-12a2 2 0 0 1 2 2v2h-1.5V2a.5.5 0 0 0-.5-.5H8V0h2Z\" \/>\n\t\t\t<\/svg>\n\t\t<\/button><\/figure>\n\n\n\n<p>Holafly propose des eSIM <strong>avec donn\u00e9es illimit\u00e9es<\/strong>, pens\u00e9es pour les touristes. Pas besoin de recharger ni de surveiller votre consommation. L\u2019activation est simple et rapide, ce qui en fait une solution id\u00e9ale pour les voyageurs connect\u00e9s.<\/p>\n\n\n\n<ul class=\"wp-block-list\">\n<li><strong>Avantages<\/strong>\u202f: Donn\u00e9es illimit\u00e9es, pas de recharge n\u00e9cessaire, activation facile.<\/li>\n\n\n\n<li><strong>Inconv\u00e9nient<\/strong>\u202f: Les donn\u00e9es illimit\u00e9es ne peuvent pas \u00eatre partag\u00e9es (pas de hotspot).<\/li>\n<\/ul>\n\n\n\n<h3 class=\"wp-block-heading\"><strong>Airalo<\/strong><\/h3>\n\n\n\n<figure data-wp-context=\"{&quot;imageId&quot;:&quot;69efa8d8c73f9&quot;}\" data-wp-interactive=\"core\/image\" data-wp-key=\"69efa8d8c73f9\" class=\"wp-block-image size-large wp-lightbox-container\"><img loading=\"lazy\" decoding=\"async\" width=\"1024\" height=\"470\" data-wp-class--hide=\"state.isContentHidden\" data-wp-class--show=\"state.isContentVisible\" data-wp-init=\"callbacks.setButtonStyles\" data-wp-on--click=\"actions.showLightbox\" data-wp-on--load=\"callbacks.setButtonStyles\" data-wp-on-window--resize=\"callbacks.setButtonStyles\" src=\"https:\/\/myroami.com\/fr\/wp-content\/uploads\/sites\/35\/2025\/07\/airalo-esim-autriche-quand-partir-en-autriche-1024x470.png\" alt=\"Airalo, eSIM pour l\u2019Autriche \u2013 quand partir en Autriche et rester connect\u00e9\" class=\"wp-image-74007\" srcset=\"https:\/\/myroami.com\/fr\/wp-content\/uploads\/sites\/35\/2025\/07\/airalo-esim-autriche-quand-partir-en-autriche-1024x470.png 1024w, https:\/\/myroami.com\/fr\/wp-content\/uploads\/sites\/35\/2025\/07\/airalo-esim-autriche-quand-partir-en-autriche-300x138.png 300w, https:\/\/myroami.com\/fr\/wp-content\/uploads\/sites\/35\/2025\/07\/airalo-esim-autriche-quand-partir-en-autriche-768x353.png 768w, https:\/\/myroami.com\/fr\/wp-content\/uploads\/sites\/35\/2025\/07\/airalo-esim-autriche-quand-partir-en-autriche.png 1224w\" sizes=\"auto, (max-width: 1024px) 100vw, 1024px\" \/><button\n\t\t\tclass=\"lightbox-trigger\"\n\t\t\ttype=\"button\"\n\t\t\taria-haspopup=\"dialog\"\n\t\t\taria-label=\"Agrandir\"\n\t\t\tdata-wp-init=\"callbacks.initTriggerButton\"\n\t\t\tdata-wp-on--click=\"actions.showLightbox\"\n\t\t\tdata-wp-style--right=\"state.imageButtonRight\"\n\t\t\tdata-wp-style--top=\"state.imageButtonTop\"\n\t\t>\n\t\t\t<svg xmlns=\"http:\/\/www.w3.org\/2000\/svg\" width=\"12\" height=\"12\" fill=\"none\" viewBox=\"0 0 12 12\">\n\t\t\t\t<path fill=\"#fff\" d=\"M2 0a2 2 0 0 0-2 2v2h1.5V2a.5.5 0 0 1 .5-.5h2V0H2Zm2 10.5H2a.5.5 0 0 1-.5-.5V8H0v2a2 2 0 0 0 2 2h2v-1.5ZM8 12v-1.5h2a.5.5 0 0 0 .5-.5V8H12v2a2 2 0 0 1-2 2H8Zm2-12a2 2 0 0 1 2 2v2h-1.5V2a.5.5 0 0 0-.5-.5H8V0h2Z\" \/>\n\t\t\t<\/svg>\n\t\t<\/button><\/figure>\n\n\n\n<p><a href=\"https:\/\/myroami.com\/fr\/avis\/esim-airalo\/\">Airalo<\/a> est un fournisseur reconnu, avec une large couverture mondiale et des prix comp\u00e9titifs. Tr\u00e8s pratique pour les s\u00e9jours multi-pays, l\u2019eSIM s\u2019ach\u00e8te et s\u2019active en quelques clics. La couverture en Autriche est g\u00e9n\u00e9ralement bonne, mais les performances peuvent varier dans certaines zones rurales.<\/p>\n\n\n\n<ul class=\"wp-block-list\">\n<li><strong>Avantages<\/strong>\u202f: Activation facile, tr\u00e8s pratique pour voyager dans plusieurs pays.<\/li>\n\n\n\n<li><strong>Inconv\u00e9nients<\/strong>\u202f: D\u00e9bit variable dans les r\u00e9gions isol\u00e9es, politique de remboursement stricte.<\/li>\n<\/ul>\n\n\n\n<h3 class=\"wp-block-heading\"><strong>Orange Holiday<\/strong><\/h3>\n\n\n\n<figure data-wp-context=\"{&quot;imageId&quot;:&quot;69efa8d8c7862&quot;}\" data-wp-interactive=\"core\/image\" data-wp-key=\"69efa8d8c7862\" class=\"wp-block-image size-large wp-lightbox-container\"><img loading=\"lazy\" decoding=\"async\" width=\"1024\" height=\"383\" data-wp-class--hide=\"state.isContentHidden\" data-wp-class--show=\"state.isContentVisible\" data-wp-init=\"callbacks.setButtonStyles\" data-wp-on--click=\"actions.showLightbox\" data-wp-on--load=\"callbacks.setButtonStyles\" data-wp-on-window--resize=\"callbacks.setButtonStyles\" src=\"https:\/\/myroami.com\/fr\/wp-content\/uploads\/sites\/35\/2025\/07\/orange-holiday-esim-autriche-quand-partir-en-autriche-1024x383.png\" alt=\"Orange Holiday, op\u00e9rateur eSIM \u2013 quand partir en Autriche et choisir la meilleure connexion\" class=\"wp-image-74009\" srcset=\"https:\/\/myroami.com\/fr\/wp-content\/uploads\/sites\/35\/2025\/07\/orange-holiday-esim-autriche-quand-partir-en-autriche-1024x383.png 1024w, https:\/\/myroami.com\/fr\/wp-content\/uploads\/sites\/35\/2025\/07\/orange-holiday-esim-autriche-quand-partir-en-autriche-300x112.png 300w, https:\/\/myroami.com\/fr\/wp-content\/uploads\/sites\/35\/2025\/07\/orange-holiday-esim-autriche-quand-partir-en-autriche-768x287.png 768w, https:\/\/myroami.com\/fr\/wp-content\/uploads\/sites\/35\/2025\/07\/orange-holiday-esim-autriche-quand-partir-en-autriche.png 1427w\" sizes=\"auto, (max-width: 1024px) 100vw, 1024px\" \/><button\n\t\t\tclass=\"lightbox-trigger\"\n\t\t\ttype=\"button\"\n\t\t\taria-haspopup=\"dialog\"\n\t\t\taria-label=\"Agrandir\"\n\t\t\tdata-wp-init=\"callbacks.initTriggerButton\"\n\t\t\tdata-wp-on--click=\"actions.showLightbox\"\n\t\t\tdata-wp-style--right=\"state.imageButtonRight\"\n\t\t\tdata-wp-style--top=\"state.imageButtonTop\"\n\t\t>\n\t\t\t<svg xmlns=\"http:\/\/www.w3.org\/2000\/svg\" width=\"12\" height=\"12\" fill=\"none\" viewBox=\"0 0 12 12\">\n\t\t\t\t<path fill=\"#fff\" d=\"M2 0a2 2 0 0 0-2 2v2h1.5V2a.5.5 0 0 1 .5-.5h2V0H2Zm2 10.5H2a.5.5 0 0 1-.5-.5V8H0v2a2 2 0 0 0 2 2h2v-1.5ZM8 12v-1.5h2a.5.5 0 0 0 .5-.5V8H12v2a2 2 0 0 1-2 2H8Zm2-12a2 2 0 0 1 2 2v2h-1.5V2a.5.5 0 0 0-.5-.5H8V0h2Z\" \/>\n\t\t\t<\/svg>\n\t\t<\/button><\/figure>\n\n\n\n<p>Orange Holiday couvre l\u2019ensemble de l\u2019Europe, y compris l\u2019Autriche. Leurs forfaits incluent une g\u00e9n\u00e9reuse quantit\u00e9 de donn\u00e9es et des minutes d\u2019appel international. Une option int\u00e9ressante si vous souhaitez aussi passer des appels depuis l\u2019\u00e9tranger, m\u00eame si le processus d\u2019activation est un peu plus complexe.<\/p>\n\n\n\n<ul class=\"wp-block-list\">\n<li><strong>Avantages<\/strong>\u202f: Donn\u00e9es g\u00e9n\u00e9reuses, couverture multi-pays.<\/li>\n\n\n\n<li><strong>Inconv\u00e9nients<\/strong>\u202f: Activation parfois plus technique, prix plus \u00e9lev\u00e9.<\/li>\n<\/ul>\n\n\n\n<h3 class=\"wp-block-heading\"><strong>Tableau comparatif des eSIM pour l\u2019Autriche<\/strong><\/h3>\n\n\n\n<figure class=\"wp-block-table\"><table class=\"has-fixed-layout\"><tbody><tr><td><strong>Fournisseur<\/strong><\/td><td><strong>Type de forfait<\/strong><\/td><td><strong>Prix \u00e0 partir de<\/strong><\/td><\/tr><tr><td><strong>Holafly<\/strong><\/td><td>Donn\u00e9es illimit\u00e9es<\/td><td>Environ <strong>7&nbsp;\u20ac<\/strong><\/td><\/tr><tr><td><strong>Airalo<\/strong><\/td><td>Volume data d\u00e9fini<\/td><td>Ex.\u202f: 3\u202fGo pour <strong>22&nbsp;\u20ac<\/strong><\/td><\/tr><tr><td><strong>Orange<\/strong><\/td><td>Volume data d\u00e9fini<\/td><td>Environ <strong>0,87&nbsp;\u20ac\/Go<\/strong><\/td><\/tr><\/tbody><\/table><\/figure>\n","protected":false},"excerpt":{"rendered":"<p>L\u2019Autriche a de quoi s\u00e9duire tous les voyageurs, que vous soyez amateur de sports d\u2019hiver ou passionn\u00e9 de festivals et de randonn\u00e9es estivales. La meilleure p\u00e9riode pour partir d\u00e9pend surtout des activit\u00e9s que vous visez. Si vous aimez le ski, privil\u00e9giez les mois de d\u00e9cembre \u00e0 mars. Pour les escapades citadines, les balades en pleine nature ou les d\u00e9couvertes culturelles, le printemps et l\u2019automne offrent des conditions id\u00e9ales. D\u00e9couvrez le moment parfait pour organiser votre voyage en Autriche.<\/p>\n","protected":false},"author":182,"featured_media":73998,"comment_status":"closed","ping_status":"closed","sticky":false,"template":"","format":"standard","meta":{"_acf_changed":false,"footnotes":""},"categories":[189],"tags":[],"class_list":["post-73989","post","type-post","status-publish","format-standard","has-post-thumbnail","hentry","category-voyage"],"acf":[],"yoast_head":"<title>Quand partir en Autriche\u202f? Saisons, climat et conseils voyage<\/title>\n<meta name=\"description\" content=\"D\u00e9couvrez quand partir en Autriche pour le meilleur climat, les festivals et des vacances inoubliables toute l\u2019ann\u00e9e.\" \/>\n<meta name=\"robots\" content=\"index, follow, max-snippet:-1, max-image-preview:large, max-video-preview:-1\" \/>\n<link rel=\"canonical\" href=\"https:\/\/myroami.com\/fr\/voyage\/quand-partir-en-autriche\/\" \/>\n<meta property=\"og:locale\" content=\"fr_FR\" \/>\n<meta property=\"og:type\" content=\"article\" \/>\n<meta property=\"og:title\" content=\"Quand partir en Autriche\u202f? Saisons, climat et conseils voyage\" \/>\n<meta property=\"og:description\" content=\"D\u00e9couvrez quand partir en Autriche pour le meilleur climat, les festivals et des vacances inoubliables toute l\u2019ann\u00e9e.\" \/>\n<meta property=\"og:url\" content=\"https:\/\/myroami.com\/fr\/voyage\/quand-partir-en-autriche\/\" \/>\n<meta property=\"og:site_name\" content=\"Roami - FR\" \/>\n<meta property=\"article:published_time\" content=\"2025-08-03T09:27:08+00:00\" \/>\n<meta property=\"article:modified_time\" content=\"2025-08-08T14:51:18+00:00\" \/>\n<meta property=\"og:image\" content=\"https:\/\/myroami.com\/fr\/wp-content\/uploads\/sites\/35\/2025\/07\/quand-partir-en-autriche-village-alpin.png\" \/>\n\t<meta property=\"og:image:width\" content=\"502\" \/>\n\t<meta property=\"og:image:height\" content=\"335\" \/>\n\t<meta property=\"og:image:type\" content=\"image\/png\" \/>\n<meta name=\"author\" content=\"Vukasin Petrovic\" \/>\n<meta name=\"twitter:card\" content=\"summary_large_image\" \/>\n<meta name=\"twitter:label1\" content=\"\u00c9crit par\" \/>\n\t<meta name=\"twitter:data1\" content=\"Vukasin Petrovic\" \/>\n\t<meta name=\"twitter:label2\" content=\"Dur\u00e9e de lecture estim\u00e9e\" \/>\n\t<meta name=\"twitter:data2\" content=\"12 minutes\" \/>","yoast_head_json":{"title":"Quand partir en Autriche\u202f? Saisons, climat et conseils voyage","description":"D\u00e9couvrez quand partir en Autriche pour le meilleur climat, les festivals et des vacances inoubliables toute l\u2019ann\u00e9e.","robots":{"index":"index","follow":"follow","max-snippet":"max-snippet:-1","max-image-preview":"max-image-preview:large","max-video-preview":"max-video-preview:-1"},"canonical":"https:\/\/myroami.com\/fr\/voyage\/quand-partir-en-autriche\/","og_locale":"fr_FR","og_type":"article","og_title":"Quand partir en Autriche\u202f? Saisons, climat et conseils voyage","og_description":"D\u00e9couvrez quand partir en Autriche pour le meilleur climat, les festivals et des vacances inoubliables toute l\u2019ann\u00e9e.","og_url":"https:\/\/myroami.com\/fr\/voyage\/quand-partir-en-autriche\/","og_site_name":"Roami - FR","article_published_time":"2025-08-03T09:27:08+00:00","article_modified_time":"2025-08-08T14:51:18+00:00","og_image":[{"width":502,"height":335,"url":"https:\/\/myroami.com\/fr\/wp-content\/uploads\/sites\/35\/2025\/07\/quand-partir-en-autriche-village-alpin.png","type":"image\/png"}],"author":"Vukasin Petrovic","twitter_card":"summary_large_image","twitter_misc":{"\u00c9crit par":"Vukasin Petrovic","Dur\u00e9e de lecture estim\u00e9e":"12 minutes"},"schema":{"@context":"https:\/\/schema.org","@graph":[{"@context":"https:\/\/schema.org","@type":"BreadcrumbList","@id":"https:\/\/myroami.com\/fr\/voyage\/quand-partir-en-autriche\/#breadcrumb","itemListElement":[{"@type":"ListItem","position":1,"item":{"@type":"WebPage","@id":"https:\/\/myroami.com\/fr\/","url":"https:\/\/myroami.com\/fr\/","name":"Home"}}]}]}},"_links":{"self":[{"href":"https:\/\/myroami.com\/fr\/wp-json\/wp\/v2\/posts\/73989","targetHints":{"allow":["GET"]}}],"collection":[{"href":"https:\/\/myroami.com\/fr\/wp-json\/wp\/v2\/posts"}],"about":[{"href":"https:\/\/myroami.com\/fr\/wp-json\/wp\/v2\/types\/post"}],"author":[{"embeddable":true,"href":"https:\/\/myroami.com\/fr\/wp-json\/wp\/v2\/users\/182"}],"replies":[{"embeddable":true,"href":"https:\/\/myroami.com\/fr\/wp-json\/wp\/v2\/comments?post=73989"}],"version-history":[{"count":4,"href":"https:\/\/myroami.com\/fr\/wp-json\/wp\/v2\/posts\/73989\/revisions"}],"predecessor-version":[{"id":74043,"href":"https:\/\/myroami.com\/fr\/wp-json\/wp\/v2\/posts\/73989\/revisions\/74043"}],"wp:featuredmedia":[{"embeddable":true,"href":"https:\/\/myroami.com\/fr\/wp-json\/wp\/v2\/media\/73998"}],"wp:attachment":[{"href":"https:\/\/myroami.com\/fr\/wp-json\/wp\/v2\/media?parent=73989"}],"wp:term":[{"taxonomy":"category","embeddable":true,"href":"https:\/\/myroami.com\/fr\/wp-json\/wp\/v2\/categories?post=73989"},{"taxonomy":"post_tag","embeddable":true,"href":"https:\/\/myroami.com\/fr\/wp-json\/wp\/v2\/tags?post=73989"}],"curies":[{"name":"wp","href":"https:\/\/api.w.org\/{rel}","templated":true}]}}