{"id":74084,"date":"2025-08-08T17:00:35","date_gmt":"2025-08-08T17:00:35","guid":{"rendered":"https:\/\/myroami.com\/fr\/?p=74084"},"modified":"2025-08-08T17:00:36","modified_gmt":"2025-08-08T17:00:36","slug":"quand-partir-aux-caraibes","status":"publish","type":"post","link":"https:\/\/myroami.com\/fr\/voyage\/quand-partir-aux-caraibes\/","title":{"rendered":"Meilleure p\u00e9riode pour partir aux Cara\u00efbes\u202f- Le guide complet"},"content":{"rendered":"\n<p>M\u00eame si le soleil brille toute l\u2019ann\u00e9e, toutes les p\u00e9riodes ne se valent pas. Le climat, les tarifs et la fr\u00e9quentation touristique varient selon les saisons. Ce guide vous propose un aper\u00e7u clair et d\u00e9taill\u00e9 de la meilleure p\u00e9riode pour visiter les Cara\u00efbes, selon le type de voyage que vous recherchez.<\/p>\n\n\n\n<h2 class=\"wp-block-heading\"><strong>Quelle est la meilleure saison pour partir aux Cara\u00efbes&nbsp;?<\/strong><\/h2>\n\n\n\n<p>La meilleure p\u00e9riode pour visiter les Cara\u00efbes d\u00e9pend avant tout de vos pr\u00e9f\u00e9rences. En g\u00e9n\u00e9ral, les mois de d\u00e9cembre \u00e0 avril sont les plus agr\u00e9ables, avec un climat ensoleill\u00e9, chaud et sec. Toutefois, si vous cherchez \u00e0 \u00e9viter la foule ou \u00e0 voyager \u00e0 prix r\u00e9duit, les mois interm\u00e9diaires (<strong>mai, juin ou novembre<\/strong>) peuvent \u00eatre plus avantageux.<\/p>\n\n\n\n<p>Les Cara\u00efbes connaissent <strong>deux grandes saisons<\/strong>, chacune avec ses particularit\u00e9s. Voici un aper\u00e7u d\u00e9taill\u00e9 pour vous aider \u00e0 choisir&nbsp;:<\/p>\n\n\n\n<h3 class=\"wp-block-heading\"><strong>Saison s\u00e8che dans les Cara\u00efbes (d\u00e9cembre \u00e0 avril)<\/strong><\/h3>\n\n\n\n<ul class=\"wp-block-list\">\n<li><strong>Temp\u00e9ratures moyennes&nbsp;<\/strong>: 24&nbsp;\u00b0C \u00e0 29&nbsp;\u00b0C<\/li>\n\n\n\n<li><strong>Pr\u00e9cipitations&nbsp;<\/strong>: faibles<\/li>\n\n\n\n<li><strong>Conditions&nbsp;<\/strong>: journ\u00e9es chaudes et ensoleill\u00e9es, humidit\u00e9 mod\u00e9r\u00e9e<\/li>\n\n\n\n<li><strong>\u00c0 savoir&nbsp;<\/strong>:\n<ul class=\"wp-block-list\">\n<li>Parfaite pour les vacances baln\u00e9aires, la plong\u00e9e sous-marine, le snorkeling et toutes les activit\u00e9s en plein air.<\/li>\n\n\n\n<li>Saison touristique haute\u202f: plages tr\u00e8s fr\u00e9quent\u00e9es, ambiance festive et vie nocturne anim\u00e9e.<\/li>\n\n\n\n<li>Tarifs d\u2019h\u00e9bergement plus \u00e9lev\u00e9s et lieux touristiques bond\u00e9s, surtout pendant No\u00ebl, le Nouvel An et les vacances de printemps.<\/li>\n<\/ul>\n<\/li>\n<\/ul>\n\n\n\n<h3 class=\"wp-block-heading\"><strong>Saison interm\u00e9diaire dans les Cara\u00efbes (mai\u2013juin, novembre)<\/strong><\/h3>\n\n\n\n<ul class=\"wp-block-list\">\n<li><strong>Temp\u00e9ratures moyennes&nbsp;<\/strong>: 26&nbsp;\u00b0C \u00e0 31&nbsp;\u00b0C<\/li>\n\n\n\n<li><strong>Pr\u00e9cipitations&nbsp;<\/strong>: mod\u00e9r\u00e9es, avec quelques averses passag\u00e8res<\/li>\n\n\n\n<li><strong>Conditions&nbsp;<\/strong>: temps chaud, humidit\u00e9 plus marqu\u00e9e, courtes averses, mais encore beaucoup de soleil<\/li>\n\n\n\n<li><strong>\u00c0 savoir&nbsp;<\/strong>:\n<ul class=\"wp-block-list\">\n<li>Id\u00e9ale si vous souhaitez \u00e9viter la foule et profiter de plages plus calmes et de tarifs h\u00f4teliers plus doux.<\/li>\n\n\n\n<li>En mai et juin, les conditions restent tr\u00e8s favorables pour les activit\u00e9s en plein air.<\/li>\n\n\n\n<li>En novembre, la m\u00e9t\u00e9o s\u2019am\u00e9liore progressivement avec le retour des journ\u00e9es s\u00e8ches.<\/li>\n<\/ul>\n<\/li>\n<\/ul>\n\n\n\n<h3 class=\"wp-block-heading\"><strong>Saison humide \/ saison des ouragans dans les Cara\u00efbes (juillet \u00e0 octobre)<\/strong><\/h3>\n\n\n\n<ul class=\"wp-block-list\">\n<li><strong>Temp\u00e9ratures moyennes&nbsp;<\/strong>: 27&nbsp;\u00b0C \u00e0 32&nbsp;\u00b0C<\/li>\n\n\n\n<li><strong>Pr\u00e9cipitations&nbsp;<\/strong>: fortes, avec de fr\u00e9quentes averses et orages<\/li>\n\n\n\n<li><strong>Conditions&nbsp;<\/strong>: temps chaud et tr\u00e8s humide, risques de temp\u00eates accrus, notamment entre ao\u00fbt et octobre<\/li>\n\n\n\n<li><strong>\u00c0 savoir&nbsp;<\/strong>:\n<ul class=\"wp-block-list\">\n<li>P\u00e9riode la moins ch\u00e8re de l\u2019ann\u00e9e, avec peu de touristes&nbsp;: un bon plan pour les voyageurs \u00e0 petit budget.<\/li>\n\n\n\n<li>R\u00e9ductions importantes sur l\u2019h\u00e9bergement et les excursions.<\/li>\n\n\n\n<li>Les risques m\u00e9t\u00e9orologiques n\u00e9cessitent de rester inform\u00e9 et de pr\u00e9voir une assurance voyage.<\/li>\n\n\n\n<li>Convient aux voyageurs \u00e0 la recherche de tranquillit\u00e9, pr\u00eats \u00e0 composer avec une m\u00e9t\u00e9o plus capricieuse.<\/li>\n<\/ul>\n<\/li>\n<\/ul>\n\n\n\n<figure data-wp-context=\"{&quot;imageId&quot;:&quot;69efa8d225d1e&quot;}\" data-wp-interactive=\"core\/image\" data-wp-key=\"69efa8d225d1e\" class=\"wp-block-image size-large wp-lightbox-container\"><img loading=\"lazy\" decoding=\"async\" width=\"1024\" height=\"576\" data-wp-class--hide=\"state.isContentHidden\" data-wp-class--show=\"state.isContentVisible\" data-wp-init=\"callbacks.setButtonStyles\" data-wp-on--click=\"actions.showLightbox\" data-wp-on--load=\"callbacks.setButtonStyles\" data-wp-on-window--resize=\"callbacks.setButtonStyles\" src=\"https:\/\/myroami.com\/fr\/wp-content\/uploads\/sites\/35\/2025\/08\/quand-partir-aux-caraibes-meteo-1024x576.png\" alt=\"Quand partir aux Cara\u00efbes pour la m\u00e9t\u00e9o\" class=\"wp-image-74108\" srcset=\"https:\/\/myroami.com\/fr\/wp-content\/uploads\/sites\/35\/2025\/08\/quand-partir-aux-caraibes-meteo-1024x576.png 1024w, https:\/\/myroami.com\/fr\/wp-content\/uploads\/sites\/35\/2025\/08\/quand-partir-aux-caraibes-meteo-300x169.png 300w, https:\/\/myroami.com\/fr\/wp-content\/uploads\/sites\/35\/2025\/08\/quand-partir-aux-caraibes-meteo-768x432.png 768w, https:\/\/myroami.com\/fr\/wp-content\/uploads\/sites\/35\/2025\/08\/quand-partir-aux-caraibes-meteo.png 1365w\" sizes=\"auto, (max-width: 1024px) 100vw, 1024px\" \/><button\n\t\t\tclass=\"lightbox-trigger\"\n\t\t\ttype=\"button\"\n\t\t\taria-haspopup=\"dialog\"\n\t\t\taria-label=\"Agrandir\"\n\t\t\tdata-wp-init=\"callbacks.initTriggerButton\"\n\t\t\tdata-wp-on--click=\"actions.showLightbox\"\n\t\t\tdata-wp-style--right=\"state.imageButtonRight\"\n\t\t\tdata-wp-style--top=\"state.imageButtonTop\"\n\t\t>\n\t\t\t<svg xmlns=\"http:\/\/www.w3.org\/2000\/svg\" width=\"12\" height=\"12\" fill=\"none\" viewBox=\"0 0 12 12\">\n\t\t\t\t<path fill=\"#fff\" d=\"M2 0a2 2 0 0 0-2 2v2h1.5V2a.5.5 0 0 1 .5-.5h2V0H2Zm2 10.5H2a.5.5 0 0 1-.5-.5V8H0v2a2 2 0 0 0 2 2h2v-1.5ZM8 12v-1.5h2a.5.5 0 0 0 .5-.5V8H12v2a2 2 0 0 1-2 2H8Zm2-12a2 2 0 0 1 2 2v2h-1.5V2a.5.5 0 0 0-.5-.5H8V0h2Z\" \/>\n\t\t\t<\/svg>\n\t\t<\/button><\/figure>\n\n\n\n<p>Guide mensuel rapide&nbsp;:<\/p>\n\n\n\n<ul class=\"wp-block-list\">\n<li>Janvier-Avril&nbsp;: Chaud et sec&nbsp;; temps id\u00e9al pour la plage, mais fr\u00e9quent\u00e9.<\/li>\n\n\n\n<li>Mai&nbsp;: D\u00e9but des pluies&nbsp;; moins de touristes et tarifs avantageux.<\/li>\n\n\n\n<li>Juin-Ao\u00fbt&nbsp;: Chaleur et averses&nbsp;; d\u00e9but de la saison des ouragans.<\/li>\n\n\n\n<li>Septembre-Octobre&nbsp;: Saison cyclonique intense&nbsp;; risques de temp\u00eates.<\/li>\n\n\n\n<li>Novembre-D\u00e9cembre&nbsp;: Les pluies s\u2019estompent&nbsp;; retour progressif vers la saison s\u00e8che.<\/li>\n<\/ul>\n\n\n\n<h2 class=\"wp-block-heading\"><strong>Les \u00e9v\u00e9nements annuels \u00e0 ne pas manquer dans les Cara\u00efbes&nbsp;<\/strong><\/h2>\n\n\n\n<p>Les Cara\u00efbes sont mondialement connues pour leur culture vibrante, leurs festivals hauts en couleur et leurs c\u00e9l\u00e9brations inoubliables. Tout au long de l\u2019ann\u00e9e, chaque \u00eele s\u2019anime au rythme d\u2019\u00e9v\u00e9nements qui mettent \u00e0 l\u2019honneur les traditions locales, la gastronomie, et des musiques enivrantes. Voici les grands rendez-vous \u00e0 noter dans votre agenda pour 2025&nbsp;:<\/p>\n\n\n\n<h3 class=\"wp-block-heading\"><strong>Janvier<\/strong><\/h3>\n\n\n\n<p><strong>Festival de la rue San Sebasti\u00e1n (San Juan, Porto Rico)<\/strong><\/p>\n\n\n\n<p>Ce festival embl\u00e9matique transforme le vieux San Juan en une f\u00eate g\u00e9ante, au son des rythmes endiabl\u00e9s de la salsa, avec d\u2019immenses marionnettes, des artistes de rue et une profusion de sp\u00e9cialit\u00e9s portoricaines. Connu sous le nom de \u00ab\u00a0SanSe\u00a0\u00bb, c\u2019est <strong>le plus grand \u00e9v\u00e9nement culturel<\/strong> de l\u2019\u00eele, une ode joyeuse \u00e0 la fiert\u00e9 locale.<\/p>\n\n\n\n<h3 class=\"wp-block-heading\"><strong>Mars<\/strong><\/h3>\n\n\n\n<p><strong>Carnaval de Trinidad et Tobago<\/strong><\/p>\n\n\n\n<p>Ce carnaval spectaculaire attire plus de <strong>30\u00a0000 participants <\/strong>chaque ann\u00e9e. Au programme\u00a0: parades gigantesques, comp\u00e9titions de musique soca survolt\u00e9es et costumes faits main pouvant co\u00fbter plusieurs milliers d\u2019euros. Le point culminant est le \u00ab\u00a0<strong>J'ouvert<\/strong>\u00a0\u00bb, une f\u00eate de rue au lever du jour o\u00f9 les f\u00eatards se recouvrent de peinture, de poudre et de boue pour danser jusqu\u2019au matin.<\/p>\n\n\n\n<p><strong>Carnaval de Barranquilla (Colombie)<\/strong><\/p>\n\n\n\n<figure data-wp-context=\"{&quot;imageId&quot;:&quot;69efa8d22680b&quot;}\" data-wp-interactive=\"core\/image\" data-wp-key=\"69efa8d22680b\" class=\"wp-block-image size-full wp-lightbox-container\"><img loading=\"lazy\" decoding=\"async\" width=\"920\" height=\"613\" data-wp-class--hide=\"state.isContentHidden\" data-wp-class--show=\"state.isContentVisible\" data-wp-init=\"callbacks.setButtonStyles\" data-wp-on--click=\"actions.showLightbox\" data-wp-on--load=\"callbacks.setButtonStyles\" data-wp-on-window--resize=\"callbacks.setButtonStyles\" src=\"https:\/\/myroami.com\/fr\/wp-content\/uploads\/sites\/35\/2025\/08\/festival-caraibes-quand-partir.jpg\" alt=\"Festival traditionnel aux Cara\u00efbes \u2013 Quand partir aux Cara\u00efbes\" class=\"wp-image-74109\" srcset=\"https:\/\/myroami.com\/fr\/wp-content\/uploads\/sites\/35\/2025\/08\/festival-caraibes-quand-partir.jpg 920w, https:\/\/myroami.com\/fr\/wp-content\/uploads\/sites\/35\/2025\/08\/festival-caraibes-quand-partir-300x200.jpg 300w, https:\/\/myroami.com\/fr\/wp-content\/uploads\/sites\/35\/2025\/08\/festival-caraibes-quand-partir-768x512.jpg 768w\" sizes=\"auto, (max-width: 920px) 100vw, 920px\" \/><button\n\t\t\tclass=\"lightbox-trigger\"\n\t\t\ttype=\"button\"\n\t\t\taria-haspopup=\"dialog\"\n\t\t\taria-label=\"Agrandir\"\n\t\t\tdata-wp-init=\"callbacks.initTriggerButton\"\n\t\t\tdata-wp-on--click=\"actions.showLightbox\"\n\t\t\tdata-wp-style--right=\"state.imageButtonRight\"\n\t\t\tdata-wp-style--top=\"state.imageButtonTop\"\n\t\t>\n\t\t\t<svg xmlns=\"http:\/\/www.w3.org\/2000\/svg\" width=\"12\" height=\"12\" fill=\"none\" viewBox=\"0 0 12 12\">\n\t\t\t\t<path fill=\"#fff\" d=\"M2 0a2 2 0 0 0-2 2v2h1.5V2a.5.5 0 0 1 .5-.5h2V0H2Zm2 10.5H2a.5.5 0 0 1-.5-.5V8H0v2a2 2 0 0 0 2 2h2v-1.5ZM8 12v-1.5h2a.5.5 0 0 0 .5-.5V8H12v2a2 2 0 0 1-2 2H8Zm2-12a2 2 0 0 1 2 2v2h-1.5V2a.5.5 0 0 0-.5-.5H8V0h2Z\" \/>\n\t\t\t<\/svg>\n\t\t<\/button><figcaption class=\"wp-element-caption\"><em>Source\u202f: El Espectador<\/em><\/figcaption><\/figure>\n\n\n\n<p>Le plus grand festival de Colombie fait vibrer la c\u00f4te cara\u00efbe du pays pendant quatre jours de f\u00eates non-stop. L\u2019\u00e9v\u00e9nement phare, \u00ab\u00a0la Bataille des Fleurs\u00a0\u00bb, est c\u00e9l\u00e8bre pour ses chars spectaculaires, ses costumes color\u00e9s et ses danses endiabl\u00e9es.<\/p>\n\n\n\n<p><strong>Virgin Islands Jam Fest (Saint John, \u00celes Vierges am\u00e9ricaines)<\/strong><\/p>\n\n\n\n<figure data-wp-context=\"{&quot;imageId&quot;:&quot;69efa8d226d75&quot;}\" data-wp-interactive=\"core\/image\" data-wp-key=\"69efa8d226d75\" class=\"wp-block-image size-large wp-lightbox-container\"><img loading=\"lazy\" decoding=\"async\" width=\"1024\" height=\"683\" data-wp-class--hide=\"state.isContentHidden\" data-wp-class--show=\"state.isContentVisible\" data-wp-init=\"callbacks.setButtonStyles\" data-wp-on--click=\"actions.showLightbox\" data-wp-on--load=\"callbacks.setButtonStyles\" data-wp-on-window--resize=\"callbacks.setButtonStyles\" src=\"https:\/\/myroami.com\/fr\/wp-content\/uploads\/sites\/35\/2025\/08\/virgin-islands-jam-fest-quand-partir-caraibes-1024x683.jpg\" alt=\"Virgin Islands Jam Fest \u00e0 Saint John (\u00celes Vierges am\u00e9ricaines) \u2013 Quand partir aux Cara\u00efbes\" class=\"wp-image-74112\" srcset=\"https:\/\/myroami.com\/fr\/wp-content\/uploads\/sites\/35\/2025\/08\/virgin-islands-jam-fest-quand-partir-caraibes-1024x683.jpg 1024w, https:\/\/myroami.com\/fr\/wp-content\/uploads\/sites\/35\/2025\/08\/virgin-islands-jam-fest-quand-partir-caraibes-300x200.jpg 300w, https:\/\/myroami.com\/fr\/wp-content\/uploads\/sites\/35\/2025\/08\/virgin-islands-jam-fest-quand-partir-caraibes-768x512.jpg 768w, https:\/\/myroami.com\/fr\/wp-content\/uploads\/sites\/35\/2025\/08\/virgin-islands-jam-fest-quand-partir-caraibes-1536x1024.jpg 1536w, https:\/\/myroami.com\/fr\/wp-content\/uploads\/sites\/35\/2025\/08\/virgin-islands-jam-fest-quand-partir-caraibes.jpg 1600w\" sizes=\"auto, (max-width: 1024px) 100vw, 1024px\" \/><button\n\t\t\tclass=\"lightbox-trigger\"\n\t\t\ttype=\"button\"\n\t\t\taria-haspopup=\"dialog\"\n\t\t\taria-label=\"Agrandir\"\n\t\t\tdata-wp-init=\"callbacks.initTriggerButton\"\n\t\t\tdata-wp-on--click=\"actions.showLightbox\"\n\t\t\tdata-wp-style--right=\"state.imageButtonRight\"\n\t\t\tdata-wp-style--top=\"state.imageButtonTop\"\n\t\t>\n\t\t\t<svg xmlns=\"http:\/\/www.w3.org\/2000\/svg\" width=\"12\" height=\"12\" fill=\"none\" viewBox=\"0 0 12 12\">\n\t\t\t\t<path fill=\"#fff\" d=\"M2 0a2 2 0 0 0-2 2v2h1.5V2a.5.5 0 0 1 .5-.5h2V0H2Zm2 10.5H2a.5.5 0 0 1-.5-.5V8H0v2a2 2 0 0 0 2 2h2v-1.5ZM8 12v-1.5h2a.5.5 0 0 0 .5-.5V8H12v2a2 2 0 0 1-2 2H8Zm2-12a2 2 0 0 1 2 2v2h-1.5V2a.5.5 0 0 0-.5-.5H8V0h2Z\" \/>\n\t\t\t<\/svg>\n\t\t<\/button><figcaption class=\"wp-element-caption\"><em>Source\u202f: WIVB News 4 Buffalo<\/em><\/figcaption><\/figure>\n\n\n\n<p>Ce festival musical intimiste se d\u00e9roule au Windmill Bar, un lieu pris\u00e9 avec vue sur la mer. Dans une ambiance d\u00e9contract\u00e9e, des centaines de passionn\u00e9s de musique se retrouvent pour \u00e9couter des artistes de reggae, de hip-hop, de country ou de musique contemporaine.<\/p>\n\n\n\n<h3 class=\"wp-block-heading\"><strong>Avril<\/strong><\/h3>\n\n\n\n<p><strong>Carnaval de la Jama\u00efque (Kingston)<\/strong><\/p>\n\n\n\n<figure data-wp-context=\"{&quot;imageId&quot;:&quot;69efa8d227374&quot;}\" data-wp-interactive=\"core\/image\" data-wp-key=\"69efa8d227374\" class=\"wp-block-image size-large wp-lightbox-container\"><img loading=\"lazy\" decoding=\"async\" width=\"1024\" height=\"682\" data-wp-class--hide=\"state.isContentHidden\" data-wp-class--show=\"state.isContentVisible\" data-wp-init=\"callbacks.setButtonStyles\" data-wp-on--click=\"actions.showLightbox\" data-wp-on--load=\"callbacks.setButtonStyles\" data-wp-on-window--resize=\"callbacks.setButtonStyles\" src=\"https:\/\/myroami.com\/fr\/wp-content\/uploads\/sites\/35\/2025\/08\/carnaval-jamaique-kingston-quand-partir-caraibes-1024x682.jpg\" alt=\"Carnaval de la Jama\u00efque \u00e0 Kingston \u2013 Quand partir aux Cara\u00efbes\" class=\"wp-image-74114\" srcset=\"https:\/\/myroami.com\/fr\/wp-content\/uploads\/sites\/35\/2025\/08\/carnaval-jamaique-kingston-quand-partir-caraibes-1024x682.jpg 1024w, https:\/\/myroami.com\/fr\/wp-content\/uploads\/sites\/35\/2025\/08\/carnaval-jamaique-kingston-quand-partir-caraibes-300x200.jpg 300w, https:\/\/myroami.com\/fr\/wp-content\/uploads\/sites\/35\/2025\/08\/carnaval-jamaique-kingston-quand-partir-caraibes-768x511.jpg 768w, https:\/\/myroami.com\/fr\/wp-content\/uploads\/sites\/35\/2025\/08\/carnaval-jamaique-kingston-quand-partir-caraibes.jpg 1280w\" sizes=\"auto, (max-width: 1024px) 100vw, 1024px\" \/><button\n\t\t\tclass=\"lightbox-trigger\"\n\t\t\ttype=\"button\"\n\t\t\taria-haspopup=\"dialog\"\n\t\t\taria-label=\"Agrandir\"\n\t\t\tdata-wp-init=\"callbacks.initTriggerButton\"\n\t\t\tdata-wp-on--click=\"actions.showLightbox\"\n\t\t\tdata-wp-style--right=\"state.imageButtonRight\"\n\t\t\tdata-wp-style--top=\"state.imageButtonTop\"\n\t\t>\n\t\t\t<svg xmlns=\"http:\/\/www.w3.org\/2000\/svg\" width=\"12\" height=\"12\" fill=\"none\" viewBox=\"0 0 12 12\">\n\t\t\t\t<path fill=\"#fff\" d=\"M2 0a2 2 0 0 0-2 2v2h1.5V2a.5.5 0 0 1 .5-.5h2V0H2Zm2 10.5H2a.5.5 0 0 1-.5-.5V8H0v2a2 2 0 0 0 2 2h2v-1.5ZM8 12v-1.5h2a.5.5 0 0 0 .5-.5V8H12v2a2 2 0 0 1-2 2H8Zm2-12a2 2 0 0 1 2 2v2h-1.5V2a.5.5 0 0 0-.5-.5H8V0h2Z\" \/>\n\t\t\t<\/svg>\n\t\t<\/button><figcaption class=\"wp-element-caption\"><em>Source\u202f: Matador Network<\/em><\/figcaption><\/figure>\n\n\n\n<p>Pendant une semaine enti\u00e8re, la capitale jama\u00efcaine s\u2019embrase au rythme de la musique, des danses et des d\u00e9fil\u00e9s color\u00e9s. Des milliers de festivaliers envahissent les rues, par\u00e9s de plumes, de paillettes et de costumes \u00e9clatants pour c\u00e9l\u00e9brer la culture de l\u2019\u00eele avec \u00e9nergie et fiert\u00e9.<\/p>\n\n\n\n<p><strong>Carnaval de Saint-Martin<\/strong><\/p>\n\n\n\n<figure data-wp-context=\"{&quot;imageId&quot;:&quot;69efa8d2278c7&quot;}\" data-wp-interactive=\"core\/image\" data-wp-key=\"69efa8d2278c7\" class=\"wp-block-image size-full wp-lightbox-container\"><img loading=\"lazy\" decoding=\"async\" width=\"935\" height=\"475\" data-wp-class--hide=\"state.isContentHidden\" data-wp-class--show=\"state.isContentVisible\" data-wp-init=\"callbacks.setButtonStyles\" data-wp-on--click=\"actions.showLightbox\" data-wp-on--load=\"callbacks.setButtonStyles\" data-wp-on-window--resize=\"callbacks.setButtonStyles\" src=\"https:\/\/myroami.com\/fr\/wp-content\/uploads\/sites\/35\/2025\/08\/carnaval-saint-martin-quand-partir-caraibes.jpg\" alt=\"Carnaval de Saint-Martin \u2013 Quand partir aux Cara\u00efbes\" class=\"wp-image-74115\" srcset=\"https:\/\/myroami.com\/fr\/wp-content\/uploads\/sites\/35\/2025\/08\/carnaval-saint-martin-quand-partir-caraibes.jpg 935w, https:\/\/myroami.com\/fr\/wp-content\/uploads\/sites\/35\/2025\/08\/carnaval-saint-martin-quand-partir-caraibes-300x152.jpg 300w, https:\/\/myroami.com\/fr\/wp-content\/uploads\/sites\/35\/2025\/08\/carnaval-saint-martin-quand-partir-caraibes-768x390.jpg 768w\" sizes=\"auto, (max-width: 935px) 100vw, 935px\" \/><button\n\t\t\tclass=\"lightbox-trigger\"\n\t\t\ttype=\"button\"\n\t\t\taria-haspopup=\"dialog\"\n\t\t\taria-label=\"Agrandir\"\n\t\t\tdata-wp-init=\"callbacks.initTriggerButton\"\n\t\t\tdata-wp-on--click=\"actions.showLightbox\"\n\t\t\tdata-wp-style--right=\"state.imageButtonRight\"\n\t\t\tdata-wp-style--top=\"state.imageButtonTop\"\n\t\t>\n\t\t\t<svg xmlns=\"http:\/\/www.w3.org\/2000\/svg\" width=\"12\" height=\"12\" fill=\"none\" viewBox=\"0 0 12 12\">\n\t\t\t\t<path fill=\"#fff\" d=\"M2 0a2 2 0 0 0-2 2v2h1.5V2a.5.5 0 0 1 .5-.5h2V0H2Zm2 10.5H2a.5.5 0 0 1-.5-.5V8H0v2a2 2 0 0 0 2 2h2v-1.5ZM8 12v-1.5h2a.5.5 0 0 0 .5-.5V8H12v2a2 2 0 0 1-2 2H8Zm2-12a2 2 0 0 1 2 2v2h-1.5V2a.5.5 0 0 0-.5-.5H8V0h2Z\" \/>\n\t\t\t<\/svg>\n\t\t<\/button><figcaption class=\"wp-element-caption\"><em>Source\u202f: Office Holidays<\/em><\/figcaption><\/figure>\n\n\n\n<p>Saint-Martin m\u00e9lange les influences fran\u00e7aises, n\u00e9erlandaises et antillaises dans un grand carnaval m\u00ealant concerts, d\u00e9fil\u00e9s et gastronomie locale. Parmi les temps forts\u00a0: la Grande Parade de Carnaval et les performances d\u2019artistes venus des Cara\u00efbes et d\u2019ailleurs.<\/p>\n\n\n\n<h3 class=\"wp-block-heading\"><strong>Mai<\/strong><\/h3>\n\n\n\n<p><strong>Soul Beach Music Festival (Saint-Martin)<\/strong><\/p>\n\n\n\n<p>Ce festival de six jours combine f\u00eates sur la plage, concerts en plein air et spectacles de stand-up. Ambiance festive, \u00e9v\u00e9nements chics en soir\u00e9e et instants ensoleill\u00e9s en bord de mer\u00a0: un rendez-vous id\u00e9al pour les amateurs de musique et de d\u00e9tente.<\/p>\n\n\n\n<h3 class=\"wp-block-heading\"><strong>Juin<\/strong><\/h3>\n\n\n\n<p><strong>Aruba Summer Music Festival (Aruba)<\/strong><\/p>\n\n\n\n<p>Chaque ann\u00e9e \u00e0 Oranjestad, Aruba accueille de grands artistes de salsa, merengue, reggaeton et soca lors d\u2019un festival rythm\u00e9 par la musique latine et carib\u00e9enne. Un \u00e9v\u00e9nement incontournable pour profiter de concerts en plein air et d\u00e9couvrir les saveurs locales dans une ambiance \u00e9lectrique.<\/p>\n\n\n\n<h3 class=\"wp-block-heading\"><strong>Juillet<\/strong><\/h3>\n\n\n\n<p><strong>Festival de Saint John (\u00celes Vierges am\u00e9ricaines)<\/strong><\/p>\n\n\n\n<p>Ce festival marque deux \u00e9v\u00e9nements majeurs\u00a0: l\u2019abolition de l\u2019esclavage dans les \u00celes Vierges (le 3 juillet) et la f\u00eate de l\u2019ind\u00e9pendance des \u00c9tats-Unis (le 4 juillet). D\u00e9fil\u00e9s, musique live, cuisine traditionnelle et danses folkloriques font de cette p\u00e9riode un moment de c\u00e9l\u00e9bration intense du patrimoine afro-carib\u00e9en.<\/p>\n\n\n\n<p><strong>Saba Summer Festival (Saba)<\/strong><\/p>\n\n\n\n<figure data-wp-context=\"{&quot;imageId&quot;:&quot;69efa8d228158&quot;}\" data-wp-interactive=\"core\/image\" data-wp-key=\"69efa8d228158\" class=\"wp-block-image size-large wp-lightbox-container\"><img loading=\"lazy\" decoding=\"async\" width=\"1024\" height=\"683\" data-wp-class--hide=\"state.isContentHidden\" data-wp-class--show=\"state.isContentVisible\" data-wp-init=\"callbacks.setButtonStyles\" data-wp-on--click=\"actions.showLightbox\" data-wp-on--load=\"callbacks.setButtonStyles\" data-wp-on-window--resize=\"callbacks.setButtonStyles\" src=\"https:\/\/myroami.com\/fr\/wp-content\/uploads\/sites\/35\/2025\/08\/saba-summer-festival-quand-partir-caraibes-1024x683.jpg\" alt=\"Saba Summer Festival sur l\u2019\u00eele de Saba \u2013 Quand partir aux Cara\u00efbes\" class=\"wp-image-74117\" srcset=\"https:\/\/myroami.com\/fr\/wp-content\/uploads\/sites\/35\/2025\/08\/saba-summer-festival-quand-partir-caraibes-1024x683.jpg 1024w, https:\/\/myroami.com\/fr\/wp-content\/uploads\/sites\/35\/2025\/08\/saba-summer-festival-quand-partir-caraibes-300x200.jpg 300w, https:\/\/myroami.com\/fr\/wp-content\/uploads\/sites\/35\/2025\/08\/saba-summer-festival-quand-partir-caraibes-768x512.jpg 768w, https:\/\/myroami.com\/fr\/wp-content\/uploads\/sites\/35\/2025\/08\/saba-summer-festival-quand-partir-caraibes.jpg 1100w\" sizes=\"auto, (max-width: 1024px) 100vw, 1024px\" \/><button\n\t\t\tclass=\"lightbox-trigger\"\n\t\t\ttype=\"button\"\n\t\t\taria-haspopup=\"dialog\"\n\t\t\taria-label=\"Agrandir\"\n\t\t\tdata-wp-init=\"callbacks.initTriggerButton\"\n\t\t\tdata-wp-on--click=\"actions.showLightbox\"\n\t\t\tdata-wp-style--right=\"state.imageButtonRight\"\n\t\t\tdata-wp-style--top=\"state.imageButtonTop\"\n\t\t>\n\t\t\t<svg xmlns=\"http:\/\/www.w3.org\/2000\/svg\" width=\"12\" height=\"12\" fill=\"none\" viewBox=\"0 0 12 12\">\n\t\t\t\t<path fill=\"#fff\" d=\"M2 0a2 2 0 0 0-2 2v2h1.5V2a.5.5 0 0 1 .5-.5h2V0H2Zm2 10.5H2a.5.5 0 0 1-.5-.5V8H0v2a2 2 0 0 0 2 2h2v-1.5ZM8 12v-1.5h2a.5.5 0 0 0 .5-.5V8H12v2a2 2 0 0 1-2 2H8Zm2-12a2 2 0 0 1 2 2v2h-1.5V2a.5.5 0 0 0-.5-.5H8V0h2Z\" \/>\n\t\t\t<\/svg>\n\t\t<\/button><figcaption class=\"wp-element-caption\"><em>Source\u202f: Saba Dutch Caribbean \/ Kai Wulf<\/em><\/figcaption><\/figure>\n\n\n\n<p>Pendant quelques jours, cette petite \u00eele m\u00e9connue se transforme en centre culturel dynamique. Concerts, d\u00e9fil\u00e9s, gastronomie et animations de rue se succ\u00e8dent dans une ambiance chaleureuse. Le festival d\u00e9bute avec le \u00ab\u00a0Jump-Up\u00a0\u00bb de la soir\u00e9e d\u2019ouverture, un d\u00e9fil\u00e9 musical dans\u00e9 o\u00f9 locaux et visiteurs d\u00e9ambulent ensemble dans les rues.<\/p>\n\n\n\n<h3 class=\"wp-block-heading\"><strong>Ao\u00fbt<\/strong><\/h3>\n\n\n\n<p><strong>Carnaval d\u2019Antigua (Antigua)<\/strong><\/p>\n\n\n\n<figure data-wp-context=\"{&quot;imageId&quot;:&quot;69efa8d22871b&quot;}\" data-wp-interactive=\"core\/image\" data-wp-key=\"69efa8d22871b\" class=\"wp-block-image size-large wp-lightbox-container\"><img loading=\"lazy\" decoding=\"async\" width=\"1024\" height=\"768\" data-wp-class--hide=\"state.isContentHidden\" data-wp-class--show=\"state.isContentVisible\" data-wp-init=\"callbacks.setButtonStyles\" data-wp-on--click=\"actions.showLightbox\" data-wp-on--load=\"callbacks.setButtonStyles\" data-wp-on-window--resize=\"callbacks.setButtonStyles\" src=\"https:\/\/myroami.com\/fr\/wp-content\/uploads\/sites\/35\/2025\/08\/carnaval-antigua-quand-partir-caraibes-1024x768.jpg\" alt=\"Carnaval d\u2019Antigua \u00e0 Antigua \u2013 Quand partir aux Cara\u00efbes\" class=\"wp-image-74118\" srcset=\"https:\/\/myroami.com\/fr\/wp-content\/uploads\/sites\/35\/2025\/08\/carnaval-antigua-quand-partir-caraibes-1024x768.jpg 1024w, https:\/\/myroami.com\/fr\/wp-content\/uploads\/sites\/35\/2025\/08\/carnaval-antigua-quand-partir-caraibes-300x225.jpg 300w, https:\/\/myroami.com\/fr\/wp-content\/uploads\/sites\/35\/2025\/08\/carnaval-antigua-quand-partir-caraibes-768x576.jpg 768w, https:\/\/myroami.com\/fr\/wp-content\/uploads\/sites\/35\/2025\/08\/carnaval-antigua-quand-partir-caraibes-1536x1152.jpg 1536w, https:\/\/myroami.com\/fr\/wp-content\/uploads\/sites\/35\/2025\/08\/carnaval-antigua-quand-partir-caraibes.jpg 1600w\" sizes=\"auto, (max-width: 1024px) 100vw, 1024px\" \/><button\n\t\t\tclass=\"lightbox-trigger\"\n\t\t\ttype=\"button\"\n\t\t\taria-haspopup=\"dialog\"\n\t\t\taria-label=\"Agrandir\"\n\t\t\tdata-wp-init=\"callbacks.initTriggerButton\"\n\t\t\tdata-wp-on--click=\"actions.showLightbox\"\n\t\t\tdata-wp-style--right=\"state.imageButtonRight\"\n\t\t\tdata-wp-style--top=\"state.imageButtonTop\"\n\t\t>\n\t\t\t<svg xmlns=\"http:\/\/www.w3.org\/2000\/svg\" width=\"12\" height=\"12\" fill=\"none\" viewBox=\"0 0 12 12\">\n\t\t\t\t<path fill=\"#fff\" d=\"M2 0a2 2 0 0 0-2 2v2h1.5V2a.5.5 0 0 1 .5-.5h2V0H2Zm2 10.5H2a.5.5 0 0 1-.5-.5V8H0v2a2 2 0 0 0 2 2h2v-1.5ZM8 12v-1.5h2a.5.5 0 0 0 .5-.5V8H12v2a2 2 0 0 1-2 2H8Zm2-12a2 2 0 0 1 2 2v2h-1.5V2a.5.5 0 0 0-.5-.5H8V0h2Z\" \/>\n\t\t\t<\/svg>\n\t\t<\/button><figcaption class=\"wp-element-caption\"><em>Source\u202f: The Caribbean Views<\/em><\/figcaption><\/figure>\n\n\n\n<p>Consid\u00e9r\u00e9 comme \u00ab\u00a0le plus grand festival d\u2019\u00e9t\u00e9 des Cara\u00efbes\u00a0\u00bb, le carnaval d\u2019Antigua comm\u00e9more l\u2019\u00e9mancipation des esclaves en 1834. Pendant deux semaines, l\u2019\u00eele c\u00e9l\u00e8bre son histoire \u00e0 travers des d\u00e9fil\u00e9s, des concerts, des concours de beaut\u00e9 et des performances de danse.<\/p>\n\n\n\n<p><strong>Crop Over Festival (Barbade)<\/strong><\/p>\n\n\n\n<p>Cette f\u00eate traditionnelle c\u00e9l\u00e8bre la fin de la r\u00e9colte de la canne \u00e0 sucre. Concours de calypso, march\u00e9s anim\u00e9s et f\u00eates de rue rythment la semaine. Le clou du spectacle est le \u00ab\u00a0Grand Kadooment Day\u00a0\u00bb, o\u00f9 des milliers de personnes d\u00e9filent dans les rues de Bridgetown en costumes flamboyants, dansant sur des rythmes soca.<\/p>\n\n\n\n<h3 class=\"wp-block-heading\"><strong>D\u00e9cembre<\/strong><\/h3>\n\n\n\n<p><strong>Junkanoo (<\/strong><a href=\"https:\/\/myroami.com\/fr\/voyage\/quand-partir-aux-bahamas\/\"><strong>Bahamas<\/strong><\/a><strong>)<\/strong><\/p>\n\n\n\n<figure data-wp-context=\"{&quot;imageId&quot;:&quot;69efa8d228da9&quot;}\" data-wp-interactive=\"core\/image\" data-wp-key=\"69efa8d228da9\" class=\"wp-block-image size-full wp-lightbox-container\"><img loading=\"lazy\" decoding=\"async\" width=\"935\" height=\"490\" data-wp-class--hide=\"state.isContentHidden\" data-wp-class--show=\"state.isContentVisible\" data-wp-init=\"callbacks.setButtonStyles\" data-wp-on--click=\"actions.showLightbox\" data-wp-on--load=\"callbacks.setButtonStyles\" data-wp-on-window--resize=\"callbacks.setButtonStyles\" src=\"https:\/\/myroami.com\/fr\/wp-content\/uploads\/sites\/35\/2025\/08\/junkanoo-bahamas-quand-partir-caraibes.jpg\" alt=\"Junkanoo aux Bahamas \u2013 Quand partir aux Cara\u00efbes\" class=\"wp-image-74121\" srcset=\"https:\/\/myroami.com\/fr\/wp-content\/uploads\/sites\/35\/2025\/08\/junkanoo-bahamas-quand-partir-caraibes.jpg 935w, https:\/\/myroami.com\/fr\/wp-content\/uploads\/sites\/35\/2025\/08\/junkanoo-bahamas-quand-partir-caraibes-300x157.jpg 300w, https:\/\/myroami.com\/fr\/wp-content\/uploads\/sites\/35\/2025\/08\/junkanoo-bahamas-quand-partir-caraibes-768x402.jpg 768w\" sizes=\"auto, (max-width: 935px) 100vw, 935px\" \/><button\n\t\t\tclass=\"lightbox-trigger\"\n\t\t\ttype=\"button\"\n\t\t\taria-haspopup=\"dialog\"\n\t\t\taria-label=\"Agrandir\"\n\t\t\tdata-wp-init=\"callbacks.initTriggerButton\"\n\t\t\tdata-wp-on--click=\"actions.showLightbox\"\n\t\t\tdata-wp-style--right=\"state.imageButtonRight\"\n\t\t\tdata-wp-style--top=\"state.imageButtonTop\"\n\t\t>\n\t\t\t<svg xmlns=\"http:\/\/www.w3.org\/2000\/svg\" width=\"12\" height=\"12\" fill=\"none\" viewBox=\"0 0 12 12\">\n\t\t\t\t<path fill=\"#fff\" d=\"M2 0a2 2 0 0 0-2 2v2h1.5V2a.5.5 0 0 1 .5-.5h2V0H2Zm2 10.5H2a.5.5 0 0 1-.5-.5V8H0v2a2 2 0 0 0 2 2h2v-1.5ZM8 12v-1.5h2a.5.5 0 0 0 .5-.5V8H12v2a2 2 0 0 1-2 2H8Zm2-12a2 2 0 0 1 2 2v2h-1.5V2a.5.5 0 0 0-.5-.5H8V0h2Z\" \/>\n\t\t\t<\/svg>\n\t\t<\/button><figcaption class=\"wp-element-caption\"><em>Source\u202f: Bahamas Air Tours<\/em><\/figcaption><\/figure>\n\n\n\n<p>N\u00e9 au d\u00e9but du XIXe si\u00e8cle, ce festival trouve ses racines dans les f\u00eates africaines organis\u00e9es par les esclaves pendant leurs rares jours de cong\u00e9. Aujourd\u2019hui, Junkanoo se manifeste par de grandes parades de rue avec des costumes spectaculaires, une musique rythm\u00e9e (cloches, tambours en peau de ch\u00e8vre, cuivres) et des danses effr\u00e9n\u00e9es. Un v\u00e9ritable feu d\u2019artifice culturel.<br><\/p>\n\n\n\n<h2 class=\"wp-block-heading\"><strong>Quelle est la p\u00e9riode la moins ch\u00e8re pour visiter les Cara\u00efbes&nbsp;?&nbsp;<\/strong><\/h2>\n\n\n\n<p>Les Cara\u00efbes ont la r\u00e9putation d\u2019\u00eatre une destination on\u00e9reuse, mais avec une bonne strat\u00e9gie de voyage, il est tout \u00e0 fait possible de profiter du paradis tropical sans exploser votre budget. La cl\u00e9&nbsp;? Choisir la bonne p\u00e9riode pour partir.<\/p>\n\n\n\n<p>En voyageant hors saison (juillet \u00e0 octobre) ou pendant les mois interm\u00e9diaires (mai, juin et novembre), vous pouvez r\u00e9aliser des \u00e9conomies consid\u00e9rables sur les h\u00e9bergements, les billets d\u2019avion et m\u00eame certaines activit\u00e9s.<\/p>\n\n\n\n<h3 class=\"wp-block-heading\"><strong>Saison basse (juillet \u00e0 octobre)<\/strong><\/h3>\n\n\n\n<p>C\u2019est la p\u00e9riode la plus \u00e9conomique pour visiter les Cara\u00efbes. Elle co\u00efncide toutefois avec la saison des ouragans, particuli\u00e8rement entre ao\u00fbt et octobre. Durant ces mois, les prix chutent fortement, avec des <strong>r\u00e9ductions importantes sur les h\u00f4tels et les vols<\/strong>. Les plages sont plus calmes, les sites touristiques moins fr\u00e9quent\u00e9s\u2026 mais il faudra <strong>garder un \u0153il sur la m\u00e9t\u00e9o<\/strong> et envisager une assurance voyage.<\/p>\n\n\n\n<p><strong>Tarifs typiques pendant la saison basse&nbsp;<\/strong>:<\/p>\n\n\n\n<ul class=\"wp-block-list\">\n<li><strong>H\u00f4tels \u00e9conomiques&nbsp;<\/strong>: entre <strong>55&nbsp;\u20ac et 95&nbsp;\u20ac<\/strong> la nuit pour une chambre double simple<\/li>\n\n\n\n<li><strong>Repas pour deux personnes dans un restaurant local<\/strong>\u202f: <strong>environ 18&nbsp;\u20ac \u00e0 37&nbsp;\u20ac<\/strong><\/li>\n\n\n\n<li><strong>Boissons<\/strong>\u202f: bi\u00e8re \u00e0 <strong>1,80&nbsp;\u20ac~3,70&nbsp;\u20ac<\/strong>\u202f; cocktail entre <strong>4,70&nbsp;\u20ac et 7,50&nbsp;\u20ac<\/strong><\/li>\n\n\n\n<li><strong>Activit\u00e9s et excursions<\/strong>\u202f: g\u00e9n\u00e9ralement entre <strong>14&nbsp;\u20ac et 37&nbsp;\u20ac<\/strong><\/li>\n<\/ul>\n\n\n\n<h3 class=\"wp-block-heading\"><strong>Saison interm\u00e9diaire (mai, juin, novembre)<\/strong><\/h3>\n\n\n\n<p>Ces mois repr\u00e9sentent <strong>le meilleur rapport qualit\u00e9-prix<\/strong>. La m\u00e9t\u00e9o reste globalement cl\u00e9mente, les touristes sont moins nombreux, et les <strong>tarifs h\u00f4teliers sont r\u00e9duits<\/strong> par rapport \u00e0 la haute saison. C\u2019est donc un bon compromis entre \u00e9conomie et confort.<\/p>\n\n\n\n<p><strong>Tarifs typiques pendant la saison interm\u00e9diaire&nbsp;<\/strong>:<\/p>\n\n\n\n<ul class=\"wp-block-list\">\n<li><strong>H\u00f4tels de cat\u00e9gorie interm\u00e9diaire&nbsp;<\/strong>: <strong>environ 93&nbsp;\u20ac \u00e0 140&nbsp;\u20ac<\/strong> la nuit pour une chambre double confortable<\/li>\n\n\n\n<li><strong>Repas pour deux dans un restaurant de gamme moyenne<\/strong>\u202f: <strong>environ 28&nbsp;\u20ac \u00e0 47&nbsp;\u20ac<\/strong><\/li>\n\n\n\n<li><strong>Boissons&nbsp;<\/strong>: bi\u00e8re \u00e0 <strong>2,80&nbsp;\u20ac~4,70&nbsp;\u20ac<\/strong>\u202f; cocktail entre <strong>5,60&nbsp;\u20ac et 9,30&nbsp;\u20ac<\/strong><\/li>\n\n\n\n<li><strong>Activit\u00e9s et visites&nbsp;<\/strong>: entre <strong>19&nbsp;\u20ac et 47&nbsp;\u20ac<\/strong>, selon la prestation<\/li>\n<\/ul>\n\n\n\n<p>Conseil pratique\u00a0: Si votre priorit\u00e9 est de d\u00e9couvrir les Cara\u00efbes sans la foule et \u00e0 moindre co\u00fbt, privil\u00e9giez les \u00eeles hors des circuits touristiques classiques, voyagez l\u00e9ger et soyez flexible sur vos dates.<\/p>\n\n\n\n<h2 class=\"wp-block-heading\"><strong>Combien de jours faut-il pour visiter les Cara\u00efbes\u202f?&nbsp;&nbsp;<\/strong><\/h2>\n\n\n\n<p>Pour profiter pleinement de la diversit\u00e9 des Cara\u00efbes, <strong>un s\u00e9jour de 7 \u00e0 10 jours<\/strong> est l\u2019id\u00e9al. Ce laps de temps vous permettra d\u2019explorer diff\u00e9rentes \u00eeles, de vous immerger dans les cultures locales et d\u2019alterner moments de d\u00e9tente et d\u00e9couvertes.<\/p>\n\n\n\n<p>Si vous choisissez de vous concentrer sur une seule \u00eele, <strong>5 \u00e0 7 jours suffisent<\/strong> g\u00e9n\u00e9ralement pour en d\u00e9couvrir les principales attractions, go\u00fbter \u00e0 la gastronomie locale, vous reposer sur les plages paradisiaques et vivre quelques exp\u00e9riences typiques (randonn\u00e9es, plong\u00e9e, excursions en bateau...).<\/p>\n\n\n\n<p>Astuce\u00a0: Si vous souhaitez faire de l\u2019<strong>island hopping<\/strong> (changer d\u2019\u00eele pendant le voyage), pr\u00e9voyez des <strong>temps de transport suffisants<\/strong> entre chaque \u00e9tape. Les vols inter-\u00eeles ou les ferries peuvent prendre plus de temps qu\u2019on ne le pense, surtout hors saison.<\/p>\n\n\n\n<h2 class=\"wp-block-heading\"><strong>Les Fran\u00e7ais ont-ils besoin d\u2019un visa pour les Cara\u00efbes&nbsp;?&nbsp;<\/strong><\/h2>\n\n\n\n<p>Les Fran\u00e7ais b\u00e9n\u00e9ficient g\u00e9n\u00e9ralement d\u2019un <strong>acc\u00e8s sans visa<\/strong> pour la majorit\u00e9 des destinations touristiques dans les Cara\u00efbes&nbsp;; cependant, les r\u00e8gles varient selon le statut juridique de chaque \u00eele.<\/p>\n\n\n\n<h3 class=\"wp-block-heading\"><strong>Cara\u00efbes anglophones ind\u00e9pendantes<\/strong><\/h3>\n\n\n\n<p>Pour les \u00eeles ind\u00e9pendantes telles que <strong>la Barbade, Trinit\u00e9-et-Tobago, Saint-Vincent-et-les-Grenadines, Haiti, ou encore Antigua-et-Barbuda<\/strong>, <strong>un visa n\u2019est pas requis pour un s\u00e9jour touristique de courte dur\u00e9e<\/strong> (jusqu\u2019\u00e0 3 ou 6 mois selon l\u2019\u00eele), \u00e0 condition que votre passeport soit valide au moins 6 mois apr\u00e8s la date de d\u00e9part pr\u00e9vu.&nbsp;<\/p>\n\n\n\n<p>Vous devrez \u00e9galement pr\u00e9senter un billet de retour ou de continuation et des justificatifs de ressources suffisantes, comme c\u2019est le cas dans de nombreuses destinations.<\/p>\n\n\n\n<h3 class=\"wp-block-heading\"><strong>\u00celes du Royaume des Pays-Bas dans les Cara\u00efbes<\/strong><\/h3>\n\n\n\n<p>Des territoires comme <strong>Aruba<\/strong>, <strong>Cura\u00e7ao<\/strong>, <strong>Sint Maarten<\/strong>, <strong>Bonaire<\/strong>, <strong>Saba<\/strong> et <strong>Saint-Eustatius<\/strong> appliquent une politique similaire&nbsp;: <strong>les citoyens de l\u2019Union europ\u00e9enne (dont les Fran\u00e7ais) sont exempt\u00e9s de visa pour un s\u00e9jour jusqu\u2019\u00e0 90 jours<\/strong>.<\/p>\n\n\n\n<h3 class=\"wp-block-heading\"><strong>D\u00e9partements d\u2019outre-mer fran\u00e7ais<\/strong><\/h3>\n\n\n\n<p>Les d\u00e9partements et r\u00e9gions d\u2019outre-mer, c'est-\u00e0-dire <strong>Guadeloupe<\/strong>, <strong>Martinique<\/strong>, <strong>Guyane fran\u00e7aise<\/strong>, <strong>Saint-Barth\u00e9lemy<\/strong> ou <strong>Saint-Martin (c\u00f4t\u00e9 fran\u00e7ais)<\/strong> <strong>sont consid\u00e9r\u00e9s comme des parties int\u00e9grantes de la France et de l\u2019Union europ\u00e9enne<\/strong>, mais <strong>ne font pas partie de l\u2019espace Schengen<\/strong> .<br>Pour les ressortissants fran\u00e7ais, <strong>aucun visa n\u2019est n\u00e9cessaire<\/strong>, quelle que soit la dur\u00e9e du s\u00e9jour. En tant que citoyens fran\u00e7ais, vous pouvez vous y rendre <strong>sans formalit\u00e9<\/strong>, avec <strong>un passeport ou une carte d\u2019identit\u00e9 en cours de validit\u00e9<\/strong>. Toutefois, chaque entr\u00e9e ou sortie vers ces territoires peut n\u00e9cessiter un <strong>contr\u00f4le d\u2019immigration<\/strong>, m\u00eame entre m\u00e9tropole et outre-mer, en raison de la distinction Schengen\/non-Schengen .<\/p>\n\n\n\n<h3 class=\"wp-block-heading\"><strong>Tableau r\u00e9capitulatif<\/strong><\/h3>\n\n\n\n<figure class=\"wp-block-table\"><table class=\"has-fixed-layout\"><tbody><tr><td><strong>Destination<\/strong><\/td><td><strong>Visa requis pour les Fran\u00e7ais&nbsp;?<\/strong><\/td><td><strong>Dur\u00e9e maximale sans visa<\/strong><\/td><td><strong>Observations principales<\/strong><\/td><\/tr><tr><td>Barbade, Haiti, Trinit\u00e9-et-Tobago, Saint-Vincent\u2026<\/td><td>Non<\/td><td>3 \u00e0 6 mois<\/td><td>Passeport valide, billet retour, ressources<\/td><\/tr><tr><td>Aruba, Cura\u00e7ao, Sint Maarten, Bonaire\u2026<\/td><td>Non<\/td><td>Jusqu\u2019\u00e0 90 jours<\/td><td>Exemption pour citoyens UE<\/td><\/tr><tr><td>Guadeloupe, Martinique, Saint-Martin (FR)<\/td><td>Non<\/td><td>Illimit\u00e9<\/td><td>Partie de l\u2019UE, hors Schengen, formalit\u00e9s \u00e0 l\u2019arriv\u00e9e<\/td><\/tr><\/tbody><\/table><\/figure>\n\n\n\n<p>En r\u00e9sum\u00e9, pour un <strong>voyageur fran\u00e7ais d\u00e9tenteur d\u2019un passeport valide<\/strong>, <strong>un visa n\u2019est g\u00e9n\u00e9ralement pas n\u00e9cessaire pour visiter la plupart des \u00eeles de la Cara\u00efbe<\/strong> dans le cadre d\u2019un s\u00e9jour touristique de courte dur\u00e9e. Veillez toutefois \u00e0 respecter&nbsp;:<\/p>\n\n\n\n<ul class=\"wp-block-list\">\n<li>la <strong>validit\u00e9 de votre passeport<\/strong> (au moins 6 mois apr\u00e8s la date de d\u00e9part),<\/li>\n\n\n\n<li>l\u2019<strong>exigence de preuve de retour ou continuation de voyage<\/strong>,<\/li>\n\n\n\n<li>la <strong>capacit\u00e9 \u00e0 justifier de ressources suffisantes<\/strong>.<\/li>\n<\/ul>\n\n\n\n<p>Pour les <strong>d\u00e9partements d\u2019outre-mer fran\u00e7ais<\/strong>, aucun visa n\u2019est requis mais des formalit\u00e9s d\u2019entr\u00e9e peuvent \u00eatre effectu\u00e9es \u00e0 chaque arriv\u00e9e. Si vous envisagez un <strong>s\u00e9jour prolong\u00e9<\/strong> (plus de 90 jours) ou des activit\u00e9s professionnelles, il est recommand\u00e9 de v\u00e9rifier les conditions sp\u00e9cifiques aupr\u00e8s du <strong>consulat ou du site officiel d\u2019immigration du territoire concern\u00e9<\/strong>.<\/p>\n\n\n\n<h2 class=\"wp-block-heading\"><strong>Comment avoir acc\u00e8s au Wi-Fi dans les Cara\u00efbes&nbsp;?&nbsp;<\/strong><\/h2>\n\n\n\n<p>Rester connect\u00e9 dans les Cara\u00efbes est relativement simple, surtout dans les zones touristiques. La plupart des h\u00f4tels, complexes h\u00f4teliers et caf\u00e9s proposent un acc\u00e8s Wi-Fi gratuit, m\u00eame si <strong>la qualit\u00e9 de la connexion peut varier<\/strong> d\u2019une \u00eele \u00e0 l\u2019autre. Dans les centres-villes et les zones tr\u00e8s fr\u00e9quent\u00e9es, on trouve assez facilement des <strong>points d\u2019acc\u00e8s Wi-Fi publics<\/strong>, mais en dehors des agglom\u00e9rations principales, la couverture peut \u00eatre limit\u00e9e.<\/p>\n\n\n\n<p>Pour une solution plus stable et plus souple, de plus en plus de voyageurs optent pour <a href=\"https:\/\/myroami.com\/fr\/carte-esim\/carte-esim\/\">la technologie eSIM<\/a>. Celle-ci permet de se connecter aux r\u00e9seaux mobiles locaux sans avoir besoin d\u2019une carte SIM physique. Vous pouvez acheter une <a href=\"https:\/\/myroami.com\/fr\/carte-esim\/esim-internationale\/\">eSIM internationale<\/a><strong> <\/strong>avant votre d\u00e9part et l\u2019activer en quelques secondes, un vrai plus si vous pr\u00e9voyez de visiter plusieurs \u00eeles pendant votre s\u00e9jour.<\/p>\n\n\n\n<p>Voici un aper\u00e7u clair des <a href=\"https:\/\/myroami.com\/esim\/esim-caribbean\/\">meilleures options eSIM pour les Cara\u00efbes<\/a> afin de rester en ligne partout o\u00f9 vous allez\u202f:<\/p>\n\n\n\n<figure class=\"wp-block-table\"><table class=\"has-fixed-layout\"><tbody><tr><td colspan=\"2\">Fournisseur<\/td><td>Avantages<\/td><td>Inconv\u00e9nients<\/td><td>Prix \u00e0 partir de<\/td><\/tr><tr><td><img loading=\"lazy\" decoding=\"async\" alt=\"Holafly logo\" src=\"https:\/\/lh7-rt.googleusercontent.com\/docsz\/AD_4nXd4OqzThm5acVmXqxu5BsFOfWbsnYr5gFVNt6nVUhxN0oRn66YBl3t_bGlneomoc0P2I7UglrGWuz3D_zJPXFDw48lU_4wnJyhw2mRU1YVGBzyZYciBuySxY-AEfJfWF03u9ZC0yyBRruLSdXKDOIE?key=IsypuH4_0xuL5Teu7Ug-oQ\" width=\"50\" height=\"47\"><strong><\/strong><strong>&nbsp;<\/strong><\/td><td><a href=\"https:\/\/myroami.com\/fr\/avis\/holafly-esim\/\"><strong>Holafly<\/strong><\/a><\/td><td>Donn\u00e9es illimit\u00e9es, assistance 24h\/24 et 7j\/7<\/td><td>Donn\u00e9es uniquement (pas d\u2019appels ni SMS), pas de partage de connexion<\/td><td>D\u00e8s <strong>6,40&nbsp;\u20ac<\/strong><\/td><\/tr><tr><td><img loading=\"lazy\" decoding=\"async\" alt=\"Airalo logo\" src=\"https:\/\/lh7-rt.googleusercontent.com\/docsz\/AD_4nXdqsDOLRHW01dHeiq5WHSjgAUgvJ5VTVt9xeCOMEJ_Ug3xhmBPbd9pCzpxi1xpdW26oAU82gtaRWVxc7zNGCxbZMImw3fb0YH6k70_oGSceNVYDCQhK4dxAkUWyUO-vAOThn8x71HBIjHUAR8Kyxw?key=IsypuH4_0xuL5Teu7Ug-oQ\" width=\"50\" height=\"41\"><strong><\/strong><strong>&nbsp;<\/strong><\/td><td><a href=\"https:\/\/myroami.com\/fr\/avis\/esim-airalo\/\"><strong>Airalo<\/strong><\/a><\/td><td>Large couverture, activation facile<\/td><td>Pas de donn\u00e9es illimit\u00e9es pour certains pays, pas de support en direct<\/td><td>D\u00e8s <strong>4,70&nbsp;\u20ac<\/strong> (1&nbsp;Go, selon les pays)<\/td><\/tr><tr><td><br><img loading=\"lazy\" decoding=\"async\" alt=\"Flow logo\" src=\"https:\/\/lh7-rt.googleusercontent.com\/docsz\/AD_4nXdEy7u_VZtl0hcef3qUQFgQJ_BmeRWEUdTSwStUfjCy0Mce_QOJWx531loJ9ynztsoJKqZ7QbKGHQaciSC_g9b4Q8wwamxsdIy7cTK7_ilJ0VVC-iUkV1gCKVS5rOPa8VXvTt0qultNGVzG90UBssg?key=IsypuH4_0xuL5Teu7Ug-oQ\" width=\"51\" height=\"52\"><\/td><td><strong>Flow (op\u00e9rateur local)<\/strong><\/td><td>Tarifs locaux, bonne couverture en Jama\u00efque, \u00e0 Cura\u00e7ao et \u00e0 la Grenade<\/td><td>Achat en magasin obligatoire, pi\u00e8ce d\u2019identit\u00e9 requise, activation parfois complexe<\/td><td>Tarifs variables, en boutique uniquement<\/td><\/tr><\/tbody><\/table><\/figure>\n\n\n\n<p><\/p>\n","protected":false},"excerpt":{"rendered":"<p> Les\u202fCara\u00efbes attirent chaque ann\u00e9e plus de 30\u202fmillions de visiteurs gr\u00e2ce \u00e0 leurs plages baign\u00e9es de soleil, leurs eaux turquoise et leur mosa\u00efque de cultures fascinantes. Mais choisir le bon moment pour partir peut transformer un s\u00e9jour ordinaire en une escapade inoubliable, ou, au contraire, ruiner votre exp\u00e9rience.<\/p>\n","protected":false},"author":182,"featured_media":74087,"comment_status":"closed","ping_status":"closed","sticky":false,"template":"","format":"standard","meta":{"_acf_changed":false,"footnotes":""},"categories":[189],"tags":[],"class_list":["post-74084","post","type-post","status-publish","format-standard","has-post-thumbnail","hentry","category-voyage"],"acf":[],"yoast_head":"<title>Quand partir aux Cara\u00efbes\u202f? Climat, saisons et conseils voyage<\/title>\n<meta name=\"description\" content=\"Quand partir aux Cara\u00efbes ? Profitez du meilleur climat, \u00e9vitez la saison des pluies et organisez des vacances inoubliables.\" \/>\n<meta name=\"robots\" content=\"index, follow, max-snippet:-1, max-image-preview:large, max-video-preview:-1\" \/>\n<link rel=\"canonical\" href=\"https:\/\/myroami.com\/fr\/voyage\/quand-partir-aux-caraibes\/\" \/>\n<meta property=\"og:locale\" content=\"fr_FR\" \/>\n<meta property=\"og:type\" content=\"article\" \/>\n<meta property=\"og:title\" content=\"Quand partir aux Cara\u00efbes\u202f? Climat, saisons et conseils voyage\" \/>\n<meta property=\"og:description\" content=\"Quand partir aux Cara\u00efbes ? Profitez du meilleur climat, \u00e9vitez la saison des pluies et organisez des vacances inoubliables.\" \/>\n<meta property=\"og:url\" content=\"https:\/\/myroami.com\/fr\/voyage\/quand-partir-aux-caraibes\/\" \/>\n<meta property=\"og:site_name\" content=\"Roami - FR\" \/>\n<meta property=\"article:published_time\" content=\"2025-08-08T17:00:35+00:00\" \/>\n<meta property=\"article:modified_time\" content=\"2025-08-08T17:00:36+00:00\" \/>\n<meta property=\"og:image\" content=\"https:\/\/myroami.com\/fr\/wp-content\/uploads\/sites\/35\/2025\/08\/quand-partir-aux-caraibes.png\" \/>\n\t<meta property=\"og:image:width\" content=\"502\" \/>\n\t<meta property=\"og:image:height\" content=\"335\" \/>\n\t<meta property=\"og:image:type\" content=\"image\/png\" \/>\n<meta name=\"author\" content=\"Vukasin Petrovic\" \/>\n<meta name=\"twitter:card\" content=\"summary_large_image\" \/>\n<meta name=\"twitter:label1\" content=\"\u00c9crit par\" \/>\n\t<meta name=\"twitter:data1\" content=\"Vukasin Petrovic\" \/>\n\t<meta name=\"twitter:label2\" content=\"Dur\u00e9e de lecture estim\u00e9e\" \/>\n\t<meta name=\"twitter:data2\" content=\"15 minutes\" \/>","yoast_head_json":{"title":"Quand partir aux Cara\u00efbes\u202f? Climat, saisons et conseils voyage","description":"Quand partir aux Cara\u00efbes ? Profitez du meilleur climat, \u00e9vitez la saison des pluies et organisez des vacances inoubliables.","robots":{"index":"index","follow":"follow","max-snippet":"max-snippet:-1","max-image-preview":"max-image-preview:large","max-video-preview":"max-video-preview:-1"},"canonical":"https:\/\/myroami.com\/fr\/voyage\/quand-partir-aux-caraibes\/","og_locale":"fr_FR","og_type":"article","og_title":"Quand partir aux Cara\u00efbes\u202f? Climat, saisons et conseils voyage","og_description":"Quand partir aux Cara\u00efbes ? Profitez du meilleur climat, \u00e9vitez la saison des pluies et organisez des vacances inoubliables.","og_url":"https:\/\/myroami.com\/fr\/voyage\/quand-partir-aux-caraibes\/","og_site_name":"Roami - FR","article_published_time":"2025-08-08T17:00:35+00:00","article_modified_time":"2025-08-08T17:00:36+00:00","og_image":[{"width":502,"height":335,"url":"https:\/\/myroami.com\/fr\/wp-content\/uploads\/sites\/35\/2025\/08\/quand-partir-aux-caraibes.png","type":"image\/png"}],"author":"Vukasin Petrovic","twitter_card":"summary_large_image","twitter_misc":{"\u00c9crit par":"Vukasin Petrovic","Dur\u00e9e de lecture estim\u00e9e":"15 minutes"},"schema":{"@context":"https:\/\/schema.org","@graph":[{"@context":"https:\/\/schema.org","@type":"BreadcrumbList","@id":"https:\/\/myroami.com\/fr\/voyage\/quand-partir-aux-caraibes\/#breadcrumb","itemListElement":[{"@type":"ListItem","position":1,"item":{"@type":"WebPage","@id":"https:\/\/myroami.com\/fr\/","url":"https:\/\/myroami.com\/fr\/","name":"Home"}}]}]}},"_links":{"self":[{"href":"https:\/\/myroami.com\/fr\/wp-json\/wp\/v2\/posts\/74084","targetHints":{"allow":["GET"]}}],"collection":[{"href":"https:\/\/myroami.com\/fr\/wp-json\/wp\/v2\/posts"}],"about":[{"href":"https:\/\/myroami.com\/fr\/wp-json\/wp\/v2\/types\/post"}],"author":[{"embeddable":true,"href":"https:\/\/myroami.com\/fr\/wp-json\/wp\/v2\/users\/182"}],"replies":[{"embeddable":true,"href":"https:\/\/myroami.com\/fr\/wp-json\/wp\/v2\/comments?post=74084"}],"version-history":[{"count":4,"href":"https:\/\/myroami.com\/fr\/wp-json\/wp\/v2\/posts\/74084\/revisions"}],"predecessor-version":[{"id":74124,"href":"https:\/\/myroami.com\/fr\/wp-json\/wp\/v2\/posts\/74084\/revisions\/74124"}],"wp:featuredmedia":[{"embeddable":true,"href":"https:\/\/myroami.com\/fr\/wp-json\/wp\/v2\/media\/74087"}],"wp:attachment":[{"href":"https:\/\/myroami.com\/fr\/wp-json\/wp\/v2\/media?parent=74084"}],"wp:term":[{"taxonomy":"category","embeddable":true,"href":"https:\/\/myroami.com\/fr\/wp-json\/wp\/v2\/categories?post=74084"},{"taxonomy":"post_tag","embeddable":true,"href":"https:\/\/myroami.com\/fr\/wp-json\/wp\/v2\/tags?post=74084"}],"curies":[{"name":"wp","href":"https:\/\/api.w.org\/{rel}","templated":true}]}}