{"id":74403,"date":"2025-09-03T13:07:37","date_gmt":"2025-09-03T13:07:37","guid":{"rendered":"https:\/\/myroami.com\/fr\/?p=74403"},"modified":"2025-09-03T13:07:38","modified_gmt":"2025-09-03T13:07:38","slug":"quand-partir-au-maroc","status":"publish","type":"post","link":"https:\/\/myroami.com\/fr\/voyage\/quand-partir-au-maroc\/","title":{"rendered":"Quelle est la meilleure p\u00e9riode pour visiter le Maroc\u00a0?"},"content":{"rendered":"\n<p>Des souks anim\u00e9s (march\u00e9s traditionnels) aux dunes dor\u00e9es du Sahara, le Maroc offre un m\u00e9lange envo\u00fbtant de culture, d\u2019histoire et de paysages \u00e0 couper le souffle.<\/p>\n\n\n\n<p>En 2024, le pays a accueilli <strong>17,4 millions de touristes<\/strong>, une augmentation de 20 % par rapport \u00e0 l\u2019ann\u00e9e pr\u00e9c\u00e9dente.<\/p>\n\n\n\n<p>Si vous vous demandez quand partir au Maroc, ce guide d\u00e9taille les saisons, les \u00e9v\u00e9nements et les conseils pratiques pour vous aider \u00e0 planifier un s\u00e9jour m\u00e9morable.<\/p>\n\n\n\n<h2 class=\"wp-block-heading\"><strong>Quelle est la meilleure saison pour visiter le Maroc&nbsp;?<\/strong><\/h2>\n\n\n\n<figure data-wp-context=\"{&quot;imageId&quot;:&quot;69ef95918b2f3&quot;}\" data-wp-interactive=\"core\/image\" data-wp-key=\"69ef95918b2f3\" class=\"wp-block-image size-large wp-lightbox-container\"><img loading=\"lazy\" decoding=\"async\" width=\"1024\" height=\"576\" data-wp-class--hide=\"state.isContentHidden\" data-wp-class--show=\"state.isContentVisible\" data-wp-init=\"callbacks.setButtonStyles\" data-wp-on--click=\"actions.showLightbox\" data-wp-on--load=\"callbacks.setButtonStyles\" data-wp-on-window--resize=\"callbacks.setButtonStyles\" src=\"https:\/\/myroami.com\/fr\/wp-content\/uploads\/sites\/35\/2025\/09\/quand-partir-au-maroc-meilleure-periode-printemps-automne-1024x576.png\" alt=\"quand partir au Maroc \u2013 meilleure p\u00e9riode au printemps et en automne\" class=\"wp-image-74415\" srcset=\"https:\/\/myroami.com\/fr\/wp-content\/uploads\/sites\/35\/2025\/09\/quand-partir-au-maroc-meilleure-periode-printemps-automne-1024x576.png 1024w, https:\/\/myroami.com\/fr\/wp-content\/uploads\/sites\/35\/2025\/09\/quand-partir-au-maroc-meilleure-periode-printemps-automne-300x169.png 300w, https:\/\/myroami.com\/fr\/wp-content\/uploads\/sites\/35\/2025\/09\/quand-partir-au-maroc-meilleure-periode-printemps-automne-768x432.png 768w, https:\/\/myroami.com\/fr\/wp-content\/uploads\/sites\/35\/2025\/09\/quand-partir-au-maroc-meilleure-periode-printemps-automne.png 1365w\" sizes=\"auto, (max-width: 1024px) 100vw, 1024px\" \/><button\n\t\t\tclass=\"lightbox-trigger\"\n\t\t\ttype=\"button\"\n\t\t\taria-haspopup=\"dialog\"\n\t\t\taria-label=\"Agrandir\"\n\t\t\tdata-wp-init=\"callbacks.initTriggerButton\"\n\t\t\tdata-wp-on--click=\"actions.showLightbox\"\n\t\t\tdata-wp-style--right=\"state.imageButtonRight\"\n\t\t\tdata-wp-style--top=\"state.imageButtonTop\"\n\t\t>\n\t\t\t<svg xmlns=\"http:\/\/www.w3.org\/2000\/svg\" width=\"12\" height=\"12\" fill=\"none\" viewBox=\"0 0 12 12\">\n\t\t\t\t<path fill=\"#fff\" d=\"M2 0a2 2 0 0 0-2 2v2h1.5V2a.5.5 0 0 1 .5-.5h2V0H2Zm2 10.5H2a.5.5 0 0 1-.5-.5V8H0v2a2 2 0 0 0 2 2h2v-1.5ZM8 12v-1.5h2a.5.5 0 0 0 .5-.5V8H12v2a2 2 0 0 1-2 2H8Zm2-12a2 2 0 0 1 2 2v2h-1.5V2a.5.5 0 0 0-.5-.5H8V0h2Z\" \/>\n\t\t\t<\/svg>\n\t\t<\/button><\/figure>\n\n\n\n<p>La meilleure p\u00e9riode pour se rendre au Maroc est le <strong>printemps (mars \u00e0 mai)<\/strong> et l\u2019<strong>automne (septembre \u00e0 novembre)<\/strong>, lorsque le temps est doux et agr\u00e9able pour les visites touristiques.<\/p>\n\n\n\n<p>Ces saisons sont id\u00e9ales pour explorer les villes, randonner dans le <strong>Atlas<\/strong> et d\u00e9couvrir l\u2019\u00e9nergie vibrante des <strong>souks marocains<\/strong>.<\/p>\n\n\n\n<p>Cependant, chaque saison offre une exp\u00e9rience unique. Voici une analyse pour vous aider \u00e0 choisir quand partir.<\/p>\n\n\n\n<h3 class=\"wp-block-heading\"><strong>Printemps (mars \u00e0 mai)<\/strong><\/h3>\n\n\n\n<p>Le printemps apporte des <strong>temp\u00e9ratures agr\u00e9ables<\/strong>, des <strong>paysages en fleurs<\/strong> et une affluence mod\u00e9r\u00e9e en raison de la haute saison touristique. Des villes comme <strong>Marrakech<\/strong>, <strong>F\u00e8s<\/strong> et <strong>Chefchaouen<\/strong> sont anim\u00e9es sans \u00eatre \u00e9touffantes, tandis que le <strong>Haut Atlas<\/strong> est verdoyant et parfait pour la randonn\u00e9e. C\u2019est l\u2019une des meilleures p\u00e9riodes pour visiter le pays, alliant <strong>culture<\/strong> et <strong>aventure en plein air<\/strong>.<\/p>\n\n\n\n<h3 class=\"wp-block-heading\"><strong>Automne (septembre \u00e0 novembre)<\/strong><\/h3>\n\n\n\n<p>L\u2019automne offre un climat similaire au printemps, ce qui en fait une autre excellente p\u00e9riode pour voyager. Le <strong>d\u00e9sert du Sahara<\/strong> est plus frais, rendant les treks \u00e0 dos de chameau et le camping d\u00e9sertique plus confortables. Les villes c\u00f4ti\u00e8res comme <strong>Essaouira<\/strong> et <strong>Agadir<\/strong> profitent \u00e9galement de temp\u00e9ratures chaudes mais supportables, id\u00e9ales pour des s\u00e9jours baln\u00e9aires.<\/p>\n\n\n\n<h3 class=\"wp-block-heading\"><strong>Hiver (d\u00e9cembre \u00e0 f\u00e9vrier)<\/strong><\/h3>\n\n\n\n<p>L\u2019hiver est doux dans la plupart des r\u00e9gions du Maroc, notamment \u00e0 <strong>Marrakech<\/strong> et <strong>F\u00e8s<\/strong>, o\u00f9 les temp\u00e9ratures diurnes restent cl\u00e9mentes. C\u2019est la <strong>meilleure p\u00e9riode<\/strong> pour les excursions dans le d\u00e9sert, car le Sahara est bien plus frais qu\u2019en \u00e9t\u00e9. Si vous vous rendez dans l\u2019Atlas, attendez-vous \u00e0 des <strong>paysages enneig\u00e9s<\/strong> et \u00e0 des opportunit\u00e9s de ski \u00e0 <strong>Ouka\u00efmeden<\/strong>, la plus haute station de ski d\u2019Afrique.<\/p>\n\n\n\n<h3 class=\"wp-block-heading\"><strong>\u00c9t\u00e9 (juin \u00e0 ao\u00fbt)<\/strong><\/h3>\n\n\n\n<p>Les temp\u00e9ratures estivales peuvent \u00eatre extr\u00eames, variant souvent entre <strong>29 \u00b0C et 40 \u00b0C<\/strong> dans les villes int\u00e9rieures comme Marrakech et F\u00e8s. Les meilleurs endroits \u00e0 visiter pendant cette p\u00e9riode sont <strong>Essaouira<\/strong>, <strong>Agadir<\/strong> et <strong>Tanger<\/strong>, o\u00f9 la brise atlantique rafra\u00eechit l\u2019atmosph\u00e8re. C\u2019est \u00e9galement la <strong>haute saison<\/strong> pour le surf et les activit\u00e9s baln\u00e9aires le long de la c\u00f4te.<\/p>\n\n\n\n<h3 class=\"wp-block-heading\"><strong>Tableau r\u00e9capitulatif des saisons au Maroc<\/strong><\/h3>\n\n\n\n<figure class=\"wp-block-table\"><table class=\"has-fixed-layout\"><tbody><tr><td><strong>Saison<\/strong><\/td><td><strong>Mois<\/strong><\/td><td><strong>Temp\u00e9ratures moyennes<\/strong><\/td><td><strong>Pr\u00e9cipitations<\/strong><\/td><td><strong>Conseils<\/strong><\/td><\/tr><tr><td>Printemps<\/td><td>Mars-Mai<\/td><td>16\u201327&nbsp;\u00b0C<\/td><td>Pr\u00e9cipitations faibles \u00e0 mod\u00e9r\u00e9es, surtout dans le nord<\/td><td>Temps agr\u00e9able pour faire du tourisme et de la randonn\u00e9e&nbsp;; affluence mod\u00e9r\u00e9e en raison de la haute saison.<\/td><\/tr><tr><td>\u00c9t\u00e9<\/td><td>Juin-Ao\u00fbt<\/td><td>29\u201340&nbsp;\u00b0C&nbsp; \u00e0 l'int\u00e9rieur des terres&nbsp;; plus frais le long de la c\u00f4te<\/td><td>Tr\u00e8s faibles pr\u00e9cipitations, principalement sec<\/td><td>Il fait extr\u00eamement chaud dans des villes comme Marrakech et F\u00e8s&nbsp;; l'id\u00e9al est de se rendre sur la c\u00f4te pour faire du surf \u00e0 Essaouira et Agadir.<\/td><\/tr><tr><td>Automne<\/td><td>Septembre-Novembre<\/td><td>18\u201329&nbsp;\u00b0C<\/td><td>Pr\u00e9cipitations faibles \u00e0 mod\u00e9r\u00e9es, augmentant en novembre<\/td><td>Semblable au printemps avec un climat agr\u00e9able&nbsp;; id\u00e9al pour les excursions dans le d\u00e9sert et la d\u00e9couverte culturelle.<\/td><\/tr><tr><td>Hiver<\/td><td>D\u00e9cembre-F\u00e9vrier<\/td><td>10\u201321&nbsp;\u00b0C dans les villes, -1\u00b0C dans les montagnes de l'Atlas<\/td><td>Pr\u00e9cipitations \u00e9lev\u00e9es dans le nord&nbsp;; climat sec dans le Sahara<\/td><td>Id\u00e9al pour les excursions dans le d\u00e9sert et les visites touristiques en ville&nbsp;; possibilit\u00e9 de skier dans les montagnes de l'Atlas.<\/td><\/tr><\/tbody><\/table><\/figure>\n\n\n\n<p><strong><em>Note<\/em><\/strong><em>&nbsp;: Ceci est un aper\u00e7u g\u00e9n\u00e9ral des tendances saisonni\u00e8res. Les temp\u00e9ratures, les pr\u00e9cipitations et les conditions r\u00e9elles peuvent varier selon les r\u00e9gions et les ann\u00e9es, en particulier entre les villes de l'int\u00e9rieur, les zones c\u00f4ti\u00e8res et les montagnes de l'Atlas.<\/em><\/p>\n\n\n\n<h2 class=\"wp-block-heading\"><strong>Quelle est la meilleure p\u00e9riode pour les festivals et \u00e9v\u00e9nements au Maroc&nbsp;?<\/strong><\/h2>\n\n\n\n<p>Des rassemblements tribaux historiques aux festivals contemporains de cin\u00e9ma et de musique, ces \u00e9v\u00e9nements offrent aux voyageurs une mani\u00e8re unique de d\u00e9couvrir les traditions marocaines.<\/p>\n\n\n\n<ul class=\"wp-block-list\">\n<li><strong>Janvier (Yennayer \/ Nouvel An amazigh)&nbsp;<\/strong>: C\u00e9l\u00e9br\u00e9 les 12 et 13 janvier, notamment dans les villages du Moyen Atlas comme Agadir et Tiznit, ce festival marque le Nouvel An du peuple amazigh (berb\u00e8re), groupe ethnique autochtone d'Afrique du Nord. Les festivit\u00e9s incluent chants traditionnels, danses et banquets, symbolisant le renouveau et le lien avec l'h\u00e9ritage amazigh.<\/li>\n\n\n\n<li><strong>F\u00e9vrier (Festival des Amandiers en Fleurs)&nbsp;<\/strong>: Fin f\u00e9vrier \u00e0 Tafraout, ce festival c\u00e9l\u00e8bre la r\u00e9colte des amandes avec musiques berb\u00e8res, danses folkloriques et march\u00e9s proposant des produits \u00e0 base d'amandes.<\/li>\n\n\n\n<li><strong>Avril (Festival International des Nomades)&nbsp;<\/strong>: Festival en plein air dans la vall\u00e9e du Dr\u00e2a c\u00e9l\u00e9brant les diverses cultures nomades d'Afrique \u00e0 travers musiques, danses, d\u00e9bats et cuisine traditionnelle.<\/li>\n\n\n\n<li><strong>Mai (Festival des Roses)&nbsp;<\/strong>: \u00c9v\u00e9nement de trois jours \u00e0 El Kelaa M'Gouna c\u00e9l\u00e9brant la r\u00e9colte des roses avec musiques berb\u00e8res, danses traditionnelles et d\u00e9fil\u00e9 de chars.<\/li>\n\n\n\n<li><strong>Juin (Festival Gnaoua et Musiques du Monde)&nbsp;<\/strong>: Festival de quatre jours \u00e0 Essaouira mettant \u00e0 l'honneur le peuple Gnaoua \u00e0 travers performances musicales et danses, ainsi que des rencontres intimistes avec les artistes et des d\u00e9bats ouverts.<\/li>\n\n\n\n<li><strong>Juillet (Festival des Arts Populaires de Marrakech)&nbsp;<\/strong>: Festival annuel r\u00e9unissant chanteurs folkloriques, danseurs, diseuses de bonne aventure, troupes de th\u00e9\u00e2tre, charmeurs de serpents et avaleurs de feu de tout le Maroc, avec pour sc\u00e8nes principales les ruines du palais Badi du XVIe si\u00e8cle et la place Jemaa el-Fna.<\/li>\n\n\n\n<li><strong>Ao\u00fbt (Festival des Fian\u00e7ailles d'Imilchil)&nbsp;<\/strong>: Festival berb\u00e8re traditionnel dans l'Atlas o\u00f9 jeunes hommes et femmes se rassemblent pour trouver un partenaire, accompagn\u00e9 de musiques, danses et rituels culturels.<\/li>\n\n\n\n<li><strong>Septembre (Festival de la Culture Soufie)&nbsp;<\/strong>: \u00c0 F\u00e8s, ce festival propose des discussions sur le soufisme et des performances de musiques et rituels soufis.<\/li>\n\n\n\n<li><strong>Octobre (Festival des Dattes)&nbsp;<\/strong>: C\u00e9l\u00e9br\u00e9 \u00e0 Erfoud, ce festival marque la r\u00e9colte des dattes avec musiques, danses et march\u00e9s pr\u00e9sentant diverses vari\u00e9t\u00e9s de dattes.<\/li>\n\n\n\n<li><strong>Novembre (Moussem de Tan-Tan)&nbsp;<\/strong>: Rassemblement annuel \u00e0 Tan-Tan o\u00f9 les tribus nomades du Sahara \u00e9changent leurs cultures \u00e0 travers musiques, danses, po\u00e9sies et jeux traditionnels.<\/li>\n\n\n\n<li><strong>D\u00e9cembre (Festival International du Film de Marrakech)&nbsp;<\/strong>: Festival cin\u00e9matographique majeur pr\u00e9sentant des films internationaux et marocains, attirant acteurs et r\u00e9alisateurs du monde entier.<\/li>\n<\/ul>\n\n\n\n<h2 class=\"wp-block-heading\"><strong>Quelle est la p\u00e9riode la moins ch\u00e8re pour aller au Maroc&nbsp;?<\/strong><\/h2>\n\n\n\n<figure data-wp-context=\"{&quot;imageId&quot;:&quot;69ef95918bdc4&quot;}\" data-wp-interactive=\"core\/image\" data-wp-key=\"69ef95918bdc4\" class=\"wp-block-image size-large wp-lightbox-container\"><img loading=\"lazy\" decoding=\"async\" width=\"1024\" height=\"576\" data-wp-class--hide=\"state.isContentHidden\" data-wp-class--show=\"state.isContentVisible\" data-wp-init=\"callbacks.setButtonStyles\" data-wp-on--click=\"actions.showLightbox\" data-wp-on--load=\"callbacks.setButtonStyles\" data-wp-on-window--resize=\"callbacks.setButtonStyles\" src=\"https:\/\/myroami.com\/fr\/wp-content\/uploads\/sites\/35\/2025\/09\/quand-partir-au-maroc-periode-la-moins-chere-novembre-fevrier-1024x576.png\" alt=\"quand partir au Maroc \u2013 p\u00e9riode la moins ch\u00e8re de novembre \u00e0 f\u00e9vrier\" class=\"wp-image-74417\" srcset=\"https:\/\/myroami.com\/fr\/wp-content\/uploads\/sites\/35\/2025\/09\/quand-partir-au-maroc-periode-la-moins-chere-novembre-fevrier-1024x576.png 1024w, https:\/\/myroami.com\/fr\/wp-content\/uploads\/sites\/35\/2025\/09\/quand-partir-au-maroc-periode-la-moins-chere-novembre-fevrier-300x169.png 300w, https:\/\/myroami.com\/fr\/wp-content\/uploads\/sites\/35\/2025\/09\/quand-partir-au-maroc-periode-la-moins-chere-novembre-fevrier-768x432.png 768w, https:\/\/myroami.com\/fr\/wp-content\/uploads\/sites\/35\/2025\/09\/quand-partir-au-maroc-periode-la-moins-chere-novembre-fevrier.png 1365w\" sizes=\"auto, (max-width: 1024px) 100vw, 1024px\" \/><button\n\t\t\tclass=\"lightbox-trigger\"\n\t\t\ttype=\"button\"\n\t\t\taria-haspopup=\"dialog\"\n\t\t\taria-label=\"Agrandir\"\n\t\t\tdata-wp-init=\"callbacks.initTriggerButton\"\n\t\t\tdata-wp-on--click=\"actions.showLightbox\"\n\t\t\tdata-wp-style--right=\"state.imageButtonRight\"\n\t\t\tdata-wp-style--top=\"state.imageButtonTop\"\n\t\t>\n\t\t\t<svg xmlns=\"http:\/\/www.w3.org\/2000\/svg\" width=\"12\" height=\"12\" fill=\"none\" viewBox=\"0 0 12 12\">\n\t\t\t\t<path fill=\"#fff\" d=\"M2 0a2 2 0 0 0-2 2v2h1.5V2a.5.5 0 0 1 .5-.5h2V0H2Zm2 10.5H2a.5.5 0 0 1-.5-.5V8H0v2a2 2 0 0 0 2 2h2v-1.5ZM8 12v-1.5h2a.5.5 0 0 0 .5-.5V8H12v2a2 2 0 0 1-2 2H8Zm2-12a2 2 0 0 1 2 2v2h-1.5V2a.5.5 0 0 0-.5-.5H8V0h2Z\" \/>\n\t\t\t<\/svg>\n\t\t<\/button><\/figure>\n\n\n\n<p>La p\u00e9riode la moins ch\u00e8re pour visiter le Maroc est la <strong>basse saison, de novembre \u00e0 f\u00e9vrier<\/strong>, \u00e0 l'exception des f\u00eates de fin d'ann\u00e9e (fin d\u00e9cembre).<\/p>\n\n\n\n<p>Durant ces mois, les <strong>vols<\/strong>, <strong>h\u00e9bergements<\/strong> et <strong>excursions<\/strong> sont nettement <strong>moins chers<\/strong> qu'au printemps (mars \u00e0 mai) et en automne (septembre \u00e0 novembre), o\u00f9 la demande et les prix sont plus \u00e9lev\u00e9s.<\/p>\n\n\n\n<h3 class=\"wp-block-heading\"><strong>Tableau comparatif des prix (en euros)<\/strong><\/h3>\n\n\n\n<figure class=\"wp-block-table\"><table class=\"has-fixed-layout\"><tbody><tr><td><strong>D\u00e9pense<\/strong><\/td><td><strong>Haute saison (Printemps &amp; Automne)<\/strong><\/td><td><strong>Basse saison (Hiver &amp; D\u00e9but d'\u00e9t\u00e9)<\/strong><\/td><\/tr><tr><td><strong>Vol aller-retour<\/strong> (depuis la France)&nbsp;<\/td><td>150&nbsp;\u20ac - 400&nbsp;\u20ac&nbsp;<\/td><td>80&nbsp;\u20ac - 250&nbsp;\u20ac&nbsp;<\/td><\/tr><tr><td><strong>H\u00f4tel milieu de gamme<\/strong> (par nuit)<\/td><td>75&nbsp;\u20ac - 140&nbsp;\u20ac<\/td><td>35&nbsp;\u20ac - 80&nbsp;\u20ac<\/td><\/tr><tr><td><strong>Riad de luxe<\/strong> (par nuit)<\/td><td>185&nbsp;\u20ac - 460&nbsp;\u20ac<\/td><td>110&nbsp;\u20ac - 275&nbsp;\u20ac<\/td><\/tr><tr><td><strong>Auberge budget<\/strong> (par nuit)<\/td><td>15&nbsp;\u20ac - 35&nbsp;\u20ac<\/td><td>10&nbsp;\u20ac - 25&nbsp;\u20ac<\/td><\/tr><tr><td><strong>Location de voiture<\/strong> (par jour)<\/td><td>35&nbsp;\u20ac - 75&nbsp;\u20ac<\/td><td>25&nbsp;\u20ac - 45&nbsp;\u20ac<\/td><\/tr><tr><td><strong>Taxi local<\/strong> (course courte)<\/td><td>2&nbsp;\u20ac - 5&nbsp;\u20ac<\/td><td>1&nbsp;\u20ac - 3&nbsp;\u20ac<\/td><\/tr><tr><td><strong>Caf\u00e9<\/strong><\/td><td>1&nbsp;\u20ac - 3&nbsp;\u20ac<\/td><td>1&nbsp;\u20ac - 2&nbsp;\u20ac<\/td><\/tr><tr><td><strong>Repas<\/strong> (plat principal)<\/td><td>5&nbsp;\u20ac - 11&nbsp;\u20ac<\/td><td>4&nbsp;\u20ac - 9&nbsp;\u20ac<\/td><\/tr><tr><td><strong>Entr\u00e9e sites majeurs<\/strong><\/td><td>5&nbsp;\u20ac - 15&nbsp;\u20ac<\/td><td>5&nbsp;\u20ac - 15&nbsp;\u20ac (inchang\u00e9)<\/td><\/tr><\/tbody><\/table><\/figure>\n\n\n\n<p><strong><em>Note<\/em><\/strong><em>&nbsp;: Ces chiffres sont approximatifs et peuvent varier selon les r\u00e9gions, la conjoncture \u00e9conomique et les pr\u00e9f\u00e9rences individuelles.<\/em><\/p>\n\n\n\n<h2 class=\"wp-block-heading\"><strong>Combien de jours pr\u00e9voir pour un voyage au Maroc&nbsp;?<\/strong><\/h2>\n\n\n\n<p>La dur\u00e9e id\u00e9ale d'un voyage au Maroc d\u00e9pend de votre style de voyage et de vos centres d'int\u00e9r\u00eat. Voici des itin\u00e9raires de <strong>5 et 10 jours<\/strong> pour vous aider \u00e0 planifier votre s\u00e9jour.<\/p>\n\n\n\n<h3 class=\"wp-block-heading\"><strong>Itin\u00e9raire de 5 jours au Maroc<\/strong><\/h3>\n\n\n\n<p><strong>Id\u00e9al pour&nbsp;:<\/strong> Explorateurs culturels, voyageurs en weekend et premi\u00e8res visites alliant histoire, authenticit\u00e9 et excursions optionnelles.<\/p>\n\n\n\n<p><strong>Jour 1&nbsp;: Arriv\u00e9e et exploration de la m\u00e9dina<\/strong><\/p>\n\n\n\n<ul class=\"wp-block-list\">\n<li>Arriv\u00e9e \u00e0 <strong>Marrakech ou F\u00e8s<\/strong> et installation dans un riad de charme.<\/li>\n\n\n\n<li>Fl\u00e2nerie dans les <strong>souks et m\u00e9dinas<\/strong> pour s'impr\u00e9gner de l'ambiance locale.<\/li>\n\n\n\n<li>Visite de la <strong>place Jemaa el-Fna<\/strong> (Marrakech) ou de la <strong>medersa Bou Inania<\/strong> (F\u00e8s).<\/li>\n\n\n\n<li>D\u00eener traditionnel (<strong>tagine et th\u00e9 \u00e0 la menthe<\/strong>) dans un restaurant local.<\/li>\n<\/ul>\n\n\n\n<p><strong>Jour 2&nbsp;: Sites historiques et culturels<\/strong><\/p>\n\n\n\n<ul class=\"wp-block-list\">\n<li>D\u00e9couverte des incontournables&nbsp;:\n<ul class=\"wp-block-list\">\n<li><strong>Marrakech<\/strong>&nbsp;: Jardin Majorelle, palais Bahia, mosqu\u00e9e Koutoubia.<\/li>\n\n\n\n<li><strong>F\u00e8s<\/strong>&nbsp;: Mosqu\u00e9e Al Quaraouiyine, tannerie Chouara, Mellah (quartier juif).<\/li>\n<\/ul>\n<\/li>\n\n\n\n<li>Exp\u00e9rience d'un <strong>hammam traditionnel<\/strong> pour une pause d\u00e9tente.<\/li>\n<\/ul>\n\n\n\n<p><strong>Jour 3&nbsp;: Excursion ou exploration locale<\/strong><\/p>\n\n\n\n<ul class=\"wp-block-list\">\n<li>Au choix&nbsp;:\n<ul class=\"wp-block-list\">\n<li><strong>Essaouira&nbsp;<\/strong>: Ville c\u00f4ti\u00e8re r\u00e9put\u00e9e pour ses fruits de mer, ses remparts et ses plages.<\/li>\n\n\n\n<li><strong>Atlas&nbsp;<\/strong>: Randonn\u00e9e dans les villages berb\u00e8res et paysages montagneux.<\/li>\n<\/ul>\n<\/li>\n\n\n\n<li>Retour en ville pour une soir\u00e9e libre.<\/li>\n<\/ul>\n\n\n\n<p><strong>Jour 4&nbsp;: Immersion culinaire et artisanale<\/strong><\/p>\n\n\n\n<ul class=\"wp-block-list\">\n<li><strong>Cours de cuisine marocaine<\/strong> (apprentissage du tagine et du couscous).<\/li>\n\n\n\n<li>Visite d'un <strong>atelier artisanal<\/strong> (poterie, tissage ou maroquinerie).<\/li>\n\n\n\n<li>Promenade dans les <strong>palais et jardins<\/strong> pour une apr\u00e8s-midi tranquille.<\/li>\n\n\n\n<li>D\u00eener dans un <strong>restaurant en terrasse<\/strong> avec vue sur la m\u00e9dina.<\/li>\n<\/ul>\n\n\n\n<p><strong>Jour 5&nbsp;: Derni\u00e8res visites et d\u00e9part<\/strong><\/p>\n\n\n\n<ul class=\"wp-block-list\">\n<li>Petit-d\u00e9jeuner tranquille dans votre riad.<\/li>\n\n\n\n<li>Visite d'un <strong>mus\u00e9e ou lieu insolite<\/strong> (mus\u00e9e Dar Si Sa\u00efd \u00e0 Marrakech ou mus\u00e9e Nejjarine \u00e0 F\u00e8s).<\/li>\n\n\n\n<li><strong>Shopping de souvenirs artisanaux<\/strong> dans les souks.<\/li>\n\n\n\n<li>Transfert \u00e0 l'a\u00e9roport.<\/li>\n<\/ul>\n\n\n\n<h3 class=\"wp-block-heading\"><strong>Itin\u00e9raire de 10 jours au Maroc<\/strong><\/h3>\n\n\n\n<p><strong>Id\u00e9al pour<\/strong><strong><em>&nbsp;<\/em><\/strong>: Premi\u00e8re visite alliant villes, nature et culture.<\/p>\n\n\n\n<p><strong>Jour 1-2&nbsp;: Marrakech et ses joyaux culturels<\/strong><\/p>\n\n\n\n<ul class=\"wp-block-list\">\n<li>Arriv\u00e9e \u00e0 <strong>Marrakech<\/strong> et installation dans un riad.<\/li>\n\n\n\n<li>Exploration de la m\u00e9dina et des sites majeurs&nbsp;: palais Bahia, jardin Majorelle, mosqu\u00e9e Koutoubia.<\/li>\n\n\n\n<li>D\u00eener en terrasse avec vue sur la place Jemaa el-Fna.<\/li>\n<\/ul>\n\n\n\n<p><strong>Jour 3-4&nbsp;: F\u00e8s, capitale culturelle<\/strong><\/p>\n\n\n\n<ul class=\"wp-block-list\">\n<li>Voyage vers <strong>F\u00e8s<\/strong> (train ou transfert priv\u00e9).<\/li>\n\n\n\n<li>D\u00e9couverte de la m\u00e9dina ancienne, mosqu\u00e9e Al Quaraouiyine et tannerie Chouara.<\/li>\n\n\n\n<li>Visite du <strong>Mellah<\/strong> (quartier juif) et d\u00eener dans un restaurant traditionnel.<\/li>\n<\/ul>\n\n\n\n<p><strong>Jour 5-6&nbsp;: Aventure dans le d\u00e9sert du Sahara<\/strong><\/p>\n\n\n\n<ul class=\"wp-block-list\">\n<li>Route vers le <strong>Sahara<\/strong> via Merzouga ou Zagora.<\/li>\n\n\n\n<li><strong>Balade \u00e0 dos de chameau<\/strong> dans les dunes et nuit dans un camp de luxe sous les \u00e9toiles.<\/li>\n\n\n\n<li>Soir\u00e9e <strong>musique berb\u00e8re<\/strong> et repas traditionnel au coin du feu.<\/li>\n<\/ul>\n\n\n\n<figure data-wp-context=\"{&quot;imageId&quot;:&quot;69ef95918cb5c&quot;}\" data-wp-interactive=\"core\/image\" data-wp-key=\"69ef95918cb5c\" class=\"wp-block-image size-large wp-lightbox-container\"><img loading=\"lazy\" decoding=\"async\" width=\"1024\" height=\"576\" data-wp-class--hide=\"state.isContentHidden\" data-wp-class--show=\"state.isContentVisible\" data-wp-init=\"callbacks.setButtonStyles\" data-wp-on--click=\"actions.showLightbox\" data-wp-on--load=\"callbacks.setButtonStyles\" data-wp-on-window--resize=\"callbacks.setButtonStyles\" src=\"https:\/\/myroami.com\/fr\/wp-content\/uploads\/sites\/35\/2025\/09\/Desert-du-Sahara-1024x576.jpg\" alt=\"D\u00e9sert du Sahara\" class=\"wp-image-74409\" srcset=\"https:\/\/myroami.com\/fr\/wp-content\/uploads\/sites\/35\/2025\/09\/Desert-du-Sahara-1024x576.jpg 1024w, https:\/\/myroami.com\/fr\/wp-content\/uploads\/sites\/35\/2025\/09\/Desert-du-Sahara-300x169.jpg 300w, https:\/\/myroami.com\/fr\/wp-content\/uploads\/sites\/35\/2025\/09\/Desert-du-Sahara-768x432.jpg 768w, https:\/\/myroami.com\/fr\/wp-content\/uploads\/sites\/35\/2025\/09\/Desert-du-Sahara-1536x864.jpg 1536w, https:\/\/myroami.com\/fr\/wp-content\/uploads\/sites\/35\/2025\/09\/Desert-du-Sahara.jpg 1600w\" sizes=\"auto, (max-width: 1024px) 100vw, 1024px\" \/><button\n\t\t\tclass=\"lightbox-trigger\"\n\t\t\ttype=\"button\"\n\t\t\taria-haspopup=\"dialog\"\n\t\t\taria-label=\"Agrandir\"\n\t\t\tdata-wp-init=\"callbacks.initTriggerButton\"\n\t\t\tdata-wp-on--click=\"actions.showLightbox\"\n\t\t\tdata-wp-style--right=\"state.imageButtonRight\"\n\t\t\tdata-wp-style--top=\"state.imageButtonTop\"\n\t\t>\n\t\t\t<svg xmlns=\"http:\/\/www.w3.org\/2000\/svg\" width=\"12\" height=\"12\" fill=\"none\" viewBox=\"0 0 12 12\">\n\t\t\t\t<path fill=\"#fff\" d=\"M2 0a2 2 0 0 0-2 2v2h1.5V2a.5.5 0 0 1 .5-.5h2V0H2Zm2 10.5H2a.5.5 0 0 1-.5-.5V8H0v2a2 2 0 0 0 2 2h2v-1.5ZM8 12v-1.5h2a.5.5 0 0 0 .5-.5V8H12v2a2 2 0 0 1-2 2H8Zm2-12a2 2 0 0 1 2 2v2h-1.5V2a.5.5 0 0 0-.5-.5H8V0h2Z\" \/>\n\t\t\t<\/svg>\n\t\t<\/button><figcaption class=\"wp-element-caption\"><em>D\u00e9sert du Sahara<\/em><\/figcaption><\/figure>\n\n\n\n<p><strong>Jours 7-8&nbsp;: Chefchaouen - La ville bleue<\/strong><\/p>\n\n\n\n<ul class=\"wp-block-list\">\n<li>Voyagez vers <strong>Chefchaouen<\/strong>, c\u00e9l\u00e8bre pour ses ruelles bleues et ses vues montagneuses.<\/li>\n\n\n\n<li>Visitez le <strong>mus\u00e9e de la Kasbah<\/strong> et profitez des <strong>vues panoramiques<\/strong> depuis la cascade de Ras El Maa.<\/li>\n\n\n\n<li>Promenade relaxante le soir dans la m\u00e9dina et d\u00e9tente dans un caf\u00e9 chaleureux.<\/li>\n<\/ul>\n\n\n\n<p><strong>Jours 9-10&nbsp;: Volubilis et option plage<\/strong><\/p>\n\n\n\n<ul class=\"wp-block-list\">\n<li>Explorez les <strong>ruines romaines de Volubilis<\/strong> et visitez la <strong>ville imp\u00e9riale de Meknes<\/strong>.<\/li>\n\n\n\n<li>Choisissez entre&nbsp;:\n<ul class=\"wp-block-list\">\n<li><strong>Essaouira<\/strong> ou <strong>Agadir<\/strong> pour une d\u00e9tente baln\u00e9aire avant le d\u00e9part.<\/li>\n<\/ul>\n<\/li>\n\n\n\n<li>Savourez un <strong>dernier d\u00eener marocain<\/strong> avant de vous rendre \u00e0 l'a\u00e9roport.<\/li>\n<\/ul>\n\n\n\n<h2 class=\"wp-block-heading\"><strong>Que mettre dans sa valise pour un voyage au Maroc&nbsp;?<\/strong><\/h2>\n\n\n\n<p>La pr\u00e9paration de votre valise pour le Maroc d\u00e9pend de la <strong>saison<\/strong>, des <strong>destinations<\/strong> et des <strong>activit\u00e9s<\/strong> pr\u00e9vues. Voici une checklist pratique pour voyager l\u00e9ger et efficace&nbsp;:<\/p>\n\n\n\n<h3 class=\"wp-block-heading\"><strong>V\u00eatements et chaussures<\/strong><\/h3>\n\n\n\n<ul class=\"wp-block-list\">\n<li><strong>V\u00eatements<\/strong> <strong>l\u00e9gers et respirants<\/strong> (coton, lin) pour les journ\u00e9es chaudes<\/li>\n\n\n\n<li><strong>Tenues<\/strong> <strong>modestes<\/strong> (pour la visite des sites religieux)<\/li>\n\n\n\n<li><strong>Veste l\u00e9g\u00e8re ou pull pour les soir\u00e9es fra\u00eeches<\/strong> (d\u00e9sert\/montagnes)<\/li>\n\n\n\n<li><strong>Chaussures confortables<\/strong> pour la marche (m\u00e9dinas, souks)<\/li>\n\n\n\n<li><strong>Sandales ou mules<\/strong> pour les riads et zones c\u00f4ti\u00e8res<\/li>\n\n\n\n<li>\u00c9charpe ou ch\u00e2le (protection solaire ou respect des usages locaux)<\/li>\n<\/ul>\n\n\n\n<h3 class=\"wp-block-heading\"><strong>Essentiels et accessoires<\/strong><\/h3>\n\n\n\n<ul class=\"wp-block-list\">\n<li><strong>Protection solaire&nbsp;<\/strong>: lunettes, cr\u00e8me SPF, chapeau<\/li>\n\n\n\n<li>Petit sac \u00e0 dos ou bandouli\u00e8re s\u00e9curis\u00e9<\/li>\n\n\n\n<li><strong>Gourde r\u00e9utilisable<\/strong> (l'eau en bouteille est widely disponible)<\/li>\n\n\n\n<li><strong>Adaptateur de voyage<\/strong> (prises <strong>type C\/E<\/strong>)<\/li>\n\n\n\n<li>Trousse de toilette et m\u00e9dicaments de base<\/li>\n\n\n\n<li>Gel hydroalcoolique et mouchoirs (certains toilettes publics n'en fournissent pas)<\/li>\n<\/ul>\n\n\n\n<h3 class=\"wp-block-heading\"><strong>\u00c9quipement sp\u00e9cialis\u00e9<\/strong><\/h3>\n\n\n\n<ul class=\"wp-block-list\">\n<li><strong>Batterie externe<\/strong> pour recharger vos appareils<\/li>\n\n\n\n<li><strong>Appareil photo ou smartphone <\/strong>pour capturer les paysages<\/li>\n\n\n\n<li>\u00c9quipement de randonn\u00e9e (si trekking dans l'Atlas)<\/li>\n\n\n\n<li>Maillot de bain (plages ou riads avec piscine)<\/li>\n\n\n\n<li>Couches chaudes (hiver ou d\u00e9sert la nuit)<\/li>\n<\/ul>\n\n\n\n<h2 class=\"wp-block-heading\"><strong>Les Fran\u00e7ais ont-ils besoin d\u2019un visa pour se rendre au Maroc&nbsp;?<\/strong><\/h2>\n\n\n\n<p>Les ressortissants fran\u00e7ais n\u2019ont <strong>pas besoin de visa<\/strong> pour s\u00e9journer au Maroc pendant une dur\u00e9e inf\u00e9rieure \u00e0 <strong>90 jours<\/strong>.<\/p>\n\n\n\n<p>Cependant, votre passeport doit \u00eatre <strong>valide au moins 6 mois apr\u00e8s la date d\u2019entr\u00e9e<\/strong> sur le territoire marocain, et comporter <strong>au moins une page vierge<\/strong> pour le cachet d\u2019entr\u00e9e.<\/p>\n\n\n\n<p>Si vous pr\u00e9voyez de s\u00e9journer plus de 90 jours, vous devez demander une prolongation de s\u00e9jour aupr\u00e8s des autorit\u00e9s marocaines de l\u2019immigration (Bureau des \u00c9trangers).<\/p>\n\n\n\n<p><strong>Conseil pratique\u00a0:<\/strong><br>M\u00eame sans visa, il est recommand\u00e9 de voyager avec une <strong>assurance voyage<\/strong> et des <strong>copies num\u00e9ris\u00e9es de vos documents<\/strong> (passeport, billet retour, r\u00e9servations).<\/p>\n\n\n\n<h2 class=\"wp-block-heading\"><strong>Connexion WiFi au Maroc<\/strong><\/h2>\n\n\n\n<p>Le Maroc dispose d'une <strong>infrastructure internet correcte<\/strong>, mais la qualit\u00e9 de la connexion WiFi varie selon les r\u00e9gions.<\/p>\n\n\n\n<p>Dans les grandes villes comme Marrakech, Casablanca, F\u00e8s et Rabat, <strong>le WiFi est largement disponible<\/strong> dans les h\u00f4tels, caf\u00e9s, restaurants et espaces de coworking.<\/p>\n\n\n\n<p>Cependant, <strong>dans les zones rurales, internet peut \u00eatre lent ou peu fiable<\/strong>, et dans le d\u00e9sert du Sahara ou les villages recul\u00e9s, la connexion est souvent tr\u00e8s limit\u00e9e, voire inexistante.<\/p>\n\n\n\n<h3 class=\"wp-block-heading\"><strong>Solutions d'acc\u00e8s \u00e0 internet<\/strong><\/h3>\n\n\n\n<p>Pour une connexion <strong>rapide et stable<\/strong> lors de votre voyage au Maroc, plusieurs options s'offrent \u00e0 vous&nbsp;:<\/p>\n\n\n\n<ul class=\"wp-block-list\">\n<li><strong>eSIM et cartes SIM locales&nbsp;<\/strong>: Solutions \u00e9conomiques pour une connectivit\u00e9 mobile seamless. <em>Note&nbsp;: votre t\u00e9l\u00e9phone doit \u00eatre d\u00e9bloqu\u00e9 pour utiliser une carte SIM locale.<\/em><\/li>\n\n\n\n<li><a href=\"https:\/\/myroami.com\/fr\/internet\/pocket-wifi-international\/\"><strong>Pocket WiFi <\/strong><\/a><strong>(hotspots portables)&nbsp;<\/strong>: Id\u00e9al pour ceux qui ont besoin de connecter plusieurs appareils. Disponibles \u00e0 la location dans les a\u00e9roports ou via des compagnies sp\u00e9cialis\u00e9es (r\u00e9seau 4G, mais frais de location journaliers).<\/li>\n\n\n\n<li><strong>WiFi public<\/strong> (h\u00f4tels, caf\u00e9s)&nbsp;: R\u00e9pandu en zone urbaine, mais souvent <strong>lent ou satur\u00e9<\/strong> aux heures de pointe. Peut rendre les appels vid\u00e9o ou le streaming difficiles.<\/li>\n\n\n\n<li><strong>Roaming international&nbsp;<\/strong>: Option pratique mais <strong>co\u00fbteuse<\/strong>. V\u00e9rifiez les forfaits voyage de votre op\u00e9rateur avant votre d\u00e9part.<\/li>\n<\/ul>\n\n\n\n<h2 class=\"wp-block-heading\"><strong>Les meilleurs fournisseurs d'eSIM au Maroc<\/strong><\/h2>\n\n\n\n<p>Pour les voyageurs recherchant une <strong>connexion data mobile fiable<\/strong> au Maroc, <a href=\"https:\/\/myroami.com\/fr\/carte-esim\/sim-ou-esim\/\">les eSIM offrent de nombreux avantages<\/a> sans avoir besoin d'une carte SIM physique.<\/p>\n\n\n\n<p>Elles vous permettent de <strong>rester connect\u00e9 d\u00e8s l'atterrissage<\/strong>, en \u00e9vitant les <strong>frais d'itin\u00e9rance co\u00fbteux<\/strong> et les r\u00e9seaux WiFi publics peu fiables. Voici quelques-uns des <a href=\"https:\/\/myroami.com\/fr\/carte-esim\/esim-maroc\/\">meilleurs fournisseurs d'eSIM pour le Maroc<\/a>&nbsp;:<\/p>\n\n\n\n<h3 class=\"wp-block-heading\"><strong>1.&nbsp;Holafly<\/strong><\/h3>\n\n\n\n<figure data-wp-context=\"{&quot;imageId&quot;:&quot;69ef95918d7e7&quot;}\" data-wp-interactive=\"core\/image\" data-wp-key=\"69ef95918d7e7\" class=\"wp-block-image size-large wp-lightbox-container\"><img loading=\"lazy\" decoding=\"async\" width=\"1024\" height=\"470\" data-wp-class--hide=\"state.isContentHidden\" data-wp-class--show=\"state.isContentVisible\" data-wp-init=\"callbacks.setButtonStyles\" data-wp-on--click=\"actions.showLightbox\" data-wp-on--load=\"callbacks.setButtonStyles\" data-wp-on-window--resize=\"callbacks.setButtonStyles\" src=\"https:\/\/myroami.com\/fr\/wp-content\/uploads\/sites\/35\/2025\/09\/holafly-fournisseur-esim-maroc-1024x470.png\" alt=\"Holafly \u2013 fournisseur d\u2019eSIM pour le Maroc\" class=\"wp-image-74421\" srcset=\"https:\/\/myroami.com\/fr\/wp-content\/uploads\/sites\/35\/2025\/09\/holafly-fournisseur-esim-maroc-1024x470.png 1024w, https:\/\/myroami.com\/fr\/wp-content\/uploads\/sites\/35\/2025\/09\/holafly-fournisseur-esim-maroc-300x138.png 300w, https:\/\/myroami.com\/fr\/wp-content\/uploads\/sites\/35\/2025\/09\/holafly-fournisseur-esim-maroc-768x352.png 768w, https:\/\/myroami.com\/fr\/wp-content\/uploads\/sites\/35\/2025\/09\/holafly-fournisseur-esim-maroc.png 1475w\" sizes=\"auto, (max-width: 1024px) 100vw, 1024px\" \/><button\n\t\t\tclass=\"lightbox-trigger\"\n\t\t\ttype=\"button\"\n\t\t\taria-haspopup=\"dialog\"\n\t\t\taria-label=\"Agrandir\"\n\t\t\tdata-wp-init=\"callbacks.initTriggerButton\"\n\t\t\tdata-wp-on--click=\"actions.showLightbox\"\n\t\t\tdata-wp-style--right=\"state.imageButtonRight\"\n\t\t\tdata-wp-style--top=\"state.imageButtonTop\"\n\t\t>\n\t\t\t<svg xmlns=\"http:\/\/www.w3.org\/2000\/svg\" width=\"12\" height=\"12\" fill=\"none\" viewBox=\"0 0 12 12\">\n\t\t\t\t<path fill=\"#fff\" d=\"M2 0a2 2 0 0 0-2 2v2h1.5V2a.5.5 0 0 1 .5-.5h2V0H2Zm2 10.5H2a.5.5 0 0 1-.5-.5V8H0v2a2 2 0 0 0 2 2h2v-1.5ZM8 12v-1.5h2a.5.5 0 0 0 .5-.5V8H12v2a2 2 0 0 1-2 2H8Zm2-12a2 2 0 0 1 2 2v2h-1.5V2a.5.5 0 0 0-.5-.5H8V0h2Z\" \/>\n\t\t\t<\/svg>\n\t\t<\/button><\/figure>\n\n\n\n<p>Holafly est un fournisseur d'eSIM tr\u00e8s appr\u00e9ci\u00e9 qui propose des <strong>forfaits donn\u00e9es illimit\u00e9es<\/strong> pour les voyageurs au Maroc et ailleurs dans le monde. Leurs eSIMs sont faciles \u00e0 activer via QR code, \u00e9liminant le besoin de cartes SIM physiques. Holafly est une excellente option pour ceux qui souhaitent une connectivit\u00e9 sans souci sans craindre de manquer de donn\u00e9es.<\/p>\n\n\n\n<p><strong>Avantages&nbsp;:<\/strong><\/p>\n\n\n\n<ul class=\"wp-block-list\">\n<li>Forfaits donn\u00e9es <strong>illimit\u00e9es<\/strong> disponibles<\/li>\n\n\n\n<li>Processus d'activation <strong>simple<\/strong> via QR code<\/li>\n\n\n\n<li><strong>Aucun changement<\/strong> de num\u00e9ro de t\u00e9l\u00e9phone n\u00e9cessaire<\/li>\n<\/ul>\n\n\n\n<p><strong>Inconv\u00e9nients&nbsp;:<\/strong><\/p>\n\n\n\n<ul class=\"wp-block-list\">\n<li>Partage de donn\u00e9es limit\u00e9 \u00e0 <strong>500&nbsp;Mo par jour<\/strong><\/li>\n\n\n\n<li>Peut \u00eatre <strong>plus cher<\/strong> que les options de cartes SIM locales<\/li>\n<\/ul>\n\n\n\n<p><strong>Co\u00fbt&nbsp;:<\/strong> <strong>5,50&nbsp;\u20ac par jour<\/strong> (donn\u00e9es illimit\u00e9es pour 5&nbsp;jours)<\/p>\n\n\n\n<h3 class=\"wp-block-heading\"><strong>2.&nbsp;Nomad<\/strong><\/h3>\n\n\n\n<figure data-wp-context=\"{&quot;imageId&quot;:&quot;69ef95918dd5d&quot;}\" data-wp-interactive=\"core\/image\" data-wp-key=\"69ef95918dd5d\" class=\"wp-block-image size-large wp-lightbox-container\"><img loading=\"lazy\" decoding=\"async\" width=\"1024\" height=\"504\" data-wp-class--hide=\"state.isContentHidden\" data-wp-class--show=\"state.isContentVisible\" data-wp-init=\"callbacks.setButtonStyles\" data-wp-on--click=\"actions.showLightbox\" data-wp-on--load=\"callbacks.setButtonStyles\" data-wp-on-window--resize=\"callbacks.setButtonStyles\" src=\"https:\/\/myroami.com\/fr\/wp-content\/uploads\/sites\/35\/2025\/09\/nomad-fournisseur-esim-maroc-1024x504.png\" alt=\"Nomad \u2013 fournisseur d\u2019eSIM pour le Maroc\" class=\"wp-image-74418\" srcset=\"https:\/\/myroami.com\/fr\/wp-content\/uploads\/sites\/35\/2025\/09\/nomad-fournisseur-esim-maroc-1024x504.png 1024w, https:\/\/myroami.com\/fr\/wp-content\/uploads\/sites\/35\/2025\/09\/nomad-fournisseur-esim-maroc-300x148.png 300w, https:\/\/myroami.com\/fr\/wp-content\/uploads\/sites\/35\/2025\/09\/nomad-fournisseur-esim-maroc-768x378.png 768w, https:\/\/myroami.com\/fr\/wp-content\/uploads\/sites\/35\/2025\/09\/nomad-fournisseur-esim-maroc.png 1330w\" sizes=\"auto, (max-width: 1024px) 100vw, 1024px\" \/><button\n\t\t\tclass=\"lightbox-trigger\"\n\t\t\ttype=\"button\"\n\t\t\taria-haspopup=\"dialog\"\n\t\t\taria-label=\"Agrandir\"\n\t\t\tdata-wp-init=\"callbacks.initTriggerButton\"\n\t\t\tdata-wp-on--click=\"actions.showLightbox\"\n\t\t\tdata-wp-style--right=\"state.imageButtonRight\"\n\t\t\tdata-wp-style--top=\"state.imageButtonTop\"\n\t\t>\n\t\t\t<svg xmlns=\"http:\/\/www.w3.org\/2000\/svg\" width=\"12\" height=\"12\" fill=\"none\" viewBox=\"0 0 12 12\">\n\t\t\t\t<path fill=\"#fff\" d=\"M2 0a2 2 0 0 0-2 2v2h1.5V2a.5.5 0 0 1 .5-.5h2V0H2Zm2 10.5H2a.5.5 0 0 1-.5-.5V8H0v2a2 2 0 0 0 2 2h2v-1.5ZM8 12v-1.5h2a.5.5 0 0 0 .5-.5V8H12v2a2 2 0 0 1-2 2H8Zm2-12a2 2 0 0 1 2 2v2h-1.5V2a.5.5 0 0 0-.5-.5H8V0h2Z\" \/>\n\t\t\t<\/svg>\n\t\t<\/button><\/figure>\n\n\n\n<p>Nomad est un fournisseur d'eSIM flexible qui propose des <strong>forfaits de donn\u00e9es pr\u00e9pay\u00e9s<\/strong> pour les voyageurs au Maroc, permettant aux utilisateurs de choisir parmi diff\u00e9rentes quantit\u00e9s de donn\u00e9es selon leurs besoins. Leurs tarifs sont <strong>comp\u00e9titifs<\/strong> et les forfaits peuvent \u00eatre g\u00e9r\u00e9s facilement via leur application. Nomad est id\u00e9al pour les voyageurs qui souhaitent <strong>contr\u00f4ler leur utilisation de donn\u00e9es<\/strong> sans s'engager sur des forfaits illimit\u00e9s.<\/p>\n\n\n\n<p><strong>Avantages&nbsp;:<\/strong><\/p>\n\n\n\n<ul class=\"wp-block-list\">\n<li><strong>Multiples options<\/strong> de forfaits de donn\u00e9es<\/li>\n\n\n\n<li>Tarifs <strong>abordables<\/strong> par rapport \u00e0 certains concurrents<\/li>\n<\/ul>\n\n\n\n<p><strong>Inconv\u00e9nients&nbsp;:<\/strong><\/p>\n\n\n\n<ul class=\"wp-block-list\">\n<li><strong>Aucun forfait<\/strong> donn\u00e9es illimit\u00e9es<\/li>\n\n\n\n<li>Couverture et d\u00e9bit <strong>variables<\/strong> selon la localisation<\/li>\n<\/ul>\n\n\n\n<p><strong>Co\u00fbt&nbsp;:<\/strong> <strong>7,50&nbsp;\u20ac<\/strong> (1&nbsp;Go de donn\u00e9es pour 7&nbsp;jours)<\/p>\n\n\n\n<h3 class=\"wp-block-heading\"><strong>3. Airalo<\/strong><\/h3>\n\n\n\n<figure data-wp-context=\"{&quot;imageId&quot;:&quot;69ef95918e2ad&quot;}\" data-wp-interactive=\"core\/image\" data-wp-key=\"69ef95918e2ad\" class=\"wp-block-image size-large wp-lightbox-container\"><img loading=\"lazy\" decoding=\"async\" width=\"1024\" height=\"425\" data-wp-class--hide=\"state.isContentHidden\" data-wp-class--show=\"state.isContentVisible\" data-wp-init=\"callbacks.setButtonStyles\" data-wp-on--click=\"actions.showLightbox\" data-wp-on--load=\"callbacks.setButtonStyles\" data-wp-on-window--resize=\"callbacks.setButtonStyles\" src=\"https:\/\/myroami.com\/fr\/wp-content\/uploads\/sites\/35\/2025\/09\/airalo-fournisseur-esim-maroc-1024x425.png\" alt=\"Airalo \u2013 fournisseur d\u2019eSIM pour le Maroc\" class=\"wp-image-74423\" srcset=\"https:\/\/myroami.com\/fr\/wp-content\/uploads\/sites\/35\/2025\/09\/airalo-fournisseur-esim-maroc-1024x425.png 1024w, https:\/\/myroami.com\/fr\/wp-content\/uploads\/sites\/35\/2025\/09\/airalo-fournisseur-esim-maroc-300x125.png 300w, https:\/\/myroami.com\/fr\/wp-content\/uploads\/sites\/35\/2025\/09\/airalo-fournisseur-esim-maroc-768x319.png 768w, https:\/\/myroami.com\/fr\/wp-content\/uploads\/sites\/35\/2025\/09\/airalo-fournisseur-esim-maroc.png 1223w\" sizes=\"auto, (max-width: 1024px) 100vw, 1024px\" \/><button\n\t\t\tclass=\"lightbox-trigger\"\n\t\t\ttype=\"button\"\n\t\t\taria-haspopup=\"dialog\"\n\t\t\taria-label=\"Agrandir\"\n\t\t\tdata-wp-init=\"callbacks.initTriggerButton\"\n\t\t\tdata-wp-on--click=\"actions.showLightbox\"\n\t\t\tdata-wp-style--right=\"state.imageButtonRight\"\n\t\t\tdata-wp-style--top=\"state.imageButtonTop\"\n\t\t>\n\t\t\t<svg xmlns=\"http:\/\/www.w3.org\/2000\/svg\" width=\"12\" height=\"12\" fill=\"none\" viewBox=\"0 0 12 12\">\n\t\t\t\t<path fill=\"#fff\" d=\"M2 0a2 2 0 0 0-2 2v2h1.5V2a.5.5 0 0 1 .5-.5h2V0H2Zm2 10.5H2a.5.5 0 0 1-.5-.5V8H0v2a2 2 0 0 0 2 2h2v-1.5ZM8 12v-1.5h2a.5.5 0 0 0 .5-.5V8H12v2a2 2 0 0 1-2 2H8Zm2-12a2 2 0 0 1 2 2v2h-1.5V2a.5.5 0 0 0-.5-.5H8V0h2Z\" \/>\n\t\t\t<\/svg>\n\t\t<\/button><\/figure>\n\n\n\n<p>Airalo propose des eSIMs pr\u00e9pay\u00e9es pour le Maroc avec des <strong>forfaits de donn\u00e9es flexibles<\/strong>, en faisant un excellent choix pour les voyageurs recherchant une connectivit\u00e9 <strong>\u00e9conomique<\/strong> \u00e0 court terme. Leurs eSIMs sont faciles \u00e0 installer via QR code et donnent acc\u00e8s aux r\u00e9seaux locaux sans carte SIM physique. Airalo est id\u00e9al pour les voyageurs <strong>soucieux de leur budget<\/strong> qui veulent un moyen simple de rester connect\u00e9s.<\/p>\n\n\n\n<p><strong>Avantages&nbsp;:<\/strong><\/p>\n\n\n\n<ul class=\"wp-block-list\">\n<li>Forfaits de donn\u00e9es pr\u00e9pay\u00e9s <strong>abordables<\/strong><\/li>\n\n\n\n<li>Activation <strong>instantan\u00e9e<\/strong> via QR code<\/li>\n<\/ul>\n\n\n\n<p><strong>Inconv\u00e9nients&nbsp;:<\/strong><\/p>\n\n\n\n<ul class=\"wp-block-list\">\n<li><strong>Aucune prise en charge<\/strong> des appels ou SMS<\/li>\n\n\n\n<li>Assistance client <strong>limit\u00e9e<\/strong> par rapport \u00e0 d'autres fournisseurs<\/li>\n<\/ul>\n\n\n\n<p><strong>Co\u00fbt&nbsp;:<\/strong> <strong>7,50&nbsp;\u20ac<\/strong> (1&nbsp;Go de donn\u00e9es pour 7&nbsp;jours)<\/p>\n","protected":false},"excerpt":{"rendered":"<p>La meilleure p\u00e9riode pour visiter le Maroc est le printemps (mars \u00e0 mai) ou l\u2019automne (septembre \u00e0 novembre), lorsque le climat est doux et ensoleill\u00e9, id\u00e9al pour explorer les villes imp\u00e9riales, randonner dans le Haut Atlas ou d\u00e9couvrir le d\u00e9sert du Sahara. Ce guide vous pr\u00e9sente les saisons, \u00e9v\u00e9nements et conseils essentiels pour organiser le voyage parfait.<\/p>\n","protected":false},"author":182,"featured_media":74412,"comment_status":"closed","ping_status":"closed","sticky":false,"template":"","format":"standard","meta":{"_acf_changed":false,"footnotes":""},"categories":[189],"tags":[],"class_list":["post-74403","post","type-post","status-publish","format-standard","has-post-thumbnail","hentry","category-voyage"],"acf":[],"yoast_head":"<title>Quand partir au Maroc ? Guide complet 2025<\/title>\n<meta name=\"description\" content=\"La meilleure p\u00e9riode pour partir au Maroc est le printemps (mars-mai) et l\u2019automne (sept.-nov.), avec avril et octobre id\u00e9aux.\" \/>\n<meta name=\"robots\" content=\"index, follow, max-snippet:-1, max-image-preview:large, max-video-preview:-1\" \/>\n<link rel=\"canonical\" href=\"https:\/\/myroami.com\/fr\/voyage\/quand-partir-au-maroc\/\" \/>\n<meta property=\"og:locale\" content=\"fr_FR\" \/>\n<meta property=\"og:type\" content=\"article\" \/>\n<meta property=\"og:title\" content=\"Quand partir au Maroc ? Guide complet 2025\" \/>\n<meta property=\"og:description\" content=\"La meilleure p\u00e9riode pour partir au Maroc est le printemps (mars-mai) et l\u2019automne (sept.-nov.), avec avril et octobre id\u00e9aux.\" \/>\n<meta property=\"og:url\" content=\"https:\/\/myroami.com\/fr\/voyage\/quand-partir-au-maroc\/\" \/>\n<meta property=\"og:site_name\" content=\"Roami - FR\" \/>\n<meta property=\"article:published_time\" content=\"2025-09-03T13:07:37+00:00\" \/>\n<meta property=\"article:modified_time\" content=\"2025-09-03T13:07:38+00:00\" \/>\n<meta property=\"og:image\" content=\"https:\/\/myroami.com\/fr\/wp-content\/uploads\/sites\/35\/2025\/09\/quand-partir-au-maroc-rues-bleues-chefchaouen.png\" \/>\n\t<meta property=\"og:image:width\" content=\"502\" \/>\n\t<meta property=\"og:image:height\" content=\"335\" \/>\n\t<meta property=\"og:image:type\" content=\"image\/png\" \/>\n<meta name=\"author\" content=\"Vukasin Petrovic\" \/>\n<meta name=\"twitter:card\" content=\"summary_large_image\" \/>\n<meta name=\"twitter:label1\" content=\"\u00c9crit par\" \/>\n\t<meta name=\"twitter:data1\" content=\"Vukasin Petrovic\" \/>\n\t<meta name=\"twitter:label2\" content=\"Dur\u00e9e de lecture estim\u00e9e\" \/>\n\t<meta name=\"twitter:data2\" content=\"15 minutes\" \/>","yoast_head_json":{"title":"Quand partir au Maroc ? Guide complet 2025","description":"La meilleure p\u00e9riode pour partir au Maroc est le printemps (mars-mai) et l\u2019automne (sept.-nov.), avec avril et octobre id\u00e9aux.","robots":{"index":"index","follow":"follow","max-snippet":"max-snippet:-1","max-image-preview":"max-image-preview:large","max-video-preview":"max-video-preview:-1"},"canonical":"https:\/\/myroami.com\/fr\/voyage\/quand-partir-au-maroc\/","og_locale":"fr_FR","og_type":"article","og_title":"Quand partir au Maroc ? Guide complet 2025","og_description":"La meilleure p\u00e9riode pour partir au Maroc est le printemps (mars-mai) et l\u2019automne (sept.-nov.), avec avril et octobre id\u00e9aux.","og_url":"https:\/\/myroami.com\/fr\/voyage\/quand-partir-au-maroc\/","og_site_name":"Roami - FR","article_published_time":"2025-09-03T13:07:37+00:00","article_modified_time":"2025-09-03T13:07:38+00:00","og_image":[{"width":502,"height":335,"url":"https:\/\/myroami.com\/fr\/wp-content\/uploads\/sites\/35\/2025\/09\/quand-partir-au-maroc-rues-bleues-chefchaouen.png","type":"image\/png"}],"author":"Vukasin Petrovic","twitter_card":"summary_large_image","twitter_misc":{"\u00c9crit par":"Vukasin Petrovic","Dur\u00e9e de lecture estim\u00e9e":"15 minutes"},"schema":{"@context":"https:\/\/schema.org","@graph":[{"@context":"https:\/\/schema.org","@type":"BreadcrumbList","@id":"https:\/\/myroami.com\/fr\/voyage\/quand-partir-au-maroc\/#breadcrumb","itemListElement":[{"@type":"ListItem","position":1,"item":{"@type":"WebPage","@id":"https:\/\/myroami.com\/fr\/","url":"https:\/\/myroami.com\/fr\/","name":"Home"}}]}]}},"_links":{"self":[{"href":"https:\/\/myroami.com\/fr\/wp-json\/wp\/v2\/posts\/74403","targetHints":{"allow":["GET"]}}],"collection":[{"href":"https:\/\/myroami.com\/fr\/wp-json\/wp\/v2\/posts"}],"about":[{"href":"https:\/\/myroami.com\/fr\/wp-json\/wp\/v2\/types\/post"}],"author":[{"embeddable":true,"href":"https:\/\/myroami.com\/fr\/wp-json\/wp\/v2\/users\/182"}],"replies":[{"embeddable":true,"href":"https:\/\/myroami.com\/fr\/wp-json\/wp\/v2\/comments?post=74403"}],"version-history":[{"count":2,"href":"https:\/\/myroami.com\/fr\/wp-json\/wp\/v2\/posts\/74403\/revisions"}],"predecessor-version":[{"id":74426,"href":"https:\/\/myroami.com\/fr\/wp-json\/wp\/v2\/posts\/74403\/revisions\/74426"}],"wp:featuredmedia":[{"embeddable":true,"href":"https:\/\/myroami.com\/fr\/wp-json\/wp\/v2\/media\/74412"}],"wp:attachment":[{"href":"https:\/\/myroami.com\/fr\/wp-json\/wp\/v2\/media?parent=74403"}],"wp:term":[{"taxonomy":"category","embeddable":true,"href":"https:\/\/myroami.com\/fr\/wp-json\/wp\/v2\/categories?post=74403"},{"taxonomy":"post_tag","embeddable":true,"href":"https:\/\/myroami.com\/fr\/wp-json\/wp\/v2\/tags?post=74403"}],"curies":[{"name":"wp","href":"https:\/\/api.w.org\/{rel}","templated":true}]}}