{"id":72282,"date":"2025-08-22T16:27:58","date_gmt":"2025-08-22T16:27:58","guid":{"rendered":"https:\/\/myroami.com\/pt\/?p=72282"},"modified":"2025-08-22T16:27:59","modified_gmt":"2025-08-22T16:27:59","slug":"melhor-altura-para-ir-a-austria","status":"publish","type":"post","link":"https:\/\/myroami.com\/pt\/guias-viagens\/melhor-altura-para-ir-a-austria\/","title":{"rendered":"Qual \u00e9 a melhor altura para visitar a \u00c1ustria?"},"content":{"rendered":"\n<p>A \u00c1ustria, com as suas incr\u00edveis paisagens alpinas e uma forte heran\u00e7a cultural, voltou a mostrar porque \u00e9 um destino obrigat\u00f3rio no mapa tur\u00edstico mundial. De acordo com dados europeus, em 2024, o pa\u00eds atingiu um grande pico tur\u00edstico, atraindo 46,71 milh\u00f5es de visitantes, que passaram um total de 154,29 milh\u00f5es de noites em todo o pa\u00eds \u2014 sinal de que muitos viajantes procuram descobrir qual \u00e9 a <strong>melhor altura para ir \u00e0 \u00c1ustria<\/strong>.<\/p>\n\n\n\n<figure data-wp-context=\"{&quot;imageId&quot;:&quot;69f1e63c7b0de&quot;}\" data-wp-interactive=\"core\/image\" data-wp-key=\"69f1e63c7b0de\" class=\"wp-block-image size-large wp-lightbox-container\"><img loading=\"lazy\" decoding=\"async\" width=\"1024\" height=\"576\" data-wp-class--hide=\"state.isContentHidden\" data-wp-class--show=\"state.isContentVisible\" data-wp-init=\"callbacks.setButtonStyles\" data-wp-on--click=\"actions.showLightbox\" data-wp-on--load=\"callbacks.setButtonStyles\" data-wp-on-window--resize=\"callbacks.setButtonStyles\" src=\"https:\/\/myroami.com\/pt\/wp-content\/uploads\/sites\/41\/2025\/08\/melhor-altura-para-ir-a-austria-hallstatt-estatisticas-1024x576.png\" alt=\"Hallstatt com estat\u00edsticas de turismo \u2013 melhor altura para ir \u00e0 \u00c1ustria\" class=\"wp-image-72300\" srcset=\"https:\/\/myroami.com\/pt\/wp-content\/uploads\/sites\/41\/2025\/08\/melhor-altura-para-ir-a-austria-hallstatt-estatisticas-1024x576.png 1024w, https:\/\/myroami.com\/pt\/wp-content\/uploads\/sites\/41\/2025\/08\/melhor-altura-para-ir-a-austria-hallstatt-estatisticas-300x169.png 300w, https:\/\/myroami.com\/pt\/wp-content\/uploads\/sites\/41\/2025\/08\/melhor-altura-para-ir-a-austria-hallstatt-estatisticas-768x432.png 768w, https:\/\/myroami.com\/pt\/wp-content\/uploads\/sites\/41\/2025\/08\/melhor-altura-para-ir-a-austria-hallstatt-estatisticas.png 1365w\" sizes=\"auto, (max-width: 1024px) 100vw, 1024px\" \/><button\n\t\t\tclass=\"lightbox-trigger\"\n\t\t\ttype=\"button\"\n\t\t\taria-haspopup=\"dialog\"\n\t\t\taria-label=\"Ampliar\"\n\t\t\tdata-wp-init=\"callbacks.initTriggerButton\"\n\t\t\tdata-wp-on--click=\"actions.showLightbox\"\n\t\t\tdata-wp-style--right=\"state.imageButtonRight\"\n\t\t\tdata-wp-style--top=\"state.imageButtonTop\"\n\t\t>\n\t\t\t<svg xmlns=\"http:\/\/www.w3.org\/2000\/svg\" width=\"12\" height=\"12\" fill=\"none\" viewBox=\"0 0 12 12\">\n\t\t\t\t<path fill=\"#fff\" d=\"M2 0a2 2 0 0 0-2 2v2h1.5V2a.5.5 0 0 1 .5-.5h2V0H2Zm2 10.5H2a.5.5 0 0 1-.5-.5V8H0v2a2 2 0 0 0 2 2h2v-1.5ZM8 12v-1.5h2a.5.5 0 0 0 .5-.5V8H12v2a2 2 0 0 1-2 2H8Zm2-12a2 2 0 0 1 2 2v2h-1.5V2a.5.5 0 0 0-.5-.5H8V0h2Z\" \/>\n\t\t\t<\/svg>\n\t\t<\/button><\/figure>\n\n\n\n<h2 class=\"wp-block-heading\"><strong>Qual \u00e9 a melhor altura para visitar a \u00c1ustria?<\/strong><\/h2>\n\n\n\n<p>A melhor altura para visitar a \u00c1ustria depende dos seus interesses pessoais. Quer esteja \u00e0 procura de trilhos ensolarados, pistas de neve ou o ambiente acolhedor das cidades, a \u00c1ustria tem algo para oferecer durante todo o ano:<\/p>\n\n\n\n<h3 class=\"wp-block-heading\"><strong>\u00c9poca alta (Junho a Agosto)<\/strong><\/h3>\n\n\n\n<p>Se gosta de aventuras ao ar livre e de aproveitar um ambiente animado, considere visitar a \u00c1ustria no ver\u00e3o. O clima \u00e9 quente (<strong>20\u00b0C a 30\u00b0C&nbsp; ou 68 \u00b0F a 86 \u00b0F<\/strong>), ideal para fazer caminhadas nos Alpes, nadar em lagos de \u00e1guas cristalinas ou explorar cidades encantadoras como Salzburgo e Innsbruck.<\/p>\n\n\n\n<p>Esta \u00e9 tamb\u00e9m a \u00e9poca dos festivais, com eventos como o Festival de Salzburgo e concertos ao ar livre a encherem o calend\u00e1rio. No entanto, como \u00e9 a altura mais movimentada do ano, pode contar com maiores multid\u00f5es e pre\u00e7os mais elevados, especialmente em locais populares como Hallstatt ou Viena.<\/p>\n\n\n\n<h3 class=\"wp-block-heading\"><strong>\u00c9poca Interm\u00e9dia (Abril a Maio e Setembro a Outubro)<\/strong><\/h3>\n\n\n\n<p>Para um ambiente mais descontra\u00eddo e um clima ainda agrad\u00e1vel, pode visitar a \u00c1ustria durante as \u00e9pocas interm\u00e9dias. As temperaturas oscilam entre os <strong>10\u00b0C e os 20\u00b0C&nbsp; (50 \u00b0F a 68 \u00b0F)<\/strong>, sendo ideal para passear pelas ruas hist\u00f3ricas de Viena, provar vinhos no Vale do Wachau ou fazer caminhadas sem as multid\u00f5es do ver\u00e3o.<\/p>\n\n\n\n<p>Ambas as \u00e9pocas oferecem um equil\u00edbrio perfeito: poder\u00e1 desfrutar de um clima ameno para aventuras ao ar livre, menos turistas em locais populares como Salzburgo ou Hallstatt, e pre\u00e7os mais baixos na acomoda\u00e7\u00e3o em compara\u00e7\u00e3o com o pico do ver\u00e3o. As \u00e9pocas interm\u00e9dias permitem-lhe experimentar o charme da \u00c1ustria a um ritmo mais tranquilo e aut\u00eantico.<\/p>\n\n\n\n<h3 class=\"wp-block-heading\"><strong>Inverno (Dezembro a Mar\u00e7o)<\/strong><\/h3>\n\n\n\n<p>O inverno na \u00c1ustria traz temperaturas frias, mas geralmente suport\u00e1veis, entre <strong>-5\u00b0C e 5\u00b0C (23\u00b0F a 41\u00b0F).<\/strong> Os Alpes acolhem est\u00e2ncias de esqui de renome mundial como St. Anton e Kitzb\u00fchel, famosas pelas suas pistas bem cuidadas e pela neve garantida. Embora o clima seja frio, raramente \u00e9 extremo, tornando esta esta\u00e7\u00e3o ideal para esquiar, praticar snowboard ou visitar os tradicionais mercados de Natal.<\/p>\n\n\n\n<p>Os principais mercados incluem o Christkindlmarkt de Viena, onde pode encontrar artesanato e Gl\u00fchwein, e o Mercado de Natal de Salzburgo, famoso pelo seu ambiente hist\u00f3rico e espet\u00e1culos festivos. Estes mercados oferecem iguarias locais, presentes artesanais e um ambiente acolhedor e festivo de Natal.<\/p>\n\n\n\n<figure class=\"wp-block-table\"><table class=\"has-fixed-layout\"><tbody><tr><td>\u00c9poca<\/td><td>Meses<\/td><td>Tempo<\/td><td>Destaques<\/td><td>Recomenda\u00e7\u00f5es<\/td><\/tr><tr><td>\u00c9poca alta<\/td><td>Junho\u2013Agosto<\/td><td>Quente, -20\u00b0C-30\u00b0C (68\u00b0F-86\u00b0F)<\/td><td>Caminhadas, festivais, divers\u00e3o junto a lagos<\/td><td>Multid\u00f5es, pre\u00e7os mais altos<\/td><\/tr><tr><td>\u00c9poca interm\u00e9dia<\/td><td>Abril\u2013Maio, Set\u2013Out<\/td><td>Ameno, -10\u00b0C-20\u00b0C (50\u00b0F-68\u00b0F)<\/td><td>Explorar a cidade, passeios, menos turistas<\/td><td>Tempo imprevis\u00edvel, algumas atra\u00e7\u00f5es fechadas<\/td><\/tr><tr><td>Inverno<\/td><td>Dezembro\u2013Mar\u00e7o<\/td><td>Frio, -5\u00b0C-5\u00b0C (23\u00b0F-41\u00b0F)<\/td><td>Desportos de inverno, mercados de Natal<\/td><td>Custos mais elevados, especialmente nas festas<\/td><\/tr><\/tbody><\/table><\/figure>\n\n\n\n<p><strong>Principais eventos anuais da \u00c1ustria<\/strong><\/p>\n\n\n\n<figure data-wp-context=\"{&quot;imageId&quot;:&quot;69f1e63c7be06&quot;}\" data-wp-interactive=\"core\/image\" data-wp-key=\"69f1e63c7be06\" class=\"wp-block-image size-large wp-lightbox-container\"><img loading=\"lazy\" decoding=\"async\" width=\"1024\" height=\"576\" data-wp-class--hide=\"state.isContentHidden\" data-wp-class--show=\"state.isContentVisible\" data-wp-init=\"callbacks.setButtonStyles\" data-wp-on--click=\"actions.showLightbox\" data-wp-on--load=\"callbacks.setButtonStyles\" data-wp-on-window--resize=\"callbacks.setButtonStyles\" src=\"https:\/\/myroami.com\/pt\/wp-content\/uploads\/sites\/41\/2025\/08\/melhor-altura-para-ir-a-austria-festival-narcisos-1024x576.png\" alt=\"Festival dos Narcisos em Salzkammergut \u2013 melhor altura para ir \u00e0 \u00c1ustria\" class=\"wp-image-72302\" srcset=\"https:\/\/myroami.com\/pt\/wp-content\/uploads\/sites\/41\/2025\/08\/melhor-altura-para-ir-a-austria-festival-narcisos-1024x576.png 1024w, https:\/\/myroami.com\/pt\/wp-content\/uploads\/sites\/41\/2025\/08\/melhor-altura-para-ir-a-austria-festival-narcisos-300x169.png 300w, https:\/\/myroami.com\/pt\/wp-content\/uploads\/sites\/41\/2025\/08\/melhor-altura-para-ir-a-austria-festival-narcisos-768x432.png 768w, https:\/\/myroami.com\/pt\/wp-content\/uploads\/sites\/41\/2025\/08\/melhor-altura-para-ir-a-austria-festival-narcisos.png 1365w\" sizes=\"auto, (max-width: 1024px) 100vw, 1024px\" \/><button\n\t\t\tclass=\"lightbox-trigger\"\n\t\t\ttype=\"button\"\n\t\t\taria-haspopup=\"dialog\"\n\t\t\taria-label=\"Ampliar\"\n\t\t\tdata-wp-init=\"callbacks.initTriggerButton\"\n\t\t\tdata-wp-on--click=\"actions.showLightbox\"\n\t\t\tdata-wp-style--right=\"state.imageButtonRight\"\n\t\t\tdata-wp-style--top=\"state.imageButtonTop\"\n\t\t>\n\t\t\t<svg xmlns=\"http:\/\/www.w3.org\/2000\/svg\" width=\"12\" height=\"12\" fill=\"none\" viewBox=\"0 0 12 12\">\n\t\t\t\t<path fill=\"#fff\" d=\"M2 0a2 2 0 0 0-2 2v2h1.5V2a.5.5 0 0 1 .5-.5h2V0H2Zm2 10.5H2a.5.5 0 0 1-.5-.5V8H0v2a2 2 0 0 0 2 2h2v-1.5ZM8 12v-1.5h2a.5.5 0 0 0 .5-.5V8H12v2a2 2 0 0 1-2 2H8Zm2-12a2 2 0 0 1 2 2v2h-1.5V2a.5.5 0 0 0-.5-.5H8V0h2Z\" \/>\n\t\t\t<\/svg>\n\t\t<\/button><figcaption class=\"wp-element-caption\"><em>Festival dos narcisos em Salzkammergut<br>Fonte: Alpen Erleben<\/em><\/figcaption><\/figure>\n\n\n\n<p>A \u00c1ustria oferece uma variedade vibrante de eventos anuais que destacam a sua rica heran\u00e7a cultural, legado musical e tradi\u00e7\u00f5es festivas. Aqui est\u00e1 um guia mensal com algumas das principais comemora\u00e7\u00f5es e eventos em todo o pa\u00eds:<\/p>\n\n\n\n<ul class=\"wp-block-list\">\n<li><strong>Janeiro:<\/strong> Todos os invernos, a Pra\u00e7a da C\u00e2mara Municipal de Viena transforma-se num para\u00edso m\u00e1gico para a patinagem no gelo. Com pistas maravilhosamente iluminadas e variadas op\u00e7\u00f5es para patinar, este para\u00edso invernal atrai visitantes de todas as idades.<\/li>\n\n\n\n<li><strong>Fevereiro:<\/strong> Salzburgo ganha vida com o som da m\u00fasica de Mozart durante este prestigiado festival. M\u00fasicos, orquestras e cantores de \u00f3pera de renome mundial atuam em locais hist\u00f3ricos, celebrando o g\u00e9nio do compositor mais famoso da \u00c1ustria na cidade onde nasceu.<\/li>\n\n\n\n<li><strong>Mar\u00e7o:<\/strong> Villach transforma-se num espet\u00e1culo vibrante e colorido, \u00e0 medida que o maior carnaval da \u00c1ustria toma conta das ruas. Desfiles gigantes, fatos divertidos e uma cidade cheia de alegria criam uma atmosfera de festa inesquec\u00edvel.<\/li>\n\n\n\n<li><strong>Abril:<\/strong> A Maratona da Cidade de Viena \u00e9 a maior maratona da \u00c1ustria e uma das corridas mais pitorescas da Europa, levando os corredores pelas ruas hist\u00f3ricas de Viena e ao longo do rio Dan\u00fabio.&nbsp;<\/li>\n\n\n\n<li><strong>Maio:<\/strong> O Festival dos Narcisos (Narzissenfest) \u00e9 o maior festival de flores da \u00c1ustria, realizado anualmente na regi\u00e3o do Salzkammergut. O festival apresenta impressionantes esculturas de narcisos e desfiles, atraindo milhares de visitantes a cada primavera.<\/li>\n\n\n\n<li><strong>Junho:<\/strong> Durante tr\u00eas dias, a Ilha do Dan\u00fabio, em Viena, transforma-se numa enorme zona de festa, com v\u00e1rios palcos de concertos e centenas de horas de entretenimento. Sendo o maior festival de m\u00fasica ao ar livre da Europa com entrada gratuita, atrai milh\u00f5es de visitantes.<\/li>\n\n\n\n<li><strong>Julho:<\/strong> Um dos eventos teatrais mais \u00fanicos do mundo, este festival apresenta deslumbrantes produ\u00e7\u00f5es de \u00f3pera e musicais num imponente palco flutuante.&nbsp;<\/li>\n\n\n\n<li><strong>Agosto:<\/strong> A Feira Internacional de Jardins de Tulln (Internationale Gartenbaumesse Tulln)&nbsp;\u00e9 uma das exposi\u00e7\u00f5es de flores mais prestigiadas da Europa, transformando Tulln num para\u00edso floral todos os meses de agosto.&nbsp;<\/li>\n\n\n\n<li><strong>Setembro:&nbsp;<\/strong>Todos os anos, as vinhas de Viena abrem os seus trilhos panor\u00e2micos para caminhadas e passeios de bicicleta. Os visitantes podem explorar a paisagem rural, desfrutar de vistas deslumbrantes e saborear vinhos locais aut\u00eanticos ao longo do percurso.<\/li>\n\n\n\n<li><strong>Outubro:<\/strong> Viena torna-se um ponto de encontro para os entusiastas do t\u00e9nis, \u00e0 medida que jogadores de classe mundial competem neste torneio ATP. Pode-se dizer com seguran\u00e7a que \u00e9 um dos principais eventos desportivos da \u00c1ustria.<\/li>\n\n\n\n<li><strong>Novembro:<\/strong> As cidades austr\u00edacas enchem-se de encanto festivo quando os tradicionais mercados de Natal tomam conta das pra\u00e7as.&nbsp;<\/li>\n\n\n\n<li><strong>Dezembro:<\/strong> Viena d\u00e1 as boas-vindas ao novo ano com o Silvesterpfad, uma celebra\u00e7\u00e3o que transforma a cidade inteira numa enorme festa ao ar livre. V\u00e1rios locais festivos oferecem m\u00fasica ao vivo, enquanto as bancas de comida servem especialidades austr\u00edacas.<\/li>\n<\/ul>\n\n\n\n<h2 class=\"wp-block-heading\"><strong>Qual \u00e9 a altura mais barata para visitar a \u00c1ustria?<\/strong><\/h2>\n\n\n\n<p>\u200bA \u00c1ustria oferece uma grande diversidade de experi\u00eancias ao longo do ano, e planear a sua visita em determinadas alturas pode tornar a viagem mais econ\u00f3mica. Aqui fica um guia para o ajudar a identificar os per\u00edodos mais econ\u00f3micos para explorar a \u00c1ustria:<\/p>\n\n\n\n<h3 class=\"wp-block-heading\"><strong>\u00c9poca baixa (Novembro-Mar\u00e7o, excluindo as est\u00e2ncias de esqui)<\/strong><\/h3>\n\n\n\n<p>Durante este per\u00edodo, a \u00c1ustria recebe menos turistas, o que traduz-se em op\u00e7\u00f5es de alojamento e atividades mais econ\u00f3micas. No entanto, as est\u00e2ncias de esqui iniciam a sua \u00e9poca alta no final de novembro, o que leva a pre\u00e7os mais elevados nestas regi\u00f5es.<\/p>\n\n\n\n<p>Custos estimados:<\/p>\n\n\n\n<ul class=\"wp-block-list\">\n<li><strong>Alojamento:<\/strong> Hot\u00e9is econ\u00f3micos custam entre 50 e 100 \u20ac por noite.<\/li>\n\n\n\n<li><strong>Refei\u00e7\u00f5es:<\/strong> Comer em restaurantes de gama m\u00e9dia custa aproximadamente entre 15 e 30 \u20ac por pessoa.<\/li>\n\n\n\n<li><strong>Transporte:<\/strong> Os transportes locais custam em m\u00e9dia entre 5 e 10 \u20ac por dia.<\/li>\n\n\n\n<li><strong>Caf\u00e9: <\/strong>&nbsp;Um caf\u00e9 expresso simples (kleiner Schwarzer) custa cerca de 2,50 \u20ac, enquanto um cappuccino custa cerca de 4 \u20ac.<\/li>\n<\/ul>\n\n\n\n<h3 class=\"wp-block-heading\"><strong>\u00c9poca interm\u00e9dia&nbsp; (Abril\u2013Maio, Setembro\u2013Outubro)<\/strong><\/h3>\n\n\n\n<p>Estes meses oferecem um equil\u00edbrio entre um clima agrad\u00e1vel e um fluxo moderado de turistas. Os viajantes podem desfrutar de passeios tur\u00edsticos e atividades ao ar livre, beneficiando de tarifas de alojamento mais vantajosas em compara\u00e7\u00e3o com os meses de pico do ver\u00e3o.<\/p>\n\n\n\n<p>Custos estimados:<\/p>\n\n\n\n<ul class=\"wp-block-list\">\n<li><strong>Alojamento:<\/strong> Hot\u00e9is de gama m\u00e9dia custam em m\u00e9dia entre 70 \u20ac e 150 \u20ac por noite.<\/li>\n\n\n\n<li><strong>Refei\u00e7\u00f5es:<\/strong> Espere gastar cerca de 20 \u20ac a 40 \u20ac por pessoa em restaurantes de gama m\u00e9dia.<\/li>\n\n\n\n<li><strong>Transporte:<\/strong> Os custos di\u00e1rios de transporte local situam-se entre 5 \u20ac e 15 \u20ac.<\/li>\n\n\n\n<li><strong>Caf\u00e9: <\/strong>&nbsp;Os pre\u00e7os permanecem consistentes, com um caf\u00e9 expresso a aproximadamente 2,50 \u20ac e um cappuccino por volta dos 4,50 \u20ac.<\/li>\n<\/ul>\n\n\n\n<h3 class=\"wp-block-heading\"><strong>Dicas para economizar<\/strong><\/h3>\n\n\n\n<p>\u200bPara tirar o m\u00e1ximo partido do seu or\u00e7amento enquanto explora a \u00c1ustria, considere as seguintes dicas pr\u00e1ticas:<\/p>\n\n\n\n<ul class=\"wp-block-list\">\n<li><strong>Transporte:<\/strong> Para estadias prolongadas, o <strong>\u00d6BB Vorteilscard <\/strong>oferece descontos nas tarifas de comboios e autocarros. Em Viena, o <strong>Wiener Linien Wochenkarte <\/strong>(passe semanal) permite acesso ilimitado aos transportes p\u00fablicos dentro da cidade.<\/li>\n\n\n\n<li><strong>Jante com intelig\u00eancia:<\/strong> Comer fora pode ser caro, mas h\u00e1 formas de saborear a gastronomia austr\u00edaca sem gastar muito. Experimente op\u00e7\u00f5es econ\u00f3micas como d\u00f6ner kebabs, salsichas ou bancas de noodles, que s\u00e3o deliciosas e econ\u00f3micas.<\/li>\n\n\n\n<li><strong>&nbsp;Aproveite atividades gratuitas e de baixo custo: &nbsp;<\/strong>A \u00c1ustria oferece in\u00fameras atra\u00e7\u00f5es acess\u00edveis. Por exemplo, cidades como Viena disponibilizam visitas guiadas gratuitas, e muitos museus t\u00eam entrada livre ou com pre\u00e7o reduzido em dias ou hor\u00e1rios espec\u00edficos.&nbsp;<\/li>\n<\/ul>\n\n\n\n<h2 class=\"wp-block-heading\"><strong>Quantos dias s\u00e3o ideais para uma viagem \u00e0 \u00c1ustria?<\/strong><\/h2>\n\n\n\n<p>\u200bPara mergulhar verdadeiramente na rica cultura, hist\u00f3ria e beleza natural da \u00c1ustria, planeie uma viagem de, <strong>pelo menos, 7 a 10 dias.&nbsp;<\/strong>Aqui est\u00e3o alguns destinos imperd\u00edveis a considerar:<\/p>\n\n\n\n<ul class=\"wp-block-list\">\n<li><strong>Vienna<\/strong>: A capital \u00e9 famosa pelos seus pal\u00e1cios imperiais, pelo patrim\u00f3nio musical cl\u00e1ssico e pelo vibrante panorama art\u00edstico. Entre as principais atra\u00e7\u00f5es destacam-se o Pal\u00e1cio de Sch\u00f6nbrunn, a \u00d3pera Estatal de Viena e o centro hist\u00f3rico da cidade.<\/li>\n\n\n\n<li><strong>Salzburg<\/strong>: Famosa por ser o local de nascimento de Mozart e cen\u00e1rio de \"M\u00fasica no Cora\u00e7\u00e3o\", Salzburgo encanta os visitantes com a sua arquitetura barroca, a Fortaleza de Hohensalzburg e a encantadora rua comercial Getreidegasse.<\/li>\n\n\n\n<li><strong>Innsbruck<\/strong>: Aninhada nos Alpes, Innsbruck oferece uma fus\u00e3o \u00fanica entre vida urbana e paisagens montanhosas. \u00c9 um para\u00edso para os amantes de desportos de inverno e conta com atra\u00e7\u00f5es como o Telhado Dourado e a Pista de salto de Esqui Bergisel.<\/li>\n\n\n\n<li><strong>Hallstatt<\/strong>: Esta aldeia id\u00edlica no Lago Hallstatt \u00e9 conhecida pela sua beleza deslumbrante, minas de sal hist\u00f3ricas e pela Hallstatt Skywalk, com vistas incr\u00edveis sobre os Alpes de Dachstein.<\/li>\n\n\n\n<li><strong>Graz<\/strong>: A segunda maior cidade da \u00c1ustria possui um centro hist\u00f3rico listado pela UNESCO, o museu de arte futurista Kunsthaus Graz e uma cena culin\u00e1ria vibrante.<\/li>\n\n\n\n<li><strong>Zell am See<\/strong>: Uma cidade pitoresca rodeada por montanhas e lagos, oferecendo oportunidades para esquiar, fazer caminhadas e praticar desportos aqu\u00e1ticos.<\/li>\n\n\n\n<li><strong>Vale de Wachau:<\/strong> Patrim\u00f3nio Mundial da UNESCO, este vale pitoresco ao longo do rio Dan\u00fabio est\u00e1 pontilhado de vinhas, vilas encantadoras e castelos hist\u00f3ricos.<\/li>\n<\/ul>\n\n\n\n<h2 class=\"wp-block-heading\"><strong>Conectividade Wi-Fi na \u00c1ustria<\/strong><\/h2>\n\n\n\n<p>A \u00c1ustria oferece uma <strong>excelente conectividade Wi-Fi<\/strong>, sobretudo em cidades como Viena, Salzburgo e Innsbruck. A maioria dos hot\u00e9is, caf\u00e9s e locais p\u00fablicos, como aeroportos e esta\u00e7\u00f5es de comboios, oferece WiFi gratuito.&nbsp;<\/p>\n\n\n\n<p>Embora as zonas urbanas tenham internet r\u00e1pida e fi\u00e1vel, em regi\u00f5es alpinas mais remotas as velocidades podem ser inferiores.Por isso, os viajantes que planeiam viajar para as montanhas devem verificar com anteced\u00eancia se precisam de uma liga\u00e7\u00e3o est\u00e1vel para trabalhar ou fazer streaming.<\/p>\n\n\n\n<h3 class=\"wp-block-heading\"><strong>Solu\u00e7\u00f5es de acesso \u00e0 Internet<\/strong><\/h3>\n\n\n\n<p>Um dos principais benef\u00edcios do eSIM \u00e9 que permite ativar um pacote de telem\u00f3vel <strong>sem a necessidade de um cart\u00e3o SIM f\u00edsico.<\/strong> Operadoras como a Holafly oferecem<a href=\"https:\/\/myroami.com\/pt\/esim\/esim-austria\/\"> eSIMs espec\u00edficos para a \u00c1ustria<\/a> com dados ilimitados, De forma semelhante, outros, como a Airalo, oferecem diversos planos de dados personalizados para a \u00c1ustria. Para quem planeia visitar v\u00e1rios pa\u00edses europeus, a Orange eSIM Holidays \u00e9 uma excelente op\u00e7\u00e3o, com cobertura que inclui a \u00c1ustria, perfeita para itiner\u00e1rios com v\u00e1rios pa\u00edses.<\/p>\n\n\n\n<p>Se voc\u00ea prefere cart\u00f5es SIM tradicionais, as principais operadoras de telecomunica\u00e7\u00f5es da \u00c1ustria t\u00eam o que voc\u00ea precisa.\u00a0<strong>A1 Telekom \u00c1ustria, Magenta Telekom<\/strong> (T-Mobile \u00c1ustria) e Drei (Three) \u00c1ustria oferecem cart\u00f5es SIM pr\u00e9-pagos com planos de dados competitivos. Estes cart\u00f5es SIM est\u00e3o dispon\u00edveis em aeroportos, lojas de retalho e pontos de venda oficiais. Certifique-se de que o seu dispositivo est\u00e1 desbloqueado para aceitar um novo cart\u00e3o SIM.<\/p>\n\n\n\n<p>Para viajantes que necessitam de conectividade em v\u00e1rios dispositivos ou que viajam em grupo, alugar um <strong>router<\/strong> <strong>Wi-Fi port\u00e1til<\/strong>, tamb\u00e9m conhecido como <strong>Wi-Fi de bolso<\/strong>, \u00e9 uma excelente solu\u00e7\u00e3o. Muitas empresas de aluguer oferecem op\u00e7\u00f5es de entrega flex\u00edveis, permitindo-lhe levantar o dispositivo no aeroporto, receb\u00ea-lo no hotel ou at\u00e9 em casa antes da partida. Uma vez na \u00c1ustria, basta lig\u00e1-lo, conectar os seus dispositivos e desfrutar de acesso \u00e0 internet de alta velocidade.<\/p>\n\n\n\n<h2 class=\"wp-block-heading\"><strong>Operadoras de eSIM na \u00c1ustria<\/strong><\/h2>\n\n\n\n<p>Com um eSIM, pode configurar o seu plano de dados antes da partida, garantindo acesso imediato \u00e0 internet assim que aterrar. Isto elimina o inc\u00f3modo de procurar cart\u00f5es SIM locais ou de depender de redes Wi-Fi p\u00fablicas potencialmente inseguras. Aqui est\u00e3o as tr\u00eas melhores operadoras de eSIMS na \u00c1ustria:<\/p>\n\n\n\n<h3 class=\"wp-block-heading\"><strong>Holafly<\/strong><\/h3>\n\n\n\n<figure data-wp-context=\"{&quot;imageId&quot;:&quot;69f1e63c7d29d&quot;}\" data-wp-interactive=\"core\/image\" data-wp-key=\"69f1e63c7d29d\" class=\"wp-block-image size-large wp-lightbox-container\"><img loading=\"lazy\" decoding=\"async\" width=\"1024\" height=\"483\" data-wp-class--hide=\"state.isContentHidden\" data-wp-class--show=\"state.isContentVisible\" data-wp-init=\"callbacks.setButtonStyles\" data-wp-on--click=\"actions.showLightbox\" data-wp-on--load=\"callbacks.setButtonStyles\" data-wp-on-window--resize=\"callbacks.setButtonStyles\" src=\"https:\/\/myroami.com\/pt\/wp-content\/uploads\/sites\/41\/2025\/08\/holafly-esim-austria-1024x483.png\" alt=\"Holafly eSIM na \u00c1ustria\" class=\"wp-image-72303\" srcset=\"https:\/\/myroami.com\/pt\/wp-content\/uploads\/sites\/41\/2025\/08\/holafly-esim-austria-1024x483.png 1024w, https:\/\/myroami.com\/pt\/wp-content\/uploads\/sites\/41\/2025\/08\/holafly-esim-austria-300x142.png 300w, https:\/\/myroami.com\/pt\/wp-content\/uploads\/sites\/41\/2025\/08\/holafly-esim-austria-768x363.png 768w, https:\/\/myroami.com\/pt\/wp-content\/uploads\/sites\/41\/2025\/08\/holafly-esim-austria.png 1468w\" sizes=\"auto, (max-width: 1024px) 100vw, 1024px\" \/><button\n\t\t\tclass=\"lightbox-trigger\"\n\t\t\ttype=\"button\"\n\t\t\taria-haspopup=\"dialog\"\n\t\t\taria-label=\"Ampliar\"\n\t\t\tdata-wp-init=\"callbacks.initTriggerButton\"\n\t\t\tdata-wp-on--click=\"actions.showLightbox\"\n\t\t\tdata-wp-style--right=\"state.imageButtonRight\"\n\t\t\tdata-wp-style--top=\"state.imageButtonTop\"\n\t\t>\n\t\t\t<svg xmlns=\"http:\/\/www.w3.org\/2000\/svg\" width=\"12\" height=\"12\" fill=\"none\" viewBox=\"0 0 12 12\">\n\t\t\t\t<path fill=\"#fff\" d=\"M2 0a2 2 0 0 0-2 2v2h1.5V2a.5.5 0 0 1 .5-.5h2V0H2Zm2 10.5H2a.5.5 0 0 1-.5-.5V8H0v2a2 2 0 0 0 2 2h2v-1.5ZM8 12v-1.5h2a.5.5 0 0 0 .5-.5V8H12v2a2 2 0 0 1-2 2H8Zm2-12a2 2 0 0 1 2 2v2h-1.5V2a.5.5 0 0 0-.5-.5H8V0h2Z\" \/>\n\t\t\t<\/svg>\n\t\t<\/button><\/figure>\n\n\n\n<p>A <a href=\"https:\/\/myroami.com\/pt\/esim\/esim-holafly\/\">Holafly oferece planos eSIM com dados ilimitados<\/a>, criados para turistas na \u00c1ustria. Esta operadora \u00e9 perfeita para os viajantes que desejam usar seus dispositivos sem se preocupar com a falta de conex\u00e3o de dados. Os planos s\u00e3o f\u00e1ceis de ativar e n\u00e3o \u00e9 necess\u00e1rio fazer recargas enquanto o plano estiver ativo.<\/p>\n\n\n\n<ul class=\"wp-block-list\">\n<li><strong>Vantagens:<\/strong> Dados ilimitados, sem necessidade de recarga, ativa\u00e7\u00e3o simples.<\/li>\n\n\n\n<li><strong>Desvantagens:<\/strong> Os dados ilimitados n\u00e3o podem ser partilhados<\/li>\n<\/ul>\n\n\n\n<h3 class=\"wp-block-heading\"><strong>Airalo<\/strong><\/h3>\n\n\n\n<figure data-wp-context=\"{&quot;imageId&quot;:&quot;69f1e63c7d91e&quot;}\" data-wp-interactive=\"core\/image\" data-wp-key=\"69f1e63c7d91e\" class=\"wp-block-image size-large wp-lightbox-container\"><img loading=\"lazy\" decoding=\"async\" width=\"1024\" height=\"398\" data-wp-class--hide=\"state.isContentHidden\" data-wp-class--show=\"state.isContentVisible\" data-wp-init=\"callbacks.setButtonStyles\" data-wp-on--click=\"actions.showLightbox\" data-wp-on--load=\"callbacks.setButtonStyles\" data-wp-on-window--resize=\"callbacks.setButtonStyles\" src=\"https:\/\/myroami.com\/pt\/wp-content\/uploads\/sites\/41\/2025\/08\/airalo-esim-austria-1024x398.png\" alt=\"Airalo eSIM na \u00c1ustria\" class=\"wp-image-72305\" srcset=\"https:\/\/myroami.com\/pt\/wp-content\/uploads\/sites\/41\/2025\/08\/airalo-esim-austria-1024x398.png 1024w, https:\/\/myroami.com\/pt\/wp-content\/uploads\/sites\/41\/2025\/08\/airalo-esim-austria-300x117.png 300w, https:\/\/myroami.com\/pt\/wp-content\/uploads\/sites\/41\/2025\/08\/airalo-esim-austria-768x298.png 768w, https:\/\/myroami.com\/pt\/wp-content\/uploads\/sites\/41\/2025\/08\/airalo-esim-austria.png 1246w\" sizes=\"auto, (max-width: 1024px) 100vw, 1024px\" \/><button\n\t\t\tclass=\"lightbox-trigger\"\n\t\t\ttype=\"button\"\n\t\t\taria-haspopup=\"dialog\"\n\t\t\taria-label=\"Ampliar\"\n\t\t\tdata-wp-init=\"callbacks.initTriggerButton\"\n\t\t\tdata-wp-on--click=\"actions.showLightbox\"\n\t\t\tdata-wp-style--right=\"state.imageButtonRight\"\n\t\t\tdata-wp-style--top=\"state.imageButtonTop\"\n\t\t>\n\t\t\t<svg xmlns=\"http:\/\/www.w3.org\/2000\/svg\" width=\"12\" height=\"12\" fill=\"none\" viewBox=\"0 0 12 12\">\n\t\t\t\t<path fill=\"#fff\" d=\"M2 0a2 2 0 0 0-2 2v2h1.5V2a.5.5 0 0 1 .5-.5h2V0H2Zm2 10.5H2a.5.5 0 0 1-.5-.5V8H0v2a2 2 0 0 0 2 2h2v-1.5ZM8 12v-1.5h2a.5.5 0 0 0 .5-.5V8H12v2a2 2 0 0 1-2 2H8Zm2-12a2 2 0 0 1 2 2v2h-1.5V2a.5.5 0 0 0-.5-.5H8V0h2Z\" \/>\n\t\t\t<\/svg>\n\t\t<\/button><\/figure>\n\n\n\n<p>A <a href=\"https:\/\/myroami.com\/pt\/esim\/esim-airalo\/\">Airalo \u00e9 uma operadora bastante conhecida<\/a>, que disponibiliza eSIMs a pre\u00e7os acess\u00edveis e com cobertura global. Destaca-se pela sua interface f\u00e1cil de usar e pela possibilidade de comprar eSIMs para v\u00e1rios pa\u00edses, tornando-a uma excelente op\u00e7\u00e3o para os viajantes. Apesar da cobertura ser geralmente boa, a velocidade de dados pode ser mais lenta em regi\u00f5es remotas.<\/p>\n\n\n\n<ul class=\"wp-block-list\">\n<li><strong>Vantagens:<\/strong> F\u00e1cil de ativar, ideal durante viagens a v\u00e1rios pa\u00edses.<\/li>\n\n\n\n<li><strong>Desvantagens:<\/strong> A velocidades de dados podem variar em \u00e1reas remotas e as pol\u00edticas de reembolso s\u00e3o rigorosas.<\/li>\n<\/ul>\n\n\n\n<h3 class=\"wp-block-heading\"><strong>Orange eSIM Holidays<\/strong><\/h3>\n\n\n\n<figure data-wp-context=\"{&quot;imageId&quot;:&quot;69f1e63c7dee2&quot;}\" data-wp-interactive=\"core\/image\" data-wp-key=\"69f1e63c7dee2\" class=\"wp-block-image size-large wp-lightbox-container\"><img loading=\"lazy\" decoding=\"async\" width=\"1024\" height=\"428\" data-wp-class--hide=\"state.isContentHidden\" data-wp-class--show=\"state.isContentVisible\" data-wp-init=\"callbacks.setButtonStyles\" data-wp-on--click=\"actions.showLightbox\" data-wp-on--load=\"callbacks.setButtonStyles\" data-wp-on-window--resize=\"callbacks.setButtonStyles\" src=\"https:\/\/myroami.com\/pt\/wp-content\/uploads\/sites\/41\/2025\/08\/orange-travel-esim-austria-1024x428.png\" alt=\"Orange Travel eSIM na \u00c1ustria\" class=\"wp-image-72308\" srcset=\"https:\/\/myroami.com\/pt\/wp-content\/uploads\/sites\/41\/2025\/08\/orange-travel-esim-austria-1024x428.png 1024w, https:\/\/myroami.com\/pt\/wp-content\/uploads\/sites\/41\/2025\/08\/orange-travel-esim-austria-300x125.png 300w, https:\/\/myroami.com\/pt\/wp-content\/uploads\/sites\/41\/2025\/08\/orange-travel-esim-austria-768x321.png 768w, https:\/\/myroami.com\/pt\/wp-content\/uploads\/sites\/41\/2025\/08\/orange-travel-esim-austria.png 1366w\" sizes=\"auto, (max-width: 1024px) 100vw, 1024px\" \/><button\n\t\t\tclass=\"lightbox-trigger\"\n\t\t\ttype=\"button\"\n\t\t\taria-haspopup=\"dialog\"\n\t\t\taria-label=\"Ampliar\"\n\t\t\tdata-wp-init=\"callbacks.initTriggerButton\"\n\t\t\tdata-wp-on--click=\"actions.showLightbox\"\n\t\t\tdata-wp-style--right=\"state.imageButtonRight\"\n\t\t\tdata-wp-style--top=\"state.imageButtonTop\"\n\t\t>\n\t\t\t<svg xmlns=\"http:\/\/www.w3.org\/2000\/svg\" width=\"12\" height=\"12\" fill=\"none\" viewBox=\"0 0 12 12\">\n\t\t\t\t<path fill=\"#fff\" d=\"M2 0a2 2 0 0 0-2 2v2h1.5V2a.5.5 0 0 1 .5-.5h2V0H2Zm2 10.5H2a.5.5 0 0 1-.5-.5V8H0v2a2 2 0 0 0 2 2h2v-1.5ZM8 12v-1.5h2a.5.5 0 0 0 .5-.5V8H12v2a2 2 0 0 1-2 2H8Zm2-12a2 2 0 0 1 2 2v2h-1.5V2a.5.5 0 0 0-.5-.5H8V0h2Z\" \/>\n\t\t\t<\/svg>\n\t\t<\/button><\/figure>\n\n\n\n<p>A Orange eSIM Holidays oferece ampla cobertura em v\u00e1rios pa\u00edses europeus, incluindo a \u00c1ustria. Os seus planos incluem franquias generosas de dados e um n\u00famero fixo de minutos para chamadas internacionais, tornando-os ideais para viajantes. No entanto, o processo de ativa\u00e7\u00e3o pode ser mais complexo em compara\u00e7\u00e3o com outras operadoras.<\/p>\n\n\n\n<ul class=\"wp-block-list\">\n<li><strong>Vantagens:<\/strong> Franquias generosas de dados; ampla cobertura europeia.<\/li>\n\n\n\n<li><strong>Desvantagens:<\/strong> Processo de ativa\u00e7\u00e3o mais complexo; pre\u00e7o mais elevado.<\/li>\n<\/ul>\n\n\n\n<p>Abaixo, est\u00e1 uma tabela que compara os planos e pre\u00e7os das tr\u00eas operadoras&nbsp; eSIM mencionadas.<\/p>\n\n\n\n<figure class=\"wp-block-table\"><table class=\"has-fixed-layout\"><tbody><tr><td>Operadora<\/td><td>Planos<\/td><td>Pre\u00e7os<\/td><\/tr><tr><td>Holafly<\/td><td>Dados ilimitados<\/td><td>Dados ilimitados a partir de 6,00 \u20ac<\/td><\/tr><tr><td>Airalo<\/td><td>Quantidade fixa de dados<\/td><td>Ex.: 3 GB por 21,00 \u20ac<\/td><\/tr><tr><td>Orange<\/td><td>Quantidade fixa de dados<\/td><td>0,75 \u20ac por GB<\/td><\/tr><\/tbody><\/table><\/figure>\n\n\n\n<p><\/p>\n","protected":false},"excerpt":{"rendered":"<p>Da neve no inverno aos festivais e trilhos no ver\u00e3o, a \u00c1ustria tem op\u00e7\u00f5es para todas as \u00e9pocas. Descubra quando viajar para aproveitar ao m\u00e1ximo a sua escapadinha.<\/p>\n","protected":false},"author":182,"featured_media":72285,"comment_status":"closed","ping_status":"closed","sticky":false,"template":"","format":"standard","meta":{"_acf_changed":false,"footnotes":""},"categories":[189],"tags":[],"class_list":["post-72282","post","type-post","status-publish","format-standard","has-post-thumbnail","hentry","category-guias-viagens"],"acf":[],"yoast_head":"<title>Melhor altura para ir \u00e0 \u00c1ustria: clima, meses e dicas<\/title>\n<meta name=\"description\" content=\"Descubra a melhor altura para ir \u00e0 \u00c1ustria, desfrutar dos Alpes, mercados de Natal e festivais culturais em cada esta\u00e7\u00e3o do ano.\" \/>\n<meta name=\"robots\" content=\"index, follow, max-snippet:-1, max-image-preview:large, max-video-preview:-1\" \/>\n<link rel=\"canonical\" href=\"https:\/\/myroami.com\/pt\/guias-viagens\/melhor-altura-para-ir-a-austria\/\" \/>\n<meta property=\"og:locale\" content=\"pt_PT\" \/>\n<meta property=\"og:type\" content=\"article\" \/>\n<meta property=\"og:title\" content=\"Melhor altura para ir \u00e0 \u00c1ustria: clima, meses e dicas\" \/>\n<meta property=\"og:description\" content=\"Descubra a melhor altura para ir \u00e0 \u00c1ustria, desfrutar dos Alpes, mercados de Natal e festivais culturais em cada esta\u00e7\u00e3o do ano.\" \/>\n<meta property=\"og:url\" content=\"https:\/\/myroami.com\/pt\/guias-viagens\/melhor-altura-para-ir-a-austria\/\" \/>\n<meta property=\"og:site_name\" content=\"Roami - PT\" \/>\n<meta property=\"article:published_time\" content=\"2025-08-22T16:27:58+00:00\" \/>\n<meta property=\"article:modified_time\" content=\"2025-08-22T16:27:59+00:00\" \/>\n<meta property=\"og:image\" content=\"https:\/\/myroami.com\/pt\/wp-content\/uploads\/sites\/41\/2025\/08\/melhor-altura-para-ir-a-austria-alpes.png\" \/>\n\t<meta property=\"og:image:width\" content=\"502\" \/>\n\t<meta property=\"og:image:height\" content=\"335\" \/>\n\t<meta property=\"og:image:type\" content=\"image\/png\" \/>\n<meta name=\"author\" content=\"Vukasin Petrovic\" \/>\n<meta name=\"twitter:card\" content=\"summary_large_image\" \/>\n<meta name=\"twitter:label1\" content=\"Escrito por\" \/>\n\t<meta name=\"twitter:data1\" content=\"Vukasin Petrovic\" \/>\n\t<meta name=\"twitter:label2\" content=\"Tempo estimado de leitura\" \/>\n\t<meta name=\"twitter:data2\" content=\"14 minutos\" \/>","yoast_head_json":{"title":"Melhor altura para ir \u00e0 \u00c1ustria: clima, meses e dicas","description":"Descubra a melhor altura para ir \u00e0 \u00c1ustria, desfrutar dos Alpes, mercados de Natal e festivais culturais em cada esta\u00e7\u00e3o do ano.","robots":{"index":"index","follow":"follow","max-snippet":"max-snippet:-1","max-image-preview":"max-image-preview:large","max-video-preview":"max-video-preview:-1"},"canonical":"https:\/\/myroami.com\/pt\/guias-viagens\/melhor-altura-para-ir-a-austria\/","og_locale":"pt_PT","og_type":"article","og_title":"Melhor altura para ir \u00e0 \u00c1ustria: clima, meses e dicas","og_description":"Descubra a melhor altura para ir \u00e0 \u00c1ustria, desfrutar dos Alpes, mercados de Natal e festivais culturais em cada esta\u00e7\u00e3o do ano.","og_url":"https:\/\/myroami.com\/pt\/guias-viagens\/melhor-altura-para-ir-a-austria\/","og_site_name":"Roami - PT","article_published_time":"2025-08-22T16:27:58+00:00","article_modified_time":"2025-08-22T16:27:59+00:00","og_image":[{"width":502,"height":335,"url":"https:\/\/myroami.com\/pt\/wp-content\/uploads\/sites\/41\/2025\/08\/melhor-altura-para-ir-a-austria-alpes.png","type":"image\/png"}],"author":"Vukasin Petrovic","twitter_card":"summary_large_image","twitter_misc":{"Escrito por":"Vukasin Petrovic","Tempo estimado de leitura":"14 minutos"},"schema":{"@context":"https:\/\/schema.org","@graph":[{"@context":"https:\/\/schema.org","@type":"BreadcrumbList","@id":"https:\/\/myroami.com\/pt\/guias-viagens\/melhor-altura-para-ir-a-austria\/#breadcrumb","itemListElement":[{"@type":"ListItem","position":1,"item":{"@type":"WebPage","@id":"https:\/\/myroami.com\/pt\/","url":"https:\/\/myroami.com\/pt\/","name":"Home"}}]}]}},"_links":{"self":[{"href":"https:\/\/myroami.com\/pt\/wp-json\/wp\/v2\/posts\/72282","targetHints":{"allow":["GET"]}}],"collection":[{"href":"https:\/\/myroami.com\/pt\/wp-json\/wp\/v2\/posts"}],"about":[{"href":"https:\/\/myroami.com\/pt\/wp-json\/wp\/v2\/types\/post"}],"author":[{"embeddable":true,"href":"https:\/\/myroami.com\/pt\/wp-json\/wp\/v2\/users\/182"}],"replies":[{"embeddable":true,"href":"https:\/\/myroami.com\/pt\/wp-json\/wp\/v2\/comments?post=72282"}],"version-history":[{"count":4,"href":"https:\/\/myroami.com\/pt\/wp-json\/wp\/v2\/posts\/72282\/revisions"}],"predecessor-version":[{"id":72311,"href":"https:\/\/myroami.com\/pt\/wp-json\/wp\/v2\/posts\/72282\/revisions\/72311"}],"wp:featuredmedia":[{"embeddable":true,"href":"https:\/\/myroami.com\/pt\/wp-json\/wp\/v2\/media\/72285"}],"wp:attachment":[{"href":"https:\/\/myroami.com\/pt\/wp-json\/wp\/v2\/media?parent=72282"}],"wp:term":[{"taxonomy":"category","embeddable":true,"href":"https:\/\/myroami.com\/pt\/wp-json\/wp\/v2\/categories?post=72282"},{"taxonomy":"post_tag","embeddable":true,"href":"https:\/\/myroami.com\/pt\/wp-json\/wp\/v2\/tags?post=72282"}],"curies":[{"name":"wp","href":"https:\/\/api.w.org\/{rel}","templated":true}]}}