{"id":72378,"date":"2025-09-06T14:37:15","date_gmt":"2025-09-06T14:37:15","guid":{"rendered":"https:\/\/myroami.com\/pt\/?p=72378"},"modified":"2025-09-06T14:37:16","modified_gmt":"2025-09-06T14:37:16","slug":"melhor-altura-para-ir-a-italia","status":"publish","type":"post","link":"https:\/\/myroami.com\/pt\/guias-viagens\/melhor-altura-para-ir-a-italia\/","title":{"rendered":"Qual \u00e9 a melhor altura para visitar It\u00e1lia?"},"content":{"rendered":"\n<p>A It\u00e1lia estabeleceu um novo recorde tur\u00edstico em 2024, recebendo uns incr\u00edveis<strong> 65 milh\u00f5es de visitantes<\/strong> \u2014 mais do que nunca. Este aumento marcou uma enorme retoma para a ind\u00fastria tur\u00edstica do pa\u00eds, ultrapassando os n\u00edveis pr\u00e9-pandemia e consolidando a It\u00e1lia como um dos principais destinos mundiais. Mas isto levanta a quest\u00e3o: qual \u00e9 a melhor altura para visitar It\u00e1lia?<\/p>\n\n\n\n<h2 class=\"wp-block-heading\"><strong>Qual \u00e9 a melhor altura para visitar It\u00e1lia?<\/strong><\/h2>\n\n\n\n<p>A It\u00e1lia \u00e9 um pa\u00eds que verdadeiramente tem tudo \u2014 uma beleza intemporal, uma hist\u00f3ria rica e uma das melhores gastronomias do mundo. Independentemente da altura em que visite, h\u00e1 sempre algo especial para experimentar. O clima e as paisagens variadas da It\u00e1lia significam que existe uma \u00e9poca ideal para cada tipo de viajante.&nbsp;<\/p>\n\n\n\n<figure data-wp-context=\"{&quot;imageId&quot;:&quot;69f1f937d5155&quot;}\" data-wp-interactive=\"core\/image\" data-wp-key=\"69f1f937d5155\" class=\"wp-block-image size-large wp-lightbox-container\"><img loading=\"lazy\" decoding=\"async\" width=\"1024\" height=\"576\" data-wp-class--hide=\"state.isContentHidden\" data-wp-class--show=\"state.isContentVisible\" data-wp-init=\"callbacks.setButtonStyles\" data-wp-on--click=\"actions.showLightbox\" data-wp-on--load=\"callbacks.setButtonStyles\" data-wp-on-window--resize=\"callbacks.setButtonStyles\" src=\"https:\/\/myroami.com\/pt\/wp-content\/uploads\/sites\/41\/2025\/09\/italia-melhor-altura-costa-amalfitana-1024x576.png\" alt=\"melhor altura para ir \u00e0 It\u00e1lia \u2013 costa Amalfitana e gastronomia italiana\" class=\"wp-image-72389\" srcset=\"https:\/\/myroami.com\/pt\/wp-content\/uploads\/sites\/41\/2025\/09\/italia-melhor-altura-costa-amalfitana-1024x576.png 1024w, https:\/\/myroami.com\/pt\/wp-content\/uploads\/sites\/41\/2025\/09\/italia-melhor-altura-costa-amalfitana-300x169.png 300w, https:\/\/myroami.com\/pt\/wp-content\/uploads\/sites\/41\/2025\/09\/italia-melhor-altura-costa-amalfitana-768x432.png 768w, https:\/\/myroami.com\/pt\/wp-content\/uploads\/sites\/41\/2025\/09\/italia-melhor-altura-costa-amalfitana.png 1365w\" sizes=\"auto, (max-width: 1024px) 100vw, 1024px\" \/><button\n\t\t\tclass=\"lightbox-trigger\"\n\t\t\ttype=\"button\"\n\t\t\taria-haspopup=\"dialog\"\n\t\t\taria-label=\"Ampliar\"\n\t\t\tdata-wp-init=\"callbacks.initTriggerButton\"\n\t\t\tdata-wp-on--click=\"actions.showLightbox\"\n\t\t\tdata-wp-style--right=\"state.imageButtonRight\"\n\t\t\tdata-wp-style--top=\"state.imageButtonTop\"\n\t\t>\n\t\t\t<svg xmlns=\"http:\/\/www.w3.org\/2000\/svg\" width=\"12\" height=\"12\" fill=\"none\" viewBox=\"0 0 12 12\">\n\t\t\t\t<path fill=\"#fff\" d=\"M2 0a2 2 0 0 0-2 2v2h1.5V2a.5.5 0 0 1 .5-.5h2V0H2Zm2 10.5H2a.5.5 0 0 1-.5-.5V8H0v2a2 2 0 0 0 2 2h2v-1.5ZM8 12v-1.5h2a.5.5 0 0 0 .5-.5V8H12v2a2 2 0 0 1-2 2H8Zm2-12a2 2 0 0 1 2 2v2h-1.5V2a.5.5 0 0 0-.5-.5H8V0h2Z\" \/>\n\t\t\t<\/svg>\n\t\t<\/button><\/figure>\n\n\n\n<p>Para o ajudar a planear a sua viagem, dividimos as esta\u00e7\u00f5es de It\u00e1lia, mostrando-lhe as melhores alturas para explorar as suas cidades famosas, belas paisagens e deslumbrantes linhas costeiras.<\/p>\n\n\n\n<p><strong>Primavera (Abril \u2013 Junho)<\/strong><\/p>\n\n\n\n<p>A primavera na It\u00e1lia \u00e9 verdadeiramente m\u00e1gica. Com temperaturas amenas que variam entre<strong> 15 \u00b0C e 25 \u00b0C<\/strong> (59\u00b0F a 77\u00b0F), esta esta\u00e7\u00e3o \u00e9 ideal para explorar ao ar livre. O campo ganha vida com flores vibrantes, e as cidades est\u00e3o menos cheias em compara\u00e7\u00e3o com os meses de ver\u00e3o \u00c9 a altura perfeita para passear por ruas hist\u00f3ricas, desfrutar de refei\u00e7\u00f5es ao ar livre e participar em festivais locais.<\/p>\n\n\n\n<p>Melhores lugares para visitar na primavera:<\/p>\n\n\n\n<ul class=\"wp-block-list\">\n<li><strong>Toscana:<\/strong> Desfrute das colinas onduladas em plena flora\u00e7\u00e3o e participe nos festivais locais.<\/li>\n\n\n\n<li><strong>Roma:<\/strong> Aproveite os locais hist\u00f3ricos da cidade com um clima agrad\u00e1vel e menos multid\u00f5es.<\/li>\n\n\n\n<li><strong>Costa de Amalfi : <\/strong>&nbsp;Contemple a deslumbrante linha costeira antes da agita\u00e7\u00e3o do ver\u00e3o.<\/li>\n<\/ul>\n\n\n\n<p><strong>Ver\u00e3o (Julho \u2013 Agosto)<\/strong><\/p>\n\n\n\n<p>O ver\u00e3o na It\u00e1lia traz um calor intenso, com temperaturas frequentemente <strong>acima dos 30 \u00b0C<\/strong> (86 \u00b0F), especialmente no sul. As zonas costeiras atraem muitos turistas em busca de praias ensolaradas. As cidades podem tornar-se quentes e bastante movimentadas, mas a sua energia vibrante \u00e9 incompar\u00e1vel, alimentada por concertos ao ar livre e festivais animados.<\/p>\n\n\n\n<p>Melhores lugares para visitar no ver\u00e3o:<\/p>\n\n\n\n<ul class=\"wp-block-list\">\n<li><strong>Riviera Italiana:<\/strong> Desfrute das praias e das animadas cidades costeiras.<\/li>\n\n\n\n<li><strong>Dolomitas<\/strong>: Fuja do calor com caminhadas nas regi\u00f5es montanhosas mais frescas.<\/li>\n\n\n\n<li><strong>Sic\u00edlia:<\/strong> Experimente a vida na ilha, mas deva estar preparado para temperaturas mais altas.<\/li>\n<\/ul>\n\n\n\n<p><strong>Outono (Setembro \u2013 Outubro)<\/strong><\/p>\n\n\n\n<p>Com temperaturas que variam entre<strong> 20 \u00b0C e 25 \u00b0C<\/strong> (68 \u00b0F e 77 \u00b0F), o clima no outono \u00e9 agradavelmente fresco, tornando-o ideal para explorar. Esta \u00e9 a \u00e9poca da colheita, e o campo ganha vida com festivais de vinho e trufas.&nbsp;<\/p>\n\n\n\n<p>Melhores lugares para visitar no outono:<\/p>\n\n\n\n<ul class=\"wp-block-list\">\n<li><strong>Piemonte:<\/strong> Participe em ca\u00e7adas \u00e0s trufas e provas de vinhos.<\/li>\n\n\n\n<li><strong>Veneza: <\/strong>&nbsp;Explore os canais com menos aflu\u00eancia tur\u00edstica.<\/li>\n\n\n\n<li><strong>\u00dambria: <\/strong>&nbsp;Assista a festivais gastron\u00f3micos locais que celebram os produtos da \u00e9poca.<\/li>\n<\/ul>\n\n\n\n<p><strong>Inverno (Novembro \u2013 Mar\u00e7o)<\/strong><\/p>\n\n\n\n<p>O inverno em It\u00e1lia \u00e9 uma \u00e9poca de encanto acolhedor e celebra\u00e7\u00f5es festival. Enquanto as regi\u00f5es do norte, como os Alpes, se encontram cobertas de neve, as cidades do sul mant\u00eam-se relativamente amenas. Esta esta\u00e7\u00e3o \u00e9 ideal para a pr\u00e1tica de desportos de inverno, visitas a museus e para vivenciar as ricas tradi\u00e7\u00f5es natal\u00edcias italianas.<\/p>\n\n\n\n<p>Melhores lugares para visitar no inverno:<\/p>\n\n\n\n<ul class=\"wp-block-list\">\n<li><strong>Alpes:<\/strong> Pratique desportos de inverno, como esqui e snowboard.<\/li>\n\n\n\n<li><strong>Floren\u00e7a:<\/strong> Explore museus e galerias sem as habituais multid\u00f5es.<\/li>\n\n\n\n<li><strong>N\u00e1poles:<\/strong> Desfrute dos tradicionais mercados de Natal e pres\u00e9pios.<\/li>\n<\/ul>\n\n\n\n<h3 class=\"wp-block-heading\"><strong>\u200bExplorar It\u00e1lia ao longo das esta\u00e7\u00f5es<\/strong><\/h3>\n\n\n\n<p>De ver\u00f5es ensolarados aos outonos frescos, aqui est\u00e1 um guia conciso sobre o clima da It\u00e1lia e o que esperar em cada esta\u00e7\u00e3o:<\/p>\n\n\n\n<figure class=\"wp-block-table\"><table class=\"has-fixed-layout\"><tbody><tr><td>\u00c9poca<\/td><td>Meses<\/td><td>Temperaturas m\u00e9dias<\/td><td>Descri\u00e7\u00e3o<\/td><\/tr><tr><td>Primavera<\/td><td>Abril \u2013 Junho<\/td><td>15\u202f\u00b0C a 25\u202f\u00b0C&nbsp; (59\u00b0F a 77\u00b0F)<\/td><td>Clima ameno e agrad\u00e1vel; ideal para explorar cidades e zonas rurais.<\/td><\/tr><tr><td>Ver\u00e3o<\/td><td>Julho - Agosto<\/td><td>Acima dos 30\u202f\u00b0C (86\u00b0F)<\/td><td>Calor intenso, especialmente nas regi\u00f5es do sul; as zonas costeiras s\u00e3o populares, mas podem estar lotadas.<\/td><\/tr><tr><td>Outono<\/td><td>Setembro \u2013 Outubro<\/td><td>20\u202f\u00b0C a 25\u202f\u00b0C&nbsp; (68\u00b0F a 77\u00b0F)<\/td><td>Temperaturas confort\u00e1veis; perfeito para visitar vinhas e participar em festivais de colheita.<\/td><\/tr><tr><td>Inverno<\/td><td>Novembro \u2013 Mar\u00e7o<\/td><td>Varia consoante a regi\u00e3o<\/td><td>Temperaturas mais baixas; as regi\u00f5es do norte podem ter neve, oferecendo oportunidades para esquiar nos Alpes e celebrar festividades.<\/td><\/tr><\/tbody><\/table><\/figure>\n\n\n\n<h2 class=\"wp-block-heading\"><strong>Principais eventos anuais da It\u00e1lia<\/strong><\/h2>\n\n\n\n<figure data-wp-context=\"{&quot;imageId&quot;:&quot;69f1f937d67d7&quot;}\" data-wp-interactive=\"core\/image\" data-wp-key=\"69f1f937d67d7\" class=\"wp-block-image size-large wp-lightbox-container\"><img loading=\"lazy\" decoding=\"async\" width=\"1024\" height=\"576\" data-wp-class--hide=\"state.isContentHidden\" data-wp-class--show=\"state.isContentVisible\" data-wp-init=\"callbacks.setButtonStyles\" data-wp-on--click=\"actions.showLightbox\" data-wp-on--load=\"callbacks.setButtonStyles\" data-wp-on-window--resize=\"callbacks.setButtonStyles\" src=\"https:\/\/myroami.com\/pt\/wp-content\/uploads\/sites\/41\/2025\/09\/italia-carnaval-veneza-trajes-1024x576.png\" alt=\"melhor altura para visitar a It\u00e1lia \u2013 Carnaval de Veneza com trajes tradicionais\" class=\"wp-image-72390\" srcset=\"https:\/\/myroami.com\/pt\/wp-content\/uploads\/sites\/41\/2025\/09\/italia-carnaval-veneza-trajes-1024x576.png 1024w, https:\/\/myroami.com\/pt\/wp-content\/uploads\/sites\/41\/2025\/09\/italia-carnaval-veneza-trajes-300x169.png 300w, https:\/\/myroami.com\/pt\/wp-content\/uploads\/sites\/41\/2025\/09\/italia-carnaval-veneza-trajes-768x432.png 768w, https:\/\/myroami.com\/pt\/wp-content\/uploads\/sites\/41\/2025\/09\/italia-carnaval-veneza-trajes-1536x864.png 1536w, https:\/\/myroami.com\/pt\/wp-content\/uploads\/sites\/41\/2025\/09\/italia-carnaval-veneza-trajes.png 1600w\" sizes=\"auto, (max-width: 1024px) 100vw, 1024px\" \/><button\n\t\t\tclass=\"lightbox-trigger\"\n\t\t\ttype=\"button\"\n\t\t\taria-haspopup=\"dialog\"\n\t\t\taria-label=\"Ampliar\"\n\t\t\tdata-wp-init=\"callbacks.initTriggerButton\"\n\t\t\tdata-wp-on--click=\"actions.showLightbox\"\n\t\t\tdata-wp-style--right=\"state.imageButtonRight\"\n\t\t\tdata-wp-style--top=\"state.imageButtonTop\"\n\t\t>\n\t\t\t<svg xmlns=\"http:\/\/www.w3.org\/2000\/svg\" width=\"12\" height=\"12\" fill=\"none\" viewBox=\"0 0 12 12\">\n\t\t\t\t<path fill=\"#fff\" d=\"M2 0a2 2 0 0 0-2 2v2h1.5V2a.5.5 0 0 1 .5-.5h2V0H2Zm2 10.5H2a.5.5 0 0 1-.5-.5V8H0v2a2 2 0 0 0 2 2h2v-1.5ZM8 12v-1.5h2a.5.5 0 0 0 .5-.5V8H12v2a2 2 0 0 1-2 2H8Zm2-12a2 2 0 0 1 2 2v2h-1.5V2a.5.5 0 0 0-.5-.5H8V0h2Z\" \/>\n\t\t\t<\/svg>\n\t\t<\/button><figcaption class=\"wp-element-caption\"><em><em>O Carnaval de Veneza<\/em><\/em><\/figcaption><\/figure>\n\n\n\n<ul class=\"wp-block-list\">\n<li><strong>Janeiro:<\/strong> As celebra\u00e7\u00f5es da Epifania s\u00e3o uma tradi\u00e7\u00e3o italiana muito apreciada, que assinala o fim da \u00e9poca natal\u00edcia com desfiles festivos, mercados e eventos religiosos.<\/li>\n\n\n\n<li><strong>Fevereiro:&nbsp;<\/strong>O Carnaval de Veneza \u00e9 um festival de renome mundial, celebrado pelas suas m\u00e1scaras elaboradas, trajes coloridos e atmosfera vibrante.&nbsp;<\/li>\n\n\n\n<li><strong>Mar\u00e7o:<\/strong> A Maratona de Roma \u00e9 um evento de corrida de n\u00edvel internacional, que atravessa o cora\u00e7\u00e3o da Cidade Eterna e oferece aos participantes a oportunidade de correr junto a marcos ic\u00f3nicos como o Coliseu, a Bas\u00edlica de S\u00e3o Pedro e o F\u00f3rum Romano.<\/li>\n\n\n\n<li><strong>Abril:<\/strong> A feira de vinhos Vinitaly, realizada anualmente no in\u00edcio de abril em Verona, \u00e9 um dos mais importantes e prestigiados eventos do sector vin\u00edcola a n\u00edvel mundial.<\/li>\n\n\n\n<li><strong>Maio:<\/strong> \u200bO Giro d'Italia \u00e9 uma corrida de ciclismo de renome mundial que leva os ciclistas por algumas das paisagens mais deslumbrantes da It\u00e1lia, desde as colinas da Toscana at\u00e9 os picos das Dolomitas.<\/li>\n\n\n\n<li><strong>Junho:<\/strong> O Festival de \u00d3pera de Verona \u00e9 um dos eventos musicais mais emblem\u00e1ticos do mundo, realizado no impressionante cen\u00e1rio da antiga Arena Romana de Verona.<\/li>\n\n\n\n<li><strong>Julho:<\/strong> \u200bO Festival de Jazz da \u00dambria \u00e9 um dos eventos musicais mais famosos da It\u00e1lia, iluminando as ruas e locais hist\u00f3ricos de Perugia com&nbsp; atua\u00e7\u00f5es inesquec\u00edveis.<\/li>\n\n\n\n<li><strong>Agosto:&nbsp;<\/strong>O Festival Internacional de Cinema de Veneza \u00e9 um dos festivais de cinema mais antigos e prestigiados do mundo, realizado anualmente no Lido di Venezia.<\/li>\n\n\n\n<li><strong>Setembro:<\/strong> A Regata Storica \u00e9 uma corrida de barcos hist\u00f3rica e colorida realizada no primeiro domingo de setembro em Veneza. Este evento ic\u00f3nico inclui um grandioso desfile de g\u00f4ndolas elaboradamente decoradas e remadores com trajes, seguido de emocionantes corridas ao longo do Grande Canal.<\/li>\n\n\n\n<li><strong>Outubro:<\/strong> \u200bO Festival da Trufa Branca de Alba \u00e9 um evento de renome mundial, realizado no cora\u00e7\u00e3o do Piemonte, que celebra a preciosa trufa branca, um dos tesouros culin\u00e1rios mais luxuosos de It\u00e1lia.<\/li>\n\n\n\n<li><strong>Novembro:<\/strong> O Festival Eurochocolate em Perugia \u00e9 uma das maiores celebra\u00e7\u00f5es do chocolate na Europa. O evento inclui esculturas de chocolate, degusta\u00e7\u00f5es e v\u00e1rias atividades tem\u00e1ticas, proporcionando uma doce imers\u00e3o no mundo do cacau.<\/li>\n\n\n\n<li><strong>Dezembro:<\/strong> Os mercados de Natal italianos s\u00e3o uma experi\u00eancia imperd\u00edvel durante a \u00e9poca festiva. Entre eles, o Mercado de Natal de Bolzano destaca-se como um dos mais famosos e \u00e9 uma visita obrigat\u00f3ria.<\/li>\n<\/ul>\n\n\n\n<h2 class=\"wp-block-heading\"><strong>Qual \u00e9 a altura mais barata para visitar It\u00e1lia?<\/strong><\/h2>\n\n\n\n<p>Visitar durante os meses de menor aflu\u00eancia, de <strong>novembro a mar\u00e7o<\/strong> (excluindo a \u00e9poca festiva), pode ser mais econ\u00f3mico Neste per\u00edodo, os pre\u00e7os das passagens a\u00e9reas e das acomoda\u00e7\u00f5es tendem a ser mais baixos, e os locais tur\u00edsticos apresentam menor aflu\u00eancia de visitantes.<\/p>\n\n\n\n<p>Alojamento<\/p>\n\n\n\n<ul class=\"wp-block-list\">\n<li>\u00c9poca alta: Hot\u00e9is de gama m\u00e9dia custam em m\u00e9dia entre<strong> \u20ac150\u2013\u20ac200<\/strong> por noite.<\/li>\n\n\n\n<li>\u00c9poca interm\u00e9dia: Os pre\u00e7os descem para entre <strong>\u20ac100\u2013\u20ac150<\/strong> por noite.<\/li>\n<\/ul>\n\n\n\n<p>Restaurantes<\/p>\n\n\n\n<ul class=\"wp-block-list\">\n<li>\u00c9poca alta: Uma refei\u00e7\u00e3o num restaurante de gama m\u00e9dia custa cerca de <strong>\u20ac25\u2013\u20ac40<\/strong>&nbsp;<strong> <\/strong>por pessoa.<\/li>\n\n\n\n<li>\u00c9poca interm\u00e9dia: Os pre\u00e7os s\u00e3o ligeiramente mais baixos, situando-se entre <strong>\u20ac20\u2013\u20ac35<\/strong>&nbsp;por pessoa.<\/li>\n<\/ul>\n\n\n\n<p>Aluguer de carro<\/p>\n\n\n\n<ul class=\"wp-block-list\">\n<li>\u00c9poca alta: Cerca de <strong>\u20ac50\u2013\u20ac80 <\/strong>por dia.<\/li>\n\n\n\n<li>\u00c9poca interm\u00e9dia: As tarifas descem para <strong>\u20ac40\u2013\u20ac60<\/strong> por dia.<\/li>\n<\/ul>\n\n\n\n<p>Custos M\u00e9dios de itens do dia a dia (sem varia\u00e7\u00e3o sazonal):<\/p>\n\n\n\n<ul class=\"wp-block-list\">\n<li>Ch\u00e1vena de caf\u00e9 (expresso): <strong>1,00 \u20ac \u2013 1,50 \u20ac<\/strong><\/li>\n\n\n\n<li>Copo de vinho da casa: <strong>\u20ac3\u2013\u20ac5<\/strong>.\u200b<\/li>\n\n\n\n<li>Pizza margherita: <strong>\u20ac7\u2013\u20ac10<\/strong>.\u200b<\/li>\n\n\n\n<li>Entrada em museu: <strong>\u20ac10\u2013\u20ac20<\/strong>, dependendo do museu<\/li>\n<\/ul>\n\n\n\n<h2 class=\"wp-block-heading\"><strong>Quantos dias s\u00e3o ideais para uma viagem \u00e0 It\u00e1lia?<\/strong><\/h2>\n\n\n\n<p>Para viver plenamente a rica hist\u00f3ria, a diversidade de paisagens e os prazeres gastron\u00f3micos da It\u00e1lia, o ideal \u00e9 uma viagem de<strong> 10 a 14 <\/strong>dias. Este per\u00edodo permite explorar cidades ic\u00f3nicas e regi\u00f5es pitorescas, proporcionando uma experi\u00eancia completa da It\u00e1lia.<\/p>\n\n\n\n<h3 class=\"wp-block-heading\"><strong>Itiner\u00e1rio sugerido para 10 a 14 dias<\/strong><\/h3>\n\n\n\n<ul class=\"wp-block-list\">\n<li><strong>Dias 1 \u20133: Roma:&nbsp;<\/strong>Comece a sua viagem em Roma, a Cidade Eterna. Explore monumentos antigos como o Coliseu, o F\u00f3rum Romano e o Pante\u00e3o. Visite a Cidade do Vaticano para admirar a Bas\u00edlica de S\u00e3o Pedro e a Capela Sistina.&nbsp;<\/li>\n\n\n\n<li><strong>Dias 4 \u20136: Floren\u00e7a e Toscana: &nbsp;<\/strong>Viaje at\u00e9 Floren\u00e7a para descobrir obras-primas na Galeria Uffizi e maravilhar-se com o Duomo. Passeie pela Ponte Vecchio e explore os mercados locais. Dedique um dia \u00e0 zona rural da Toscana, visitando vinhas e cidades medievais como Siena ou San Gimignano.<\/li>\n\n\n\n<li><strong>Dias 7 \u2013 9: Veneza: &nbsp;<\/strong>Siga para Veneza, a cidade dos canais. Fa\u00e7a um passeio de g\u00f4ndola, visite a Pra\u00e7a e a Bas\u00edlica de S\u00e3o Marcos e explore o Pal\u00e1cio Ducal. Desfrute da gastronomia veneziana em osterias locais.<\/li>\n\n\n\n<li><strong>Dias 10 \u2013 12: Cinque Terre ou Costa de Amalfi:<\/strong> Escolha entre as coloridas aldeias de Cinque Terre ou a deslumbrante Costa de Amalfi. Ambas oferecem vistas costeiras de tirar o f\u00f4lego, oportunidades para fazer caminhadas e deliciosos frutos do mar.<\/li>\n\n\n\n<li><strong>Dias 13 \u2013 14: Mil\u00e3o ou N\u00e1poles:<\/strong> Conclua a sua viagem em Mil\u00e3o, a capital da moda italiana, visitando o Duomo e a obra \u201cA \u00daltima Ceia\u201d de Leonardo da Vinci. Em alternativa, explore N\u00e1poles, ber\u00e7o da pizza, e aventure-se at\u00e9 \u00e0 vizinha Pompeia ou \u00e0 ilha de Capri.<\/li>\n<\/ul>\n\n\n\n<p>\u200bPara viagens mais curtas a It\u00e1lia, concentrar-se numa ou duas regi\u00f5es proporciona uma experi\u00eancia mais descontra\u00edda e envolvente. Quer opte por um percurso abrangente ou por uma explora\u00e7\u00e3o mais focada, a rica tape\u00e7aria cultural italiana garante uma viagem memor\u00e1vel.<\/p>\n\n\n\n<h2 class=\"wp-block-heading\"><strong>O que levar na mala para uma viagem a It\u00e1lia?<\/strong><\/h2>\n\n\n\n<ul class=\"wp-block-list\">\n<li><strong>Sapatos confort\u00e1veis para caminhar:<\/strong> As cidades hist\u00f3ricas da It\u00e1lia costumam ter ruas empedradas, que podem ser irregulares e cansativas para caminhar.<\/li>\n\n\n\n<li><strong>Adaptadores de viagem: <\/strong>&nbsp;\u200bNa It\u00e1lia, a tens\u00e3o padr\u00e3o \u00e9 de 230 V com uma frequ\u00eancia de 50 Hz.&nbsp;O pa\u00eds utiliza principalmente tomadas (steckdose) do tipo L, mas tamb\u00e9m s\u00e3o comuns as do tipo C (duas pontas redondas) e do tipo F (semelhantes ao tipo C, mas com garras de terra).<\/li>\n\n\n\n<li><strong>Garrafa de \u00e1gua reutiliz\u00e1vel: <\/strong>&nbsp;A \u00e1gua da torneira na It\u00e1lia \u00e9, geralmente, segura para beber, incluindo a \u00e1gua das fontes p\u00fablicas, conhecidas como \u201cnasoni\u201d, presentes em muitas cidades. No entanto, verifique sempre se h\u00e1 sinaliza\u00e7\u00e3o com a indica\u00e7\u00e3o \u201cacqua non potabile\u201d, que significa que a \u00e1gua n\u00e3o \u00e9 pot\u00e1vel.<\/li>\n<\/ul>\n\n\n\n<h2 class=\"wp-block-heading\"><strong>Como obter Wi-Fi na It\u00e1lia?<\/strong><\/h2>\n\n\n\n<p>Manter-se conectado na It\u00e1lia \u00e9 f\u00e1cil, com muitas op\u00e7\u00f5es de acesso Wi-Fi. Seja atrav\u00e9s de hotspots p\u00fablicos, redes de caf\u00e9s ou Wi-Fi de hot\u00e9is, existem maneiras gratuitas de se conectar \u00e0 Internet.<\/p>\n\n\n\n<ul class=\"wp-block-list\">\n<li><strong>Hotspots Wi-Fi p\u00fablicos: <\/strong>&nbsp;Muitas cidades italianas disponibilizam Wi-Fi p\u00fablico gratuito em zonas populares, como pra\u00e7as, parques e edif\u00edcios p\u00fablicos. Por exemplo, o projeto WiFi Italia oferece acesso a in\u00fameros pontos de liga\u00e7\u00e3o em todo o pa\u00eds atrav\u00e9s de uma \u00fanica aplica\u00e7\u00e3o.<\/li>\n\n\n\n<li><strong>Caf\u00e9s e restaurantes: <\/strong>&nbsp;A maioria dos restaurantes oferece Wi-Fi gratuito aos clientes. \u00c9 comum pedir a senha ao fazer a encomenda.<\/li>\n\n\n\n<li><strong>Hot\u00e9is e alojamentos:<\/strong> Quase todos os hot\u00e9is, hostels e alojamentos para f\u00e9rias disponibilizam Wi-Fi gratuito para os h\u00f3spedes.<\/li>\n\n\n\n<li><strong>Wi-Fi port\u00e1til: <\/strong>&nbsp;O Wi-Fi port\u00e1til \u00e9 uma excelente op\u00e7\u00e3o para se manter ligado em It\u00e1lia, mas dever\u00e1 alug\u00e1-lo com anteced\u00eancia, pois n\u00e3o existem quiosques de aluguer no Aeroporto de Roma. Os pre\u00e7os variam, come\u00e7ando em cerca de <strong>6,50 \u20ac por dia<\/strong> para dados ilimitados. Embora o Wi-Fi port\u00e1til seja \u00fatil para v\u00e1rios dispositivos, as eSIMs s\u00e3o frequentemente uma alternativa mais pr\u00e1tica e econ\u00f3mica para os viajantes.<\/li>\n<\/ul>\n\n\n\n<h3 class=\"wp-block-heading\"><strong>Como obter um eSIM para It\u00e1lia<\/strong><\/h3>\n\n\n\n<p>Um eSIM permite ativar um plano para o telem\u00f3vel sem a necessidade de um cart\u00e3o SIM f\u00edsico. Para obter um eSIM para It\u00e1lia:<\/p>\n\n\n\n<ol class=\"wp-block-list\">\n<li><strong>Verifique a compatibilidade do dispositivo: <\/strong>&nbsp;Certifique-se de que o seu smartphone \u00e9 compat\u00edvel com a funcionalidade eSIM.<\/li>\n\n\n\n<li><strong>Escolha uma operadora de eSIM:<\/strong> Selecione uma operadora que ofere\u00e7a planos adequados \u00e0s suas necessidades de dados e \u00e0 dura\u00e7\u00e3o da sua estadia.<\/li>\n\n\n\n<li><strong>Compre e ative:<\/strong> Adquira o eSIM online, digitalize o c\u00f3digo QR fornecido e siga as instru\u00e7\u00f5es de ativa\u00e7\u00e3o.<\/li>\n<\/ol>\n\n\n\n<h2 class=\"wp-block-heading\"><strong>Operadoras de eSIM na It\u00e1lia<\/strong><\/h2>\n\n\n\n<p>A tecnologia eSIM facilita a liga\u00e7\u00e3o \u00e0 Internet na It\u00e1lia, permitindo aos viajantes aceder a dados m\u00f3veis<strong> <\/strong>sem a necessidade de trocar de cart\u00f5es SIM. A seguir, apresentam-se tr\u00eas <a href=\"https:\/\/myroami.com\/pt\/melhores-esims\/esim-italia\/\">operadoras populares de eSIM na It\u00e1lia<\/a>, que oferecem planos flex\u00edveis para diferentes necessidades de viagem.<\/p>\n\n\n\n<h3 class=\"wp-block-heading\"><strong>Holafly<\/strong><\/h3>\n\n\n\n<figure data-wp-context=\"{&quot;imageId&quot;:&quot;69f1f937d8114&quot;}\" data-wp-interactive=\"core\/image\" data-wp-key=\"69f1f937d8114\" class=\"wp-block-image size-large wp-lightbox-container\"><img loading=\"lazy\" decoding=\"async\" width=\"1024\" height=\"330\" data-wp-class--hide=\"state.isContentHidden\" data-wp-class--show=\"state.isContentVisible\" data-wp-init=\"callbacks.setButtonStyles\" data-wp-on--click=\"actions.showLightbox\" data-wp-on--load=\"callbacks.setButtonStyles\" data-wp-on-window--resize=\"callbacks.setButtonStyles\" src=\"https:\/\/myroami.com\/pt\/wp-content\/uploads\/sites\/41\/2025\/09\/holafly-esim-italia-1024x330.png\" alt=\"Holafly eSIM It\u00e1lia\" class=\"wp-image-72383\" srcset=\"https:\/\/myroami.com\/pt\/wp-content\/uploads\/sites\/41\/2025\/09\/holafly-esim-italia-1024x330.png 1024w, https:\/\/myroami.com\/pt\/wp-content\/uploads\/sites\/41\/2025\/09\/holafly-esim-italia-300x97.png 300w, https:\/\/myroami.com\/pt\/wp-content\/uploads\/sites\/41\/2025\/09\/holafly-esim-italia-768x247.png 768w, https:\/\/myroami.com\/pt\/wp-content\/uploads\/sites\/41\/2025\/09\/holafly-esim-italia.png 1384w\" sizes=\"auto, (max-width: 1024px) 100vw, 1024px\" \/><button\n\t\t\tclass=\"lightbox-trigger\"\n\t\t\ttype=\"button\"\n\t\t\taria-haspopup=\"dialog\"\n\t\t\taria-label=\"Ampliar\"\n\t\t\tdata-wp-init=\"callbacks.initTriggerButton\"\n\t\t\tdata-wp-on--click=\"actions.showLightbox\"\n\t\t\tdata-wp-style--right=\"state.imageButtonRight\"\n\t\t\tdata-wp-style--top=\"state.imageButtonTop\"\n\t\t>\n\t\t\t<svg xmlns=\"http:\/\/www.w3.org\/2000\/svg\" width=\"12\" height=\"12\" fill=\"none\" viewBox=\"0 0 12 12\">\n\t\t\t\t<path fill=\"#fff\" d=\"M2 0a2 2 0 0 0-2 2v2h1.5V2a.5.5 0 0 1 .5-.5h2V0H2Zm2 10.5H2a.5.5 0 0 1-.5-.5V8H0v2a2 2 0 0 0 2 2h2v-1.5ZM8 12v-1.5h2a.5.5 0 0 0 .5-.5V8H12v2a2 2 0 0 1-2 2H8Zm2-12a2 2 0 0 1 2 2v2h-1.5V2a.5.5 0 0 0-.5-.5H8V0h2Z\" \/>\n\t\t\t<\/svg>\n\t\t<\/button><\/figure>\n\n\n\n<p>A <a href=\"https:\/\/myroami.com\/pt\/esim\/esim-holafly\/\">Holafly<\/a> oferece planos eSIM de dados ilimitados, concebidos especialmente para turistas em Espanha. Esta op\u00e7\u00e3o \u00e9 ideal para viajantes que desejam conectividade constante sem se preocupar com limites de dados. A ativa\u00e7\u00e3o \u00e9 simples: basta digitalizar um c\u00f3digo QR e estar\u00e1 online em poucos minutos.<\/p>\n\n\n\n<h3 class=\"wp-block-heading\"><strong>GigSky<\/strong><\/h3>\n\n\n\n<figure data-wp-context=\"{&quot;imageId&quot;:&quot;69f1f937d87e9&quot;}\" data-wp-interactive=\"core\/image\" data-wp-key=\"69f1f937d87e9\" class=\"wp-block-image size-large wp-lightbox-container\"><img loading=\"lazy\" decoding=\"async\" width=\"1024\" height=\"432\" data-wp-class--hide=\"state.isContentHidden\" data-wp-class--show=\"state.isContentVisible\" data-wp-init=\"callbacks.setButtonStyles\" data-wp-on--click=\"actions.showLightbox\" data-wp-on--load=\"callbacks.setButtonStyles\" data-wp-on-window--resize=\"callbacks.setButtonStyles\" src=\"https:\/\/myroami.com\/pt\/wp-content\/uploads\/sites\/41\/2025\/09\/gigsky-esim-italia-1024x432.png\" alt=\"GigSky eSIM It\u00e1lia\" class=\"wp-image-72387\" srcset=\"https:\/\/myroami.com\/pt\/wp-content\/uploads\/sites\/41\/2025\/09\/gigsky-esim-italia-1024x432.png 1024w, https:\/\/myroami.com\/pt\/wp-content\/uploads\/sites\/41\/2025\/09\/gigsky-esim-italia-300x127.png 300w, https:\/\/myroami.com\/pt\/wp-content\/uploads\/sites\/41\/2025\/09\/gigsky-esim-italia-768x324.png 768w, https:\/\/myroami.com\/pt\/wp-content\/uploads\/sites\/41\/2025\/09\/gigsky-esim-italia.png 1124w\" sizes=\"auto, (max-width: 1024px) 100vw, 1024px\" \/><button\n\t\t\tclass=\"lightbox-trigger\"\n\t\t\ttype=\"button\"\n\t\t\taria-haspopup=\"dialog\"\n\t\t\taria-label=\"Ampliar\"\n\t\t\tdata-wp-init=\"callbacks.initTriggerButton\"\n\t\t\tdata-wp-on--click=\"actions.showLightbox\"\n\t\t\tdata-wp-style--right=\"state.imageButtonRight\"\n\t\t\tdata-wp-style--top=\"state.imageButtonTop\"\n\t\t>\n\t\t\t<svg xmlns=\"http:\/\/www.w3.org\/2000\/svg\" width=\"12\" height=\"12\" fill=\"none\" viewBox=\"0 0 12 12\">\n\t\t\t\t<path fill=\"#fff\" d=\"M2 0a2 2 0 0 0-2 2v2h1.5V2a.5.5 0 0 1 .5-.5h2V0H2Zm2 10.5H2a.5.5 0 0 1-.5-.5V8H0v2a2 2 0 0 0 2 2h2v-1.5ZM8 12v-1.5h2a.5.5 0 0 0 .5-.5V8H12v2a2 2 0 0 1-2 2H8Zm2-12a2 2 0 0 1 2 2v2h-1.5V2a.5.5 0 0 0-.5-.5H8V0h2Z\" \/>\n\t\t\t<\/svg>\n\t\t<\/button><\/figure>\n\n\n\n<p>A <a href=\"https:\/\/myroami.com\/pt\/esim\/esim-gigsky\/\">GigSky<\/a> oferece planos de dados flex\u00edveis para It\u00e1lia, com op\u00e7\u00f5es que variam entre 512 MB e 5 GB. Os viajantes podem adquirir e gerir o seu eSIM atrav\u00e9s da aplica\u00e7\u00e3o m\u00f3vel da GigSky, o que \u00e9 conveniente para quem prefere uma experi\u00eancia totalmente digital.<\/p>\n\n\n\n<h3 class=\"wp-block-heading\"><strong>Truphone<\/strong><\/h3>\n\n\n\n<figure data-wp-context=\"{&quot;imageId&quot;:&quot;69f1f937d8e54&quot;}\" data-wp-interactive=\"core\/image\" data-wp-key=\"69f1f937d8e54\" class=\"wp-block-image size-large wp-lightbox-container\"><img loading=\"lazy\" decoding=\"async\" width=\"1024\" height=\"488\" data-wp-class--hide=\"state.isContentHidden\" data-wp-class--show=\"state.isContentVisible\" data-wp-init=\"callbacks.setButtonStyles\" data-wp-on--click=\"actions.showLightbox\" data-wp-on--load=\"callbacks.setButtonStyles\" data-wp-on-window--resize=\"callbacks.setButtonStyles\" src=\"https:\/\/myroami.com\/pt\/wp-content\/uploads\/sites\/41\/2025\/09\/image3-1024x488.png\" alt=\"Truphone eSIM It\u00e1lia\" class=\"wp-image-72386\" srcset=\"https:\/\/myroami.com\/pt\/wp-content\/uploads\/sites\/41\/2025\/09\/image3-1024x488.png 1024w, https:\/\/myroami.com\/pt\/wp-content\/uploads\/sites\/41\/2025\/09\/image3-300x143.png 300w, https:\/\/myroami.com\/pt\/wp-content\/uploads\/sites\/41\/2025\/09\/image3-768x366.png 768w, https:\/\/myroami.com\/pt\/wp-content\/uploads\/sites\/41\/2025\/09\/image3.png 1066w\" sizes=\"auto, (max-width: 1024px) 100vw, 1024px\" \/><button\n\t\t\tclass=\"lightbox-trigger\"\n\t\t\ttype=\"button\"\n\t\t\taria-haspopup=\"dialog\"\n\t\t\taria-label=\"Ampliar\"\n\t\t\tdata-wp-init=\"callbacks.initTriggerButton\"\n\t\t\tdata-wp-on--click=\"actions.showLightbox\"\n\t\t\tdata-wp-style--right=\"state.imageButtonRight\"\n\t\t\tdata-wp-style--top=\"state.imageButtonTop\"\n\t\t>\n\t\t\t<svg xmlns=\"http:\/\/www.w3.org\/2000\/svg\" width=\"12\" height=\"12\" fill=\"none\" viewBox=\"0 0 12 12\">\n\t\t\t\t<path fill=\"#fff\" d=\"M2 0a2 2 0 0 0-2 2v2h1.5V2a.5.5 0 0 1 .5-.5h2V0H2Zm2 10.5H2a.5.5 0 0 1-.5-.5V8H0v2a2 2 0 0 0 2 2h2v-1.5ZM8 12v-1.5h2a.5.5 0 0 0 .5-.5V8H12v2a2 2 0 0 1-2 2H8Zm2-12a2 2 0 0 1 2 2v2h-1.5V2a.5.5 0 0 0-.5-.5H8V0h2Z\" \/>\n\t\t\t<\/svg>\n\t\t<\/button><\/figure>\n\n\n\n<p>A Truphone \u00e9 uma operadora global de eSIM que oferece planos de longo prazo para a It\u00e1lia, com op\u00e7\u00f5es de at\u00e9 20 GB por 30 dias. \u00c9 uma excelente op\u00e7\u00e3o para viajantes que precisam de ampla cobertura na It\u00e1lia e em toda a Europa.<\/p>\n\n\n\n<p>Aqui est\u00e1 a tabela comparativa das operadoras de eSIM na It\u00e1lia:<\/p>\n\n\n\n<figure class=\"wp-block-table\"><table class=\"has-fixed-layout\"><tbody><tr><td colspan=\"2\">Operadora<\/td><td>Planos dispon\u00edveis<\/td><td>Pre\u00e7o inicial<\/td><td>Caracter\u00edsticas principais<\/td><\/tr><tr><td><img loading=\"lazy\" decoding=\"async\" alt=\"Holafly esim\" src=\"blob:https:\/\/myroami.com\/f9c68996-0cd7-4ea1-ba8e-49a39a14f713\" width=\"100\" height=\"97\"><\/td><td>Holafly<\/td><td>Dados ilimitados (5\u201390 dias)<\/td><td>Desde $6,90 por dados ilimitados<\/td><td>Configura\u00e7\u00e3o f\u00e1cil, dados ilimitados, suporte 24 horas por dia, 7 dias por semana<\/td><\/tr><tr><td><img loading=\"lazy\" decoding=\"async\" alt=\"Gigsky esim\" src=\"blob:https:\/\/myroami.com\/2683442c-8f9b-4583-826e-089e3a74e2b4\" width=\"109\" height=\"93\"><\/td><td>GigSky<\/td><td>512 MB \u2013 5 GB (7\u201330 dias)<\/td><td>4,50\u202f\u20ac por 7 dias<\/td><td>Ativa\u00e7\u00e3o atrav\u00e9s da aplica\u00e7\u00e3o, op\u00e7\u00f5es flex\u00edveis<\/td><\/tr><tr><td><img loading=\"lazy\" decoding=\"async\" alt=\"Truphone esim\" src=\"blob:https:\/\/myroami.com\/0f85c0b0-4c7f-4717-a7f6-7006b59ff1f1\" width=\"111\" height=\"86\"><\/td><td>Truphone<\/td><td>1GB \u2013 20GB (30 dias)<\/td><td>4,50\u202f\u20ac por 1\u202fGB<\/td><td>Funciona em mais de 130 pa\u00edses, velocidades 5G<\/td><\/tr><\/tbody><\/table><\/figure>\n\n\n\n<p><\/p>\n","protected":false},"excerpt":{"rendered":"<p>A planear uma viagem a It\u00e1lia? A melhor altura para visitar depende do que procura \u2014 se \u00e9 evitar as multid\u00f5es ou aproveitar o sol. Desde os amenos meses da primavera at\u00e9 \u00e0 animada \u00e9poca do outono, cada altura do ano oferece algo especial para diferentes tipos de viajantes. Descubra os meses ideais para experimentar a rica cultura, hist\u00f3ria e paisagens deslumbrantes da It\u00e1lia.<\/p>\n","protected":false},"author":182,"featured_media":72380,"comment_status":"closed","ping_status":"closed","sticky":false,"template":"","format":"standard","meta":{"_acf_changed":false,"footnotes":""},"categories":[189],"tags":[],"class_list":["post-72378","post","type-post","status-publish","format-standard","has-post-thumbnail","hentry","category-guias-viagens"],"acf":[],"yoast_head":"<title>Melhor altura para ir \u00e0 It\u00e1lia 2025 \u2013 dicas de viagem<\/title>\n<meta name=\"description\" content=\"A melhor altura para visitar a It\u00e1lia \u00e9 abril-junho e setembro-outubro. Clima agrad\u00e1vel, menos multid\u00f5es e pre\u00e7os acess\u00edveis. Descubra mais!\" \/>\n<meta name=\"robots\" content=\"index, follow, max-snippet:-1, max-image-preview:large, max-video-preview:-1\" \/>\n<link rel=\"canonical\" href=\"https:\/\/myroami.com\/pt\/guias-viagens\/melhor-altura-para-ir-a-italia\/\" \/>\n<meta property=\"og:locale\" content=\"pt_PT\" \/>\n<meta property=\"og:type\" content=\"article\" \/>\n<meta property=\"og:title\" content=\"Melhor altura para ir \u00e0 It\u00e1lia 2025 \u2013 dicas de viagem\" \/>\n<meta property=\"og:description\" content=\"A melhor altura para visitar a It\u00e1lia \u00e9 abril-junho e setembro-outubro. Clima agrad\u00e1vel, menos multid\u00f5es e pre\u00e7os acess\u00edveis. Descubra mais!\" \/>\n<meta property=\"og:url\" content=\"https:\/\/myroami.com\/pt\/guias-viagens\/melhor-altura-para-ir-a-italia\/\" \/>\n<meta property=\"og:site_name\" content=\"Roami - PT\" \/>\n<meta property=\"article:published_time\" content=\"2025-09-06T14:37:15+00:00\" \/>\n<meta property=\"article:modified_time\" content=\"2025-09-06T14:37:16+00:00\" \/>\n<meta property=\"og:image\" content=\"https:\/\/myroami.com\/pt\/wp-content\/uploads\/sites\/41\/2025\/09\/melhor-altura-italia-viagem-paisagens.png\" \/>\n\t<meta property=\"og:image:width\" content=\"502\" \/>\n\t<meta property=\"og:image:height\" content=\"335\" \/>\n\t<meta property=\"og:image:type\" content=\"image\/png\" \/>\n<meta name=\"author\" content=\"Vukasin Petrovic\" \/>\n<meta name=\"twitter:card\" content=\"summary_large_image\" \/>\n<meta name=\"twitter:label1\" content=\"Escrito por\" \/>\n\t<meta name=\"twitter:data1\" content=\"Vukasin Petrovic\" \/>\n\t<meta name=\"twitter:label2\" content=\"Tempo estimado de leitura\" \/>\n\t<meta name=\"twitter:data2\" content=\"14 minutos\" \/>","yoast_head_json":{"title":"Melhor altura para ir \u00e0 It\u00e1lia 2025 \u2013 dicas de viagem","description":"A melhor altura para visitar a It\u00e1lia \u00e9 abril-junho e setembro-outubro. Clima agrad\u00e1vel, menos multid\u00f5es e pre\u00e7os acess\u00edveis. Descubra mais!","robots":{"index":"index","follow":"follow","max-snippet":"max-snippet:-1","max-image-preview":"max-image-preview:large","max-video-preview":"max-video-preview:-1"},"canonical":"https:\/\/myroami.com\/pt\/guias-viagens\/melhor-altura-para-ir-a-italia\/","og_locale":"pt_PT","og_type":"article","og_title":"Melhor altura para ir \u00e0 It\u00e1lia 2025 \u2013 dicas de viagem","og_description":"A melhor altura para visitar a It\u00e1lia \u00e9 abril-junho e setembro-outubro. Clima agrad\u00e1vel, menos multid\u00f5es e pre\u00e7os acess\u00edveis. Descubra mais!","og_url":"https:\/\/myroami.com\/pt\/guias-viagens\/melhor-altura-para-ir-a-italia\/","og_site_name":"Roami - PT","article_published_time":"2025-09-06T14:37:15+00:00","article_modified_time":"2025-09-06T14:37:16+00:00","og_image":[{"width":502,"height":335,"url":"https:\/\/myroami.com\/pt\/wp-content\/uploads\/sites\/41\/2025\/09\/melhor-altura-italia-viagem-paisagens.png","type":"image\/png"}],"author":"Vukasin Petrovic","twitter_card":"summary_large_image","twitter_misc":{"Escrito por":"Vukasin Petrovic","Tempo estimado de leitura":"14 minutos"},"schema":{"@context":"https:\/\/schema.org","@graph":[{"@context":"https:\/\/schema.org","@type":"BreadcrumbList","@id":"https:\/\/myroami.com\/pt\/guias-viagens\/melhor-altura-para-ir-a-italia\/#breadcrumb","itemListElement":[{"@type":"ListItem","position":1,"item":{"@type":"WebPage","@id":"https:\/\/myroami.com\/pt\/","url":"https:\/\/myroami.com\/pt\/","name":"Home"}}]}]}},"_links":{"self":[{"href":"https:\/\/myroami.com\/pt\/wp-json\/wp\/v2\/posts\/72378","targetHints":{"allow":["GET"]}}],"collection":[{"href":"https:\/\/myroami.com\/pt\/wp-json\/wp\/v2\/posts"}],"about":[{"href":"https:\/\/myroami.com\/pt\/wp-json\/wp\/v2\/types\/post"}],"author":[{"embeddable":true,"href":"https:\/\/myroami.com\/pt\/wp-json\/wp\/v2\/users\/182"}],"replies":[{"embeddable":true,"href":"https:\/\/myroami.com\/pt\/wp-json\/wp\/v2\/comments?post=72378"}],"version-history":[{"count":2,"href":"https:\/\/myroami.com\/pt\/wp-json\/wp\/v2\/posts\/72378\/revisions"}],"predecessor-version":[{"id":72393,"href":"https:\/\/myroami.com\/pt\/wp-json\/wp\/v2\/posts\/72378\/revisions\/72393"}],"wp:featuredmedia":[{"embeddable":true,"href":"https:\/\/myroami.com\/pt\/wp-json\/wp\/v2\/media\/72380"}],"wp:attachment":[{"href":"https:\/\/myroami.com\/pt\/wp-json\/wp\/v2\/media?parent=72378"}],"wp:term":[{"taxonomy":"category","embeddable":true,"href":"https:\/\/myroami.com\/pt\/wp-json\/wp\/v2\/categories?post=72378"},{"taxonomy":"post_tag","embeddable":true,"href":"https:\/\/myroami.com\/pt\/wp-json\/wp\/v2\/tags?post=72378"}],"curies":[{"name":"wp","href":"https:\/\/api.w.org\/{rel}","templated":true}]}}