{"id":72395,"date":"2025-09-06T17:22:47","date_gmt":"2025-09-06T17:22:47","guid":{"rendered":"https:\/\/myroami.com\/pt\/?p=72395"},"modified":"2025-09-06T17:22:48","modified_gmt":"2025-09-06T17:22:48","slug":"melhor-altura-para-ir-a-jamaica","status":"publish","type":"post","link":"https:\/\/myroami.com\/pt\/guias-viagens\/melhor-altura-para-ir-a-jamaica\/","title":{"rendered":"Qual \u00e9 a melhor altura para visitar a Jamaica?"},"content":{"rendered":"\n<p>A Jamaica \u00e9 um aut\u00eantico para\u00edso tropical que atrai milh\u00f5es de visitantes todos os anos. Em 2024, esta encantadora ilha das Cara\u00edbas recebeu um n\u00famero <strong>recorde de <\/strong><a href=\"https:\/\/www.jtbonline.org\/jamaica-tourism-generates-4-3-billion-in-2024\/\"><strong>4,3 milh\u00f5es de viajantes<\/strong><\/a>, cativados pelas suas praias banhadas pelo sol, pela cultura vibrante e pelas paisagens luxuriantes.&nbsp;\u00c9 natural perguntarmo-nos: qual \u00e9 a melhor altura para visitar a Jamaica?<\/p>\n\n\n\n<p>Vamos explorar as alturas ideais para a sua escapadela \u00e0 Jamaica, tendo em conta o clima, os eventos e os custos de viagem.<\/p>\n\n\n\n<h2 class=\"wp-block-heading\"><strong>Qual \u00e9 a melhor altura para ir \u00e0 Jamaica?<\/strong><\/h2>\n\n\n\n<p>A melhor altura para visitar a Jamaica \u00e9 entre meados de dezembro e abril.&nbsp;Este per\u00edodo oferece praias deslumbrantes, clima seco e baixa humidade, sendo o ref\u00fagio ideal para quem procura escapar ao frio do inverno.<\/p>\n\n\n\n<p>Embora esta seja considerada a <strong>\u00e9poca alta do turismo<\/strong>, apresenta v\u00e1rias vantagens. As temperaturas quentes e o sol abundante criam o ambiente ideal para relaxar na praia e desfrutar de uma ampla variedade de atividades aqu\u00e1ticas.&nbsp;<\/p>\n\n\n\n<p>Al\u00e9m disso, o ambiente animado durante estes meses \u00e9 refor\u00e7ado por uma<strong> s\u00e9rie de eventos culturais <\/strong>que d\u00e3o um toque especial \u00e0 sua experi\u00eancia.<\/p>\n\n\n\n<h3 class=\"wp-block-heading\"><strong>Qual \u00e9 a melhor altura, em termos de clima,&nbsp; para visitar a Jamaica?<\/strong><\/h3>\n\n\n\n<p>O clima tropical da Jamaica torna-a um<strong> destino apelativo durante todo o ano<\/strong>, mas compreender as varia\u00e7\u00f5es sazonais pode ajud\u00e1-lo a tomar uma decis\u00e3o mais informada.&nbsp;<\/p>\n\n\n\n<p>Aqui est\u00e1 um calend\u00e1rio meteorol\u00f3gico detalhado que descreve o que poder\u00e1 esperar ao longo do ano:<\/p>\n\n\n\n<figure class=\"wp-block-table\"><table class=\"has-fixed-layout\"><tbody><tr><td><strong>\u00c9poca<\/strong><\/td><td><strong>Meses<\/strong><\/td><td><strong>Temperaturas m\u00e9dias<\/strong><\/td><td><strong>Precipita\u00e7\u00e3o<\/strong><\/td><td><strong>Recomenda\u00e7\u00f5es<\/strong><\/td><\/tr><tr><td><strong>Primavera<\/strong><\/td><td>Mar\u00e7o\u2013Maio<\/td><td>-22\u00b0C-29\u00b0C (72\u00b0F-84\u00b0F)<\/td><td>Baixa a moderada (mar\u00e7o\/abril), aumentando para moderada a alta em maio.<\/td><td>Clima ameno e flores a desabrochar \u2014 ideal para caminhadas.<\/td><\/tr><tr><td><strong>Ver\u00e3o<\/strong><\/td><td>Junho\u2013Agosto<\/td><td>-24\u00b0C-32\u00b0C (75\u00b0F-90\u00b0F)<\/td><td>Moderada. Chuva frequente \u00e0 tarde.<\/td><td>\u00c9poca baixa, com menos turistas e pre\u00e7os mais baixos. Mais calor e humidade do que no inverno.<\/td><\/tr><tr><td><strong>Outono<\/strong><\/td><td>Setembro\u2013Novembro<\/td><td>-22\u00b0C-30\u00b0C (72\u00b0F-86\u00b0F)<\/td><td>Alta (setembro\/outubro), diminuindo para alta a moderada em novembro.<\/td><td>Temperaturas mais frescas e pre\u00e7os acess\u00edveis. \u00d3timo para explorar sem multid\u00f5es.&nbsp;<\/td><\/tr><tr><td><strong>Inverno<\/strong><\/td><td>Dezembro\u2013Fevereiro<\/td><td>-20\u00b0C-28\u00b0C (68\u00b0F-82\u00b0F)<\/td><td>Baixa<\/td><td>Ideal para fugir ao frio; pre\u00e7os mais elevados das est\u00e2ncias e maior aflu\u00eancia tur\u00edstica.&nbsp;<\/td><\/tr><\/tbody><\/table><\/figure>\n\n\n\n<p>Embora tenhamos apresentado uma vis\u00e3o geral cl\u00e1ssica das esta\u00e7\u00f5es do ano, \u00e9 importante compreender que, devido ao seu clima tropical, a <strong>Jamaica n\u00e3o segue as tradicionais esta\u00e7\u00f5es de primavera, ver\u00e3o, outono e inverno<\/strong>.&nbsp;<\/p>\n\n\n\n<p>Na realidade, a ilha tem tr\u00eas \u00e9pocas principais:&nbsp;<\/p>\n\n\n\n<ol class=\"wp-block-list\">\n<li><strong>\u00c9poca Seca:<\/strong>\u00a0De dezembro a abril, caracterizada por dias quentes e ensolarados, com precipita\u00e7\u00e3o m\u00ednima.<\/li>\n\n\n\n<li><strong>Primeira \u00c9poca das Chuvas:<\/strong>\u00a0De maio a junho, marcada pelo aumento da precipita\u00e7\u00e3o e da humidade.<\/li>\n\n\n\n<li><strong>Segunda \u00c9poca das Chuvas:<\/strong>\u00a0De setembro a novembro, tamb\u00e9m com chuvas fortes e tempestades.<\/li>\n<\/ol>\n\n\n\n<figure data-wp-context=\"{&quot;imageId&quot;:&quot;69f1e641a8ef0&quot;}\" data-wp-interactive=\"core\/image\" data-wp-key=\"69f1e641a8ef0\" class=\"wp-block-image size-large wp-lightbox-container\"><img loading=\"lazy\" decoding=\"async\" width=\"1024\" height=\"576\" data-wp-class--hide=\"state.isContentHidden\" data-wp-class--show=\"state.isContentVisible\" data-wp-init=\"callbacks.setButtonStyles\" data-wp-on--click=\"actions.showLightbox\" data-wp-on--load=\"callbacks.setButtonStyles\" data-wp-on-window--resize=\"callbacks.setButtonStyles\" src=\"https:\/\/myroami.com\/pt\/wp-content\/uploads\/sites\/41\/2025\/09\/jamaica-melhor-altura-epocas-clima-1024x576.png\" alt=\"melhor altura para ir \u00e0 Jamaica \u2013 \u00e9pocas secas e chuvosas\" class=\"wp-image-72398\" srcset=\"https:\/\/myroami.com\/pt\/wp-content\/uploads\/sites\/41\/2025\/09\/jamaica-melhor-altura-epocas-clima-1024x576.png 1024w, https:\/\/myroami.com\/pt\/wp-content\/uploads\/sites\/41\/2025\/09\/jamaica-melhor-altura-epocas-clima-300x169.png 300w, https:\/\/myroami.com\/pt\/wp-content\/uploads\/sites\/41\/2025\/09\/jamaica-melhor-altura-epocas-clima-768x432.png 768w, https:\/\/myroami.com\/pt\/wp-content\/uploads\/sites\/41\/2025\/09\/jamaica-melhor-altura-epocas-clima.png 1365w\" sizes=\"auto, (max-width: 1024px) 100vw, 1024px\" \/><button\n\t\t\tclass=\"lightbox-trigger\"\n\t\t\ttype=\"button\"\n\t\t\taria-haspopup=\"dialog\"\n\t\t\taria-label=\"Ampliar\"\n\t\t\tdata-wp-init=\"callbacks.initTriggerButton\"\n\t\t\tdata-wp-on--click=\"actions.showLightbox\"\n\t\t\tdata-wp-style--right=\"state.imageButtonRight\"\n\t\t\tdata-wp-style--top=\"state.imageButtonTop\"\n\t\t>\n\t\t\t<svg xmlns=\"http:\/\/www.w3.org\/2000\/svg\" width=\"12\" height=\"12\" fill=\"none\" viewBox=\"0 0 12 12\">\n\t\t\t\t<path fill=\"#fff\" d=\"M2 0a2 2 0 0 0-2 2v2h1.5V2a.5.5 0 0 1 .5-.5h2V0H2Zm2 10.5H2a.5.5 0 0 1-.5-.5V8H0v2a2 2 0 0 0 2 2h2v-1.5ZM8 12v-1.5h2a.5.5 0 0 0 .5-.5V8H12v2a2 2 0 0 1-2 2H8Zm2-12a2 2 0 0 1 2 2v2h-1.5V2a.5.5 0 0 0-.5-.5H8V0h2Z\" \/>\n\t\t\t<\/svg>\n\t\t<\/button><\/figure>\n\n\n\n<p><strong>Nota:<\/strong>\u00a0Cada regi\u00e3o tem os seus padr\u00f5es clim\u00e1ticos \u00fanicos; por exemplo, Negril recebe geralmente a maior precipita\u00e7\u00e3o, enquanto Kingston regista menos chuva no final do ano.<\/p>\n\n\n\n<h2 class=\"wp-block-heading\">Principais eventos anuais da Jamaica<strong>\u00a0<\/strong><\/h2>\n\n\n\n<figure data-wp-context=\"{&quot;imageId&quot;:&quot;69f1e641a96f7&quot;}\" data-wp-interactive=\"core\/image\" data-wp-key=\"69f1e641a96f7\" class=\"wp-block-image size-large wp-lightbox-container\"><img loading=\"lazy\" decoding=\"async\" width=\"1024\" height=\"504\" data-wp-class--hide=\"state.isContentHidden\" data-wp-class--show=\"state.isContentVisible\" data-wp-init=\"callbacks.setButtonStyles\" data-wp-on--click=\"actions.showLightbox\" data-wp-on--load=\"callbacks.setButtonStyles\" data-wp-on-window--resize=\"callbacks.setButtonStyles\" src=\"https:\/\/myroami.com\/pt\/wp-content\/uploads\/sites\/41\/2025\/09\/jamaica-reggae-sumfest-montego-bay-1024x504.png\" alt=\"melhor altura para visitar a Jamaica \u2013 Reggae Sumfest em Montego Bay\" class=\"wp-image-72399\" srcset=\"https:\/\/myroami.com\/pt\/wp-content\/uploads\/sites\/41\/2025\/09\/jamaica-reggae-sumfest-montego-bay-1024x504.png 1024w, https:\/\/myroami.com\/pt\/wp-content\/uploads\/sites\/41\/2025\/09\/jamaica-reggae-sumfest-montego-bay-300x148.png 300w, https:\/\/myroami.com\/pt\/wp-content\/uploads\/sites\/41\/2025\/09\/jamaica-reggae-sumfest-montego-bay-768x378.png 768w, https:\/\/myroami.com\/pt\/wp-content\/uploads\/sites\/41\/2025\/09\/jamaica-reggae-sumfest-montego-bay.png 1071w\" sizes=\"auto, (max-width: 1024px) 100vw, 1024px\" \/><button\n\t\t\tclass=\"lightbox-trigger\"\n\t\t\ttype=\"button\"\n\t\t\taria-haspopup=\"dialog\"\n\t\t\taria-label=\"Ampliar\"\n\t\t\tdata-wp-init=\"callbacks.initTriggerButton\"\n\t\t\tdata-wp-on--click=\"actions.showLightbox\"\n\t\t\tdata-wp-style--right=\"state.imageButtonRight\"\n\t\t\tdata-wp-style--top=\"state.imageButtonTop\"\n\t\t>\n\t\t\t<svg xmlns=\"http:\/\/www.w3.org\/2000\/svg\" width=\"12\" height=\"12\" fill=\"none\" viewBox=\"0 0 12 12\">\n\t\t\t\t<path fill=\"#fff\" d=\"M2 0a2 2 0 0 0-2 2v2h1.5V2a.5.5 0 0 1 .5-.5h2V0H2Zm2 10.5H2a.5.5 0 0 1-.5-.5V8H0v2a2 2 0 0 0 2 2h2v-1.5ZM8 12v-1.5h2a.5.5 0 0 0 .5-.5V8H12v2a2 2 0 0 1-2 2H8Zm2-12a2 2 0 0 1 2 2v2h-1.5V2a.5.5 0 0 0-.5-.5H8V0h2Z\" \/>\n\t\t\t<\/svg>\n\t\t<\/button><figcaption class=\"wp-element-caption\"><em>Reggae Sumfest [Fonte: Reggae Sumfest]<\/em><\/figcaption><\/figure>\n\n\n\n<p>A Jamaica \u00e9 um destino culturalmente rico, com in\u00fameros eventos e festivais ao longo do ano. Estas celebra\u00e7\u00f5es d\u00e3o destaque ao patrim\u00f3nio da ilha, \u00e0 gastronomia local e, naturalmente, \u00e0 sua m\u00fasica.<\/p>\n\n\n\n<p>Aqui est\u00e3o os melhores eventos anuais na Jamaica que n\u00e3o vai querer perder:<\/p>\n\n\n\n<ul class=\"wp-block-list\">\n<li><strong>Reggae Sumfest<\/strong> (Julho) Um dos maiores festivais de m\u00fasica reggae do mundo, realizado em Montego Bay, com artistas de reggae locais e internacionais. Os participantes desfrutam de noites repletas de m\u00fasica, dan\u00e7a e conv\u00edvio.<\/li>\n\n\n\n<li><strong>Jamaica Food &amp; Drink<\/strong> Festival (Outubro): Uma celebra\u00e7\u00e3o culin\u00e1ria de uma semana, com chefs de renome, vendedores locais e degusta\u00e7\u00f5es que evidenciam os sabores \u00fanicos da Jamaica, acompanhada de aulas de culin\u00e1ria e semin\u00e1rios gastron\u00f3micos.<\/li>\n\n\n\n<li><strong>Dia Internacional do Reggae<\/strong> (1 de Julho): Uma celebra\u00e7\u00e3o mundial que homenageia a contribui\u00e7\u00e3o da Jamaica para a m\u00fasica atrav\u00e9s do reggae, com concertos, exposi\u00e7\u00f5es de arte, pain\u00e9is de discuss\u00e3o e workshops que destacam a import\u00e2ncia hist\u00f3rica deste g\u00e9nero musical.<\/li>\n\n\n\n<li><strong>Dia da Independ\u00eancia da Jamaica<\/strong> (6 de Agosto): Feriado nacional marcado por desfiles, eventos culturais e fogo de artif\u00edcio, que comemora a independ\u00eancia do pa\u00eds do dom\u00ednio colonial brit\u00e2nico em 1962.<\/li>\n\n\n\n<li><strong>Jamaica Ocho Rios Jazz Festival<\/strong>\u00a0(Junho): Um evento emocionante que re\u00fane uma diversidade de artistas de jazz locais e internacionais, que atuam num cen\u00e1rio deslumbrante, proporcionando um fim de semana repleto de melodias suaves e excelentes vibra\u00e7\u00f5es.<\/li>\n\n\n\n<li><strong>Bacchanal Jamaica<\/strong> (Mar\u00e7o-Abril): Uma animada celebra\u00e7\u00e3o carnavalesca que antecede a marcha rodovi\u00e1ria, marcada por trajes coloridos, m\u00fasica e dan\u00e7a, que revela a vibrante cultura carnavalesca da ilha.<\/li>\n\n\n\n<li><strong>Appleton Estate Rum Tour and Festival<\/strong> (Novembro): Uma celebra\u00e7\u00e3o do famoso rum jamaicano, com\u00a0 degusta\u00e7\u00f5es, visitas guiadas \u00e0 destilaria e espet\u00e1culos culturais, destacando a hist\u00f3ria e o saber-fazer associados \u00e0 produ\u00e7\u00e3o de rum.<\/li>\n\n\n\n<li><strong>Maratona de Reggae <\/strong>(Dezembro): Realizada em Negril, esta maratona atrai corredores de todo o mundo, combinando desporto com um ambiente festivo, m\u00fasica reggae ao vivo e celebra\u00e7\u00f5es junto \u00e0 praia.<\/li>\n<\/ul>\n\n\n\n<h2 class=\"wp-block-heading\"><strong>Qual \u00e9 a altura mais barata para visitar a Jamaica?<\/strong><\/h2>\n\n\n\n<p>A altura mais barata para visitar a Jamaica geralmente ocorre na <strong>\u00e9poca baixa<\/strong>, que vai <strong>de julho a outubro.<\/strong> Durante estes meses, \u00e9 de esperar um aumento das chuvas e da humidade, o que pode tornar o destino menos apelativo para alguns viajantes.&nbsp;<\/p>\n\n\n\n<p>No entanto, existem v\u00e1rias vantagens em viajar durante este per\u00edodo. Pode beneficiar de <strong>pre\u00e7os mais baixos em voos, cruzeiros e alojamentos<\/strong>, enquanto desfruta de um ambiente mais calmo, com menos pessoas nas piscinas e nas praias.<\/p>\n\n\n\n<h3 class=\"wp-block-heading\"><strong>\u00c9poca interm\u00e9dia na Jamaica<\/strong><\/h3>\n\n\n\n<p>A Jamaica tem <strong>duas \u00e9pocas interm\u00e9dias<\/strong> que oferecem um equil\u00edbrio favor\u00e1vel entre bom tempo e menos multid\u00f5es. Estas decorrem<strong> de meados de abril at\u00e9 junho<\/strong> e<strong> de novembro at\u00e9 meados de dezembro<\/strong>.&nbsp;<\/p>\n\n\n\n<p>Durante estas \u00e9pocas, pode geralmente esperar<strong> menos dias de chuva <\/strong>e muito sol. Isto \u00e9 especialmente vantajoso se chegar de cruzeiro, pois haver\u00e1 menos pessoas nos portos.&nbsp;<\/p>\n\n\n\n<p>O per\u00edodo de novembro at\u00e9 meados de dezembro oferece condi\u00e7\u00f5es especialmente favor\u00e1veis \u2014 a chuva diminui, os hot\u00e9is terminam as renova\u00e7\u00f5es,&nbsp; e tanto as praias como os portos permanecem menos congestionados, uma vez que a maioria dos turistas adia as f\u00e9rias para o per\u00edodo do Natal e do Ano Novo.&nbsp;<\/p>\n\n\n\n<h3 class=\"wp-block-heading\"><strong>Despesas detalhadas<\/strong><\/h3>\n\n\n\n<p>Os pre\u00e7os durante as \u00e9pocas de maior aflu\u00eancia tur\u00edstica podem disparar, especialmente no que diz respeito ao alojamento e \u00e0s viagens. Consulte a tabela abaixo para ver as diferen\u00e7as de pre\u00e7os que poder\u00e1 encontrar:<\/p>\n\n\n\n<figure class=\"wp-block-table\"><table class=\"has-fixed-layout\"><tbody><tr><td><strong>Item<\/strong><\/td><td><strong>Pre\u00e7o na \u00e9poca alta<\/strong><\/td><td><strong>Pre\u00e7o na \u00e9poca interm\u00e9dia<\/strong><\/td><td><strong>Pre\u00e7o na \u00e9poca baixa<\/strong><\/td><\/tr><tr><td>Ch\u00e1vena de caf\u00e9<\/td><td>3,50 \u20ac<\/td><td>2,20 \u20ac<\/td><td>2,20 \u20ac<\/td><\/tr><tr><td>Aluguer de carro (por dia)<\/td><td>51,00 \u2013 76,50 \u20ac<\/td><td>34,00 \u2013 51,00 \u20ac<\/td><td>25,50 \u2013 42,50 \u20ac<\/td><\/tr><tr><td>Hotel (op\u00e7\u00e3o econ\u00f3mica)<\/td><td>A partir de 102,00 \u20ac<\/td><td>A partir de 68,00 \u20ac<\/td><td>A partir de 51,00 \u20ac<\/td><\/tr><tr><td>Cerveja local<\/td><td>4,25 \u2013 6,00 \u20ac<\/td><td>2,60 \u20ac<\/td><td>2,60 \u20ac<\/td><\/tr><tr><td>Atra\u00e7\u00f5es (entrada)<\/td><td>127,50 \u20ac&nbsp; (por exemplo, nadar com golfinhos)<\/td><td>102,00 \u20ac(mesma atividade)<\/td><td>76,50 \u20ac (mesma atividade)<\/td><\/tr><\/tbody><\/table><\/figure>\n\n\n\n<h2 class=\"wp-block-heading\"><strong>Quantos dias s\u00e3o ideais para uma viagem \u00e0 Jamaica?<\/strong><\/h2>\n\n\n\n<p>Ao planear uma viagem \u00e0 Jamaica, <strong>10 dias \u00e9 o tempo ideal para uma experi\u00eancia completa<\/strong>. Esta dura\u00e7\u00e3o permite aproveitar o sol, explorar os principais pontos tur\u00edsticos e mergulhar na vibrante cultura local, tudo sem pressas.<\/p>\n\n\n\n<p>No entanto, se preferir uma viagem um pouco mais curta, um itiner\u00e1rio de uma semana pode, ainda assim, proporcionar uma experi\u00eancia bastante gratificante.<\/p>\n\n\n\n<ul class=\"wp-block-list\">\n<li><strong>Dia 1:<\/strong>\u00a0Chegada \u00e0 Jamaica e instala\u00e7\u00e3o no alojamento. Aproveite uma noite relaxante na praia.<\/li>\n\n\n\n<li><strong>Dia 2:<\/strong>\u00a0Explore Montego Bay, incluindo a Doctor's Cave Beach e passeie pela Hip Strip, ideal para compras e refei\u00e7\u00f5es.<\/li>\n\n\n\n<li><strong>Dia 3:<\/strong>\u00a0Fa\u00e7a uma excurs\u00e3o de um dia a Negril para visitar a Seven Mile Beach e assistir ao famoso p\u00f4r-do-sol no Rick's Caf\u00e9.<\/li>\n\n\n\n<li><strong>Dia 4:<\/strong>\u00a0Visite a Ocho Rios para ver as deslumbrantes Cataratas do Rio Dunn e explorar o mercado local.<\/li>\n\n\n\n<li><strong>Dia 5:<\/strong>\u00a0Desfrute de uma experi\u00eancia cultural visitando o Museu de Bob Marley em Kingston ou participando numa aula de culin\u00e1ria local.<\/li>\n\n\n\n<li><strong>Dia 6:\u00a0<\/strong>Passe um dia tranquilo em Port Antonio, a explorar a Lagoa Azul e a relaxar no Frenchman\u2019s Cove.<\/li>\n\n\n\n<li><strong>Dia 7:\u00a0<\/strong>Relaxe na sua est\u00e2ncia tur\u00edstica ou regresse ao seu local favorito, aproveitando os \u00faltimos momentos da sua escapadela jamaicana antes da partida.<\/li>\n<\/ul>\n\n\n\n<p>Este itiner\u00e1rio oferece uma combina\u00e7\u00e3o perfeita de relaxamento e aventura, permitindo-lhe desfrutar ao m\u00e1ximo da beleza e da cultura da Jamaica em apenas sete dias. Se tiver a possibilidade de prolongar a sua estadia para dez dias, poder\u00e1 explorar ainda mais e viver de forma mais completa tudo o que esta ilha tem para oferecer.<\/p>\n\n\n\n<h2 class=\"wp-block-heading\"><strong>O que levar na mala para uma viagem \u00e0 Jamaica?<\/strong><\/h2>\n\n\n\n<p>Fazer as malas de forma inteligente pode garantir uma viagem mais confort\u00e1vel e agrad\u00e1vel \u00e0 Jamaica. Aqui ficam algumas sugest\u00f5es do que deve levar:<\/p>\n\n\n\n<h3 class=\"wp-block-heading\"><strong>Roupas essenciais<\/strong><\/h3>\n\n\n\n<p>Ao fazer as malas para a Jamaica, \u00e9 importante escolher roupas que o <strong>mantenham confort\u00e1vel no clima tropical<\/strong>. Tecidos leves como o <strong>algod\u00e3o e o linho <\/strong>s\u00e3o a melhor op\u00e7\u00e3o, pois permitem a respirabilidade e ajudam a manter-se fresco no calor.<\/p>\n\n\n\n<p>\u00c9 recomend\u00e1vel levar pelo menos <strong>dois ou tr\u00eas fatos de banho <\/strong>para aproveitar ao m\u00e1ximo os dias na praia ou na piscina. Considere tamb\u00e9m incluir algumas pe\u00e7as leves para cobrir o corpo, como t\u00fanicas ou sarongues, ideais para facilitar a transi\u00e7\u00e3o entre um banho de sol, um almo\u00e7o \u00e0 beira-mar ou um passeio descontra\u00eddo pela praia.<\/p>\n\n\n\n<p>Al\u00e9m disso, \u00e9 aconselh\u00e1vel levar um <strong>casaco leve ou uma camisola<\/strong>. Embora o clima seja geralmente quente, as noites podem ser mais frias, especialmente perto da costa ou em altitudes mais elevadas.&nbsp;<\/p>\n\n\n\n<p>Se planeia jantar em restaurantes sofisticados ou participar em eventos especiais, vale a pena incluir algumas roupas mais elegantes na mala.&nbsp;<strong>Vestidos de ver\u00e3o leves ou vestidos casuais<\/strong> para mulheres e <strong>camisas de bot\u00f5es combinadas com cal\u00e7as ou cal\u00e7\u00f5es <\/strong>leves para homens, s\u00e3o \u00f3timas op\u00e7\u00f5es para elevar o visual sem comprometer o conforto.<\/p>\n\n\n\n<h3 class=\"wp-block-heading\"><strong>Cal\u00e7ado:&nbsp;<\/strong><\/h3>\n\n\n\n<p>Quanto ao cal\u00e7ado, <strong>sand\u00e1lias confort\u00e1veis<\/strong> devem estar no topo da sua lista de bagagem. Elas s\u00e3o perfeitas para passear pela praia, relaxar \u00e0 beira da piscina e desfrutar de passeios casuais no clima quente. Procure sand\u00e1lias com bom apoio para o arco do p\u00e9, pois isso pode fazer uma grande diferen\u00e7a no seu n\u00edvel de conforto ao caminhar em superf\u00edcies arenosas ou irregulares.<\/p>\n\n\n\n<p>Cal\u00e7ado resistente \u00e9 tamb\u00e9m essencial se planeia fazer caminhadas ou explorar os belos parques nacionais e terrenos rugosos da Jamaica. Opte por <strong>sapatos de caminhada leves ou t\u00e9nis de trilha<\/strong> que ofere\u00e7am boa ader\u00eancia, suporte para os tornozelos e respirabilidade, para manter os p\u00e9s frescos durante as suas aventuras.<\/p>\n\n\n\n<p>Se planeia nadar em zonas rochosas, n\u00e3o se esque\u00e7a de levar <strong>um par de sapatos aqu\u00e1ticos<\/strong>. Estes sapatos leves e de secagem r\u00e1pida proteger\u00e3o os seus p\u00e9s de pedras afiadas e corais, al\u00e9m de oferecerem a estabilidade necess\u00e1ria para entrar e sair da \u00e1gua.<\/p>\n\n\n\n<h3 class=\"wp-block-heading\"><strong>Acess\u00f3rios e outros artigos essenciais<\/strong><\/h3>\n\n\n\n<p>Ao fazer a mala para a sua viagem \u00e0 Jamaica, \u00e9 fundamental incluir os acess\u00f3rios e outros artigos essenciais que v\u00e3o aumentar o seu conforto e melhorar a experi\u00eancia geral. Aqui fica uma lista de coisas a considerar:<\/p>\n\n\n\n<ul class=\"wp-block-list\">\n<li><strong>\u00d3culos de sol:<\/strong>\u00a0Proteja os seus olhos do brilho do sol e dos raios UV enquanto desfruta do ar livre.<\/li>\n\n\n\n<li><strong>Chap\u00e9u ou bon\u00e9: \u00a0<\/strong>Um chap\u00e9u de aba larga ou bon\u00e9 oferece sombra e prote\u00e7\u00e3o extra contra o sol, ajudando a manter-se fresco e confort\u00e1vel.<\/li>\n\n\n\n<li><strong>Mochila leve ou saco de dia:<\/strong>\u00a0Ideal para transportar os seus itens essenciais durante passeios e excurs\u00f5es, mantendo as suas m\u00e3os livres.<\/li>\n\n\n\n<li><strong>Capa imperme\u00e1vel para telem\u00f3vel: <\/strong>\u00a0Fundamental para dias na praia ou atividades aqu\u00e1ticas, garantindo que o telem\u00f3vel se mant\u00e9m seguro e seco.<\/li>\n\n\n\n<li><strong>Toalha de praia:<\/strong>\u00a0Toalhas leves e de secagem r\u00e1pida facilitam o desfrute da praia ou da piscina sem levar objetos pesados.<\/li>\n\n\n\n<li><strong>Garrafa de \u00e1gua reutiliz\u00e1vel: \u00a0<\/strong>Manter-se hidratado \u00e9 importante com o calor, e uma garrafa reutiliz\u00e1vel \u00e9 pr\u00e1tica e amiga do ambiente.<\/li>\n\n\n\n<li><strong>Protetor solar:<\/strong>\u00a0Proteja a pele dos raios UV nocivos com um protetor solar amigo dos recifes, que \u00e9 melhor para o ambiente e a vida marinha.<\/li>\n\n\n\n<li><strong>Repelente de insetos:<\/strong>\u00a0Essencial para passeios noturnos ou para explorar \u00e1reas rurais, a fim de se proteger contra picadas de insetos.<\/li>\n\n\n\n<li><strong>Guarda-chuva de viagem ou capa imperme\u00e1vel: <\/strong>\u00a0Uma op\u00e7\u00e3o leve e f\u00e1cil de transportar pode ser muito \u00fatil em chuvas repentinas, especialmente na \u00e9poca das chuvas.<\/li>\n\n\n\n<li><strong>Kit de primeiros socorros: <\/strong>\u00a0Um kit b\u00e1sico pode ser \u00fatil para pequenos ferimentos e para estar preparado para pequenos acidentes.<\/li>\n\n\n\n<li><strong>Medicamentos:<\/strong>\u00a0Leve consigo quaisquer prescri\u00e7\u00f5es pessoais ou medicamentos de venda livre de que possa necessitar durante a sua viagem.<\/li>\n\n\n\n<li><strong>Carregadores:<\/strong>\u00a0Certifique-se de que os seus dispositivos est\u00e3o sempre carregados com carregadores adequados, incluindo op\u00e7\u00f5es port\u00e1teis para carregar em qualquer lugar.<\/li>\n\n\n\n<li><strong>Equipamento de snorkelling:<\/strong>\u00a0Se tiver o seu pr\u00f3prio equipamento, traga-o consigo para poder explorar espontaneamente o fundo do mar sem ter de pagar taxas de aluguer.<\/li>\n<\/ul>\n\n\n\n<p><strong>Os cidad\u00e3os portugueses precisam de um visto para a Jamaica?<\/strong><\/p>\n\n\n\n<p>Para os cidad\u00e3os portugueses que planeiam visitar a Jamaica, os requisitos de visto s\u00e3o bastante favor\u00e1veis. Os cidad\u00e3os portugueses <strong>n\u00e3o precisam de visto para visitar a Jamaica, desde que a estadia n\u00e3o ultrapasse 30 dias.<\/strong>&nbsp;<\/p>\n\n\n\n<p>\u00c9 importante garantir que o passaporte seja v\u00e1lido durante toda a estadia e, idealmente, que tenha pelo menos seis meses de validade ap\u00f3s a data de chegada.<\/p>\n\n\n\n<h2 class=\"wp-block-heading\"><strong>Principais operadoras de eSIM na Jamaica<\/strong><\/h2>\n\n\n\n<p>Manter-se ligado durante a viagem na Jamaica \u00e9 fundamental para navegar, partilhar experi\u00eancias e manter o contacto com familiares e amigos. Utilizar um eSIM pode ser uma excelente op\u00e7\u00e3o para viajantes, oferecendo conveni\u00eancia sem a necessidade de usar cart\u00f5es SIM f\u00edsicos.&nbsp;<\/p>\n\n\n\n<p>Aqui est\u00e3o tr\u00eas das <a href=\"https:\/\/myroami.com\/pt\/melhor-esim-fornecedores\/\">principais operadoras de eSIM<\/a> na Jamaica a considerar:<\/p>\n\n\n\n<h3 class=\"wp-block-heading\"><strong>Holafly<\/strong><\/h3>\n\n\n\n<figure data-wp-context=\"{&quot;imageId&quot;:&quot;69f1e641aad9c&quot;}\" data-wp-interactive=\"core\/image\" data-wp-key=\"69f1e641aad9c\" class=\"wp-block-image size-large wp-lightbox-container\"><img loading=\"lazy\" decoding=\"async\" width=\"1024\" height=\"475\" data-wp-class--hide=\"state.isContentHidden\" data-wp-class--show=\"state.isContentVisible\" data-wp-init=\"callbacks.setButtonStyles\" data-wp-on--click=\"actions.showLightbox\" data-wp-on--load=\"callbacks.setButtonStyles\" data-wp-on-window--resize=\"callbacks.setButtonStyles\" src=\"https:\/\/myroami.com\/pt\/wp-content\/uploads\/sites\/41\/2025\/09\/holafly-esim-jamaica-1024x475.png\" alt=\"Holafly eSIM Jamaica\" class=\"wp-image-72402\" srcset=\"https:\/\/myroami.com\/pt\/wp-content\/uploads\/sites\/41\/2025\/09\/holafly-esim-jamaica-1024x475.png 1024w, https:\/\/myroami.com\/pt\/wp-content\/uploads\/sites\/41\/2025\/09\/holafly-esim-jamaica-300x139.png 300w, https:\/\/myroami.com\/pt\/wp-content\/uploads\/sites\/41\/2025\/09\/holafly-esim-jamaica-768x356.png 768w, https:\/\/myroami.com\/pt\/wp-content\/uploads\/sites\/41\/2025\/09\/holafly-esim-jamaica.png 1505w\" sizes=\"auto, (max-width: 1024px) 100vw, 1024px\" \/><button\n\t\t\tclass=\"lightbox-trigger\"\n\t\t\ttype=\"button\"\n\t\t\taria-haspopup=\"dialog\"\n\t\t\taria-label=\"Ampliar\"\n\t\t\tdata-wp-init=\"callbacks.initTriggerButton\"\n\t\t\tdata-wp-on--click=\"actions.showLightbox\"\n\t\t\tdata-wp-style--right=\"state.imageButtonRight\"\n\t\t\tdata-wp-style--top=\"state.imageButtonTop\"\n\t\t>\n\t\t\t<svg xmlns=\"http:\/\/www.w3.org\/2000\/svg\" width=\"12\" height=\"12\" fill=\"none\" viewBox=\"0 0 12 12\">\n\t\t\t\t<path fill=\"#fff\" d=\"M2 0a2 2 0 0 0-2 2v2h1.5V2a.5.5 0 0 1 .5-.5h2V0H2Zm2 10.5H2a.5.5 0 0 1-.5-.5V8H0v2a2 2 0 0 0 2 2h2v-1.5ZM8 12v-1.5h2a.5.5 0 0 0 .5-.5V8H12v2a2 2 0 0 1-2 2H8Zm2-12a2 2 0 0 1 2 2v2h-1.5V2a.5.5 0 0 0-.5-.5H8V0h2Z\" \/>\n\t\t\t<\/svg>\n\t\t<\/button><\/figure>\n\n\n\n<p>A <a href=\"https:\/\/myroami.com\/pt\/esim\/esim-holafly\/\">Holafly<\/a> oferece planos de dados ilimitados especificamente concebidos para viajantes. O eSIM deles funciona perfeitamente por toda a ilha, sendo ideal para turistas que querem manter-se ligados sem se preocuparem com o esgotamento dos dados.\u00a0<\/p>\n\n\n\n<p>O processo de configura\u00e7\u00e3o \u00e9 simples, e pode ativar o seu eSIM assim que chegar \u00e0 Jamaica, garantindo que est\u00e1 pronto para usar.<\/p>\n\n\n\n<ul class=\"wp-block-list\">\n<li><strong>Vantagens:<\/strong>\u00a0Dados ilimitados, configura\u00e7\u00e3o f\u00e1cil, apoio ao cliente 24 horas por dia, 7 dias por semana.<\/li>\n\n\n\n<li><strong>Desvantagens:<\/strong>\u00a0Os dados ilimitados n\u00e3o podem ser partilhados<\/li>\n<\/ul>\n\n\n\n<h3 class=\"wp-block-heading\"><strong>Maya Mobile<\/strong><\/h3>\n\n\n\n<figure data-wp-context=\"{&quot;imageId&quot;:&quot;69f1e641ab57c&quot;}\" data-wp-interactive=\"core\/image\" data-wp-key=\"69f1e641ab57c\" class=\"wp-block-image size-large wp-lightbox-container\"><img loading=\"lazy\" decoding=\"async\" width=\"1024\" height=\"518\" data-wp-class--hide=\"state.isContentHidden\" data-wp-class--show=\"state.isContentVisible\" data-wp-init=\"callbacks.setButtonStyles\" data-wp-on--click=\"actions.showLightbox\" data-wp-on--load=\"callbacks.setButtonStyles\" data-wp-on-window--resize=\"callbacks.setButtonStyles\" src=\"https:\/\/myroami.com\/pt\/wp-content\/uploads\/sites\/41\/2025\/09\/maya-mobile-esim-jamaica-1024x518.png\" alt=\"Maya Mobile eSIM Jamaica\" class=\"wp-image-72408\" srcset=\"https:\/\/myroami.com\/pt\/wp-content\/uploads\/sites\/41\/2025\/09\/maya-mobile-esim-jamaica-1024x518.png 1024w, https:\/\/myroami.com\/pt\/wp-content\/uploads\/sites\/41\/2025\/09\/maya-mobile-esim-jamaica-300x152.png 300w, https:\/\/myroami.com\/pt\/wp-content\/uploads\/sites\/41\/2025\/09\/maya-mobile-esim-jamaica-768x389.png 768w, https:\/\/myroami.com\/pt\/wp-content\/uploads\/sites\/41\/2025\/09\/maya-mobile-esim-jamaica.png 1341w\" sizes=\"auto, (max-width: 1024px) 100vw, 1024px\" \/><button\n\t\t\tclass=\"lightbox-trigger\"\n\t\t\ttype=\"button\"\n\t\t\taria-haspopup=\"dialog\"\n\t\t\taria-label=\"Ampliar\"\n\t\t\tdata-wp-init=\"callbacks.initTriggerButton\"\n\t\t\tdata-wp-on--click=\"actions.showLightbox\"\n\t\t\tdata-wp-style--right=\"state.imageButtonRight\"\n\t\t\tdata-wp-style--top=\"state.imageButtonTop\"\n\t\t>\n\t\t\t<svg xmlns=\"http:\/\/www.w3.org\/2000\/svg\" width=\"12\" height=\"12\" fill=\"none\" viewBox=\"0 0 12 12\">\n\t\t\t\t<path fill=\"#fff\" d=\"M2 0a2 2 0 0 0-2 2v2h1.5V2a.5.5 0 0 1 .5-.5h2V0H2Zm2 10.5H2a.5.5 0 0 1-.5-.5V8H0v2a2 2 0 0 0 2 2h2v-1.5ZM8 12v-1.5h2a.5.5 0 0 0 .5-.5V8H12v2a2 2 0 0 1-2 2H8Zm2-12a2 2 0 0 1 2 2v2h-1.5V2a.5.5 0 0 0-.5-.5H8V0h2Z\" \/>\n\t\t\t<\/svg>\n\t\t<\/button><\/figure>\n\n\n\n<p>A Maya Mobile \u00e9 especializada em planos de dados de curta dura\u00e7\u00e3o, pensados para visitantes que procuram flexibilidade. Oferecem v\u00e1rias op\u00e7\u00f5es de dados, permitindo que os viajantes escolham conforme as suas necessidades espec\u00edficas. O eSIM pode ser ativado imediatamente ap\u00f3s a compra, e o atendimento ao cliente \u00e9 reconhecido por ser especialmente \u00fatil para turistas.<\/p>\n\n\n\n<ul class=\"wp-block-list\">\n<li><strong>Vantagens:<\/strong>\u00a0Ativa\u00e7\u00e3o f\u00e1cil, hotspotting permitido<\/li>\n\n\n\n<li><strong>Desvantagens:<\/strong>\u00a0Disponibilidade limitada de conectividade 5G, sem aplica\u00e7\u00e3o<\/li>\n<\/ul>\n\n\n\n<h3 class=\"wp-block-heading\"><strong>Airalo<\/strong><\/h3>\n\n\n\n<figure data-wp-context=\"{&quot;imageId&quot;:&quot;69f1e641abc28&quot;}\" data-wp-interactive=\"core\/image\" data-wp-key=\"69f1e641abc28\" class=\"wp-block-image size-large wp-lightbox-container\"><img loading=\"lazy\" decoding=\"async\" width=\"1024\" height=\"566\" data-wp-class--hide=\"state.isContentHidden\" data-wp-class--show=\"state.isContentVisible\" data-wp-init=\"callbacks.setButtonStyles\" data-wp-on--click=\"actions.showLightbox\" data-wp-on--load=\"callbacks.setButtonStyles\" data-wp-on-window--resize=\"callbacks.setButtonStyles\" src=\"https:\/\/myroami.com\/pt\/wp-content\/uploads\/sites\/41\/2025\/09\/airalo-esim-jamaica-1024x566.png\" alt=\"Airalo eSIM Jamaica\" class=\"wp-image-72405\" srcset=\"https:\/\/myroami.com\/pt\/wp-content\/uploads\/sites\/41\/2025\/09\/airalo-esim-jamaica-1024x566.png 1024w, https:\/\/myroami.com\/pt\/wp-content\/uploads\/sites\/41\/2025\/09\/airalo-esim-jamaica-300x166.png 300w, https:\/\/myroami.com\/pt\/wp-content\/uploads\/sites\/41\/2025\/09\/airalo-esim-jamaica-768x425.png 768w, https:\/\/myroami.com\/pt\/wp-content\/uploads\/sites\/41\/2025\/09\/airalo-esim-jamaica.png 1237w\" sizes=\"auto, (max-width: 1024px) 100vw, 1024px\" \/><button\n\t\t\tclass=\"lightbox-trigger\"\n\t\t\ttype=\"button\"\n\t\t\taria-haspopup=\"dialog\"\n\t\t\taria-label=\"Ampliar\"\n\t\t\tdata-wp-init=\"callbacks.initTriggerButton\"\n\t\t\tdata-wp-on--click=\"actions.showLightbox\"\n\t\t\tdata-wp-style--right=\"state.imageButtonRight\"\n\t\t\tdata-wp-style--top=\"state.imageButtonTop\"\n\t\t>\n\t\t\t<svg xmlns=\"http:\/\/www.w3.org\/2000\/svg\" width=\"12\" height=\"12\" fill=\"none\" viewBox=\"0 0 12 12\">\n\t\t\t\t<path fill=\"#fff\" d=\"M2 0a2 2 0 0 0-2 2v2h1.5V2a.5.5 0 0 1 .5-.5h2V0H2Zm2 10.5H2a.5.5 0 0 1-.5-.5V8H0v2a2 2 0 0 0 2 2h2v-1.5ZM8 12v-1.5h2a.5.5 0 0 0 .5-.5V8H12v2a2 2 0 0 1-2 2H8Zm2-12a2 2 0 0 1 2 2v2h-1.5V2a.5.5 0 0 0-.5-.5H8V0h2Z\" \/>\n\t\t\t<\/svg>\n\t\t<\/button><\/figure>\n\n\n\n<p>A <a href=\"https:\/\/myroami.com\/pt\/esim\/esim-airalo\/\">Airalo<\/a> oferece uma grande variedade de planos de dados, permitindo aos viajantes escolher op\u00e7\u00f5es conforme o seu uso previsto de dados. Oferecem pacotes pr\u00e9-pagos e planos maiores para quem utiliza muitos dados.<\/p>\n\n\n\n<ul class=\"wp-block-list\">\n<li><strong>Vantagens:<\/strong>\u00a0F\u00e1cil de ativar, ideal durante viagens a v\u00e1rios pa\u00edses.<\/li>\n\n\n\n<li><strong>Desvantagens:<\/strong>\u00a0Velocidade lenta em \u00e1reas remotas, op\u00e7\u00f5es de reembolso limitadas.<\/li>\n<\/ul>\n\n\n\n<p>Abaixo, est\u00e1 uma tabela que compara os planos e pre\u00e7os das tr\u00eas operadoras&nbsp; eSIM mencionadas.<\/p>\n\n\n\n<figure class=\"wp-block-table\"><table class=\"has-fixed-layout\"><tbody><tr><td><strong>Operadora<\/strong><\/td><td><strong>Planos<\/strong><\/td><td><strong>Pre\u00e7os<\/strong><\/td><\/tr><tr><td><strong>Holafly<\/strong><\/td><td>Dados ilimitados<\/td><td>De 10,00 \u20ac a 54,50 \u20ac<\/td><\/tr><tr><td><strong>Maya Mobile<\/strong><\/td><td>1 GB, 3 GB, 5 GB, 10 GB, 20 GB<\/td><td>De 6,00 \u20ac a 60,50 \u20ac<\/td><\/tr><tr><td><strong>Airalo<\/strong><\/td><td>1 GB, 2 GB, 3 GB, 5 GB, 10 GB, 20 GB<\/td><td>De 7,50 \u20ac a 38,25 \u20ac<\/td><\/tr><\/tbody><\/table><\/figure>\n","protected":false},"excerpt":{"rendered":"<p>Entre praias de areia branca, ritmos de reggae e paisagens tropicais, a Jamaica encanta em qualquer altura do ano. Descubra neste guia qual \u00e9 a melhor \u00e9poca para visitar a ilha, aproveitando o clima ideal, os eventos culturais e as melhores dicas de viagem.<\/p>\n","protected":false},"author":182,"featured_media":72396,"comment_status":"closed","ping_status":"closed","sticky":false,"template":"","format":"standard","meta":{"_acf_changed":false,"footnotes":""},"categories":[189],"tags":[],"class_list":["post-72395","post","type-post","status-publish","format-standard","has-post-thumbnail","hentry","category-guias-viagens"],"acf":[],"yoast_head":"<title>Melhor altura para ir \u00e0 Jamaica 2025 \u2013 dicas de viagem<\/title>\n<meta name=\"description\" content=\"A melhor altura para visitar a Jamaica \u00e9 de dezembro a abril. Clima seco, praias paradis\u00edacas e muitos eventos culturais. Descubra mais!\" \/>\n<meta name=\"robots\" content=\"index, follow, max-snippet:-1, max-image-preview:large, max-video-preview:-1\" \/>\n<link rel=\"canonical\" href=\"https:\/\/myroami.com\/pt\/guias-viagens\/melhor-altura-para-ir-a-jamaica\/\" \/>\n<meta property=\"og:locale\" content=\"pt_PT\" \/>\n<meta property=\"og:type\" content=\"article\" \/>\n<meta property=\"og:title\" content=\"Melhor altura para ir \u00e0 Jamaica 2025 \u2013 dicas de viagem\" \/>\n<meta property=\"og:description\" content=\"A melhor altura para visitar a Jamaica \u00e9 de dezembro a abril. Clima seco, praias paradis\u00edacas e muitos eventos culturais. Descubra mais!\" \/>\n<meta property=\"og:url\" content=\"https:\/\/myroami.com\/pt\/guias-viagens\/melhor-altura-para-ir-a-jamaica\/\" \/>\n<meta property=\"og:site_name\" content=\"Roami - PT\" \/>\n<meta property=\"article:published_time\" content=\"2025-09-06T17:22:47+00:00\" \/>\n<meta property=\"article:modified_time\" content=\"2025-09-06T17:22:48+00:00\" \/>\n<meta property=\"og:image\" content=\"https:\/\/myroami.com\/pt\/wp-content\/uploads\/sites\/41\/2025\/09\/melhor-altura-jamaica-praias-tropicais.png\" \/>\n\t<meta property=\"og:image:width\" content=\"502\" \/>\n\t<meta property=\"og:image:height\" content=\"335\" \/>\n\t<meta property=\"og:image:type\" content=\"image\/png\" \/>\n<meta name=\"author\" content=\"Vukasin Petrovic\" \/>\n<meta name=\"twitter:card\" content=\"summary_large_image\" \/>\n<meta name=\"twitter:label1\" content=\"Escrito por\" \/>\n\t<meta name=\"twitter:data1\" content=\"Vukasin Petrovic\" \/>\n\t<meta name=\"twitter:label2\" content=\"Tempo estimado de leitura\" \/>\n\t<meta name=\"twitter:data2\" content=\"15 minutos\" \/>","yoast_head_json":{"title":"Melhor altura para ir \u00e0 Jamaica 2025 \u2013 dicas de viagem","description":"A melhor altura para visitar a Jamaica \u00e9 de dezembro a abril. Clima seco, praias paradis\u00edacas e muitos eventos culturais. Descubra mais!","robots":{"index":"index","follow":"follow","max-snippet":"max-snippet:-1","max-image-preview":"max-image-preview:large","max-video-preview":"max-video-preview:-1"},"canonical":"https:\/\/myroami.com\/pt\/guias-viagens\/melhor-altura-para-ir-a-jamaica\/","og_locale":"pt_PT","og_type":"article","og_title":"Melhor altura para ir \u00e0 Jamaica 2025 \u2013 dicas de viagem","og_description":"A melhor altura para visitar a Jamaica \u00e9 de dezembro a abril. Clima seco, praias paradis\u00edacas e muitos eventos culturais. Descubra mais!","og_url":"https:\/\/myroami.com\/pt\/guias-viagens\/melhor-altura-para-ir-a-jamaica\/","og_site_name":"Roami - PT","article_published_time":"2025-09-06T17:22:47+00:00","article_modified_time":"2025-09-06T17:22:48+00:00","og_image":[{"width":502,"height":335,"url":"https:\/\/myroami.com\/pt\/wp-content\/uploads\/sites\/41\/2025\/09\/melhor-altura-jamaica-praias-tropicais.png","type":"image\/png"}],"author":"Vukasin Petrovic","twitter_card":"summary_large_image","twitter_misc":{"Escrito por":"Vukasin Petrovic","Tempo estimado de leitura":"15 minutos"},"schema":{"@context":"https:\/\/schema.org","@graph":[{"@context":"https:\/\/schema.org","@type":"BreadcrumbList","@id":"https:\/\/myroami.com\/pt\/guias-viagens\/melhor-altura-para-ir-a-jamaica\/#breadcrumb","itemListElement":[{"@type":"ListItem","position":1,"item":{"@type":"WebPage","@id":"https:\/\/myroami.com\/pt\/","url":"https:\/\/myroami.com\/pt\/","name":"Home"}}]}]}},"_links":{"self":[{"href":"https:\/\/myroami.com\/pt\/wp-json\/wp\/v2\/posts\/72395","targetHints":{"allow":["GET"]}}],"collection":[{"href":"https:\/\/myroami.com\/pt\/wp-json\/wp\/v2\/posts"}],"about":[{"href":"https:\/\/myroami.com\/pt\/wp-json\/wp\/v2\/types\/post"}],"author":[{"embeddable":true,"href":"https:\/\/myroami.com\/pt\/wp-json\/wp\/v2\/users\/182"}],"replies":[{"embeddable":true,"href":"https:\/\/myroami.com\/pt\/wp-json\/wp\/v2\/comments?post=72395"}],"version-history":[{"count":3,"href":"https:\/\/myroami.com\/pt\/wp-json\/wp\/v2\/posts\/72395\/revisions"}],"predecessor-version":[{"id":72417,"href":"https:\/\/myroami.com\/pt\/wp-json\/wp\/v2\/posts\/72395\/revisions\/72417"}],"wp:featuredmedia":[{"embeddable":true,"href":"https:\/\/myroami.com\/pt\/wp-json\/wp\/v2\/media\/72396"}],"wp:attachment":[{"href":"https:\/\/myroami.com\/pt\/wp-json\/wp\/v2\/media?parent=72395"}],"wp:term":[{"taxonomy":"category","embeddable":true,"href":"https:\/\/myroami.com\/pt\/wp-json\/wp\/v2\/categories?post=72395"},{"taxonomy":"post_tag","embeddable":true,"href":"https:\/\/myroami.com\/pt\/wp-json\/wp\/v2\/tags?post=72395"}],"curies":[{"name":"wp","href":"https:\/\/api.w.org\/{rel}","templated":true}]}}