{"id":72519,"date":"2025-09-07T13:07:48","date_gmt":"2025-09-07T13:07:48","guid":{"rendered":"https:\/\/myroami.com\/pt\/?p=72519"},"modified":"2025-09-07T13:08:43","modified_gmt":"2025-09-07T13:08:43","slug":"melhor-altura-para-ir-a-espanha","status":"publish","type":"post","link":"https:\/\/myroami.com\/pt\/guias-viagens\/melhor-altura-para-ir-a-espanha\/","title":{"rendered":"Qual \u00e9 a melhor altura para visitar Espanha?"},"content":{"rendered":"\n<p>A Espanha \u00e9 um dos destinos tur\u00edsticos mais populares da Europa, conhecida pelas suas cidades vibrantes, praias deslumbrantes, rica heran\u00e7a hist\u00f3rica e gastronomia de renome mundial.&nbsp;<\/p>\n\n\n\n<p>Em 2024, foi o <strong>segundo pa\u00eds mais visitado do mundo<\/strong>, recebendo cerca de <a href=\"https:\/\/apnews.com\/article\/spain-tourism-record-housing-crisis-c9ef4af335ac6194dc4a71f73c4af4eb\">94 milh\u00f5es de turistas internacionais<\/a>.&nbsp;<\/p>\n\n\n\n<p>Quer esteja a planear participar em festivais culturais, relaxar nas praias do Mediterr\u00e2neo ou explorar locais hist\u00f3ricos, saber qual a melhor altura para visitar Espanha ajud\u00e1-lo-\u00e1 a tirar o m\u00e1ximo proveito da sua viagem.<\/p>\n\n\n\n<h2 class=\"wp-block-heading\"><strong>Qual \u00e9 a melhor altura para ir a Espanha?<\/strong><\/h2>\n\n\n\n<p>A melhor altura para visitar Espanha \u00e9 <strong>durante a primavera (mar\u00e7o a maio) e <\/strong>o <strong>outono (setembro a novembro)<\/strong>, quando o clima \u00e9 agrad\u00e1vel e h\u00e1 menos agita\u00e7\u00e3o tur\u00edstica.&nbsp;<\/p>\n\n\n\n<figure data-wp-context=\"{&quot;imageId&quot;:&quot;69f1d530d407d&quot;}\" data-wp-interactive=\"core\/image\" data-wp-key=\"69f1d530d407d\" class=\"wp-block-image size-large wp-lightbox-container\"><img loading=\"lazy\" decoding=\"async\" width=\"1024\" height=\"576\" data-wp-class--hide=\"state.isContentHidden\" data-wp-class--show=\"state.isContentVisible\" data-wp-init=\"callbacks.setButtonStyles\" data-wp-on--click=\"actions.showLightbox\" data-wp-on--load=\"callbacks.setButtonStyles\" data-wp-on-window--resize=\"callbacks.setButtonStyles\" src=\"https:\/\/myroami.com\/pt\/wp-content\/uploads\/sites\/41\/2025\/09\/espanha-melhor-altura-primavera-outono-1024x576.png\" alt=\"melhor altura para visitar Espanha \u2013 primavera e outono\" class=\"wp-image-72522\" srcset=\"https:\/\/myroami.com\/pt\/wp-content\/uploads\/sites\/41\/2025\/09\/espanha-melhor-altura-primavera-outono-1024x576.png 1024w, https:\/\/myroami.com\/pt\/wp-content\/uploads\/sites\/41\/2025\/09\/espanha-melhor-altura-primavera-outono-300x169.png 300w, https:\/\/myroami.com\/pt\/wp-content\/uploads\/sites\/41\/2025\/09\/espanha-melhor-altura-primavera-outono-768x432.png 768w, https:\/\/myroami.com\/pt\/wp-content\/uploads\/sites\/41\/2025\/09\/espanha-melhor-altura-primavera-outono.png 1365w\" sizes=\"auto, (max-width: 1024px) 100vw, 1024px\" \/><button\n\t\t\tclass=\"lightbox-trigger\"\n\t\t\ttype=\"button\"\n\t\t\taria-haspopup=\"dialog\"\n\t\t\taria-label=\"Ampliar\"\n\t\t\tdata-wp-init=\"callbacks.initTriggerButton\"\n\t\t\tdata-wp-on--click=\"actions.showLightbox\"\n\t\t\tdata-wp-style--right=\"state.imageButtonRight\"\n\t\t\tdata-wp-style--top=\"state.imageButtonTop\"\n\t\t>\n\t\t\t<svg xmlns=\"http:\/\/www.w3.org\/2000\/svg\" width=\"12\" height=\"12\" fill=\"none\" viewBox=\"0 0 12 12\">\n\t\t\t\t<path fill=\"#fff\" d=\"M2 0a2 2 0 0 0-2 2v2h1.5V2a.5.5 0 0 1 .5-.5h2V0H2Zm2 10.5H2a.5.5 0 0 1-.5-.5V8H0v2a2 2 0 0 0 2 2h2v-1.5ZM8 12v-1.5h2a.5.5 0 0 0 .5-.5V8H12v2a2 2 0 0 1-2 2H8Zm2-12a2 2 0 0 1 2 2v2h-1.5V2a.5.5 0 0 0-.5-.5H8V0h2Z\" \/>\n\t\t\t<\/svg>\n\t\t<\/button><\/figure>\n\n\n\n<p>No entanto, se procura f\u00e9rias de praia, o ver\u00e3o (junho a agosto) oferece temperaturas quentes e um ambiente animado nas zonas costeiras. Por sua vez, o inverno (dezembro a fevereiro) \u00e9 ideal para viver o ambiente festivo de Espanha, especialmente em cidades como Madrid e Sevilha.<\/p>\n\n\n\n<p>Cada esta\u00e7\u00e3o do ano em Espanha oferece algo \u00fanico, por isso, aqui est\u00e1 um resumo para ajud\u00e1-lo a escolher o melhor per\u00edodo, de acordo com os seus interesses:<\/p>\n\n\n\n<h3 class=\"wp-block-heading\"><strong>Primavera (Mar\u00e7o\u2013Maio)<\/strong><\/h3>\n\n\n\n<p>As temperaturas em Espanha variam entre os 11\u202f\u00b0C e os 22\u202f\u00b0C (52\u202f\u00b0F a 72\u202f\u00b0F), o que faz da primavera a esta\u00e7\u00e3o ideal para passeios tur\u00edsticos e atividades ao ar livre. Embora mar\u00e7o possa come\u00e7ar com temperaturas mais frescas, em maio cidades como Sevilha e Val\u00eancia j\u00e1 come\u00e7am a aquecer.<\/p>\n\n\n\n<p>\u00c0 medida que o pa\u00eds floresce, o ambiente torna-se animado, <strong>mas sem grandes multid\u00f5es.<\/strong> \u00c9 tamb\u00e9m a \u00e9poca de muitos festivais, como a <em>Semana Santa<\/em>, celebrada por todo a Espanha.<\/p>\n\n\n\n<h3 class=\"wp-block-heading\"><strong>Melhores lugares para visitar na primavera<\/strong><\/h3>\n\n\n\n<p>A primavera \u00e9 a altura perfeita para explorar Espanha, com um clima ameno e festivais vibrantes. Aqui est\u00e3o alguns dos principais locais a visitar:<\/p>\n\n\n\n<ul class=\"wp-block-list\">\n<li><strong>Sevilha <\/strong>\u2013 Famosa pela <em>Feria de Abril<\/em>, um festival de uma semana repleto de flamenco, tapas e cultura tradicional andaluza.<\/li>\n\n\n\n<li>Val\u00eancia \u2013\u00a0 Sede de <em>Las Fallas<\/em>, em mar\u00e7o, onde enormes <a href=\"https:\/\/www.thesprucecrafts.com\/what-is-papier-mache-4777182\">esculturas de papel mach\u00e9<\/a> s\u00e3o incendiadas numa celebra\u00e7\u00e3o espetacular.<\/li>\n\n\n\n<li><strong>Madrid <\/strong>\u2013 Ideal para explorar pontos tur\u00edsticos como o Museu do Prado e o Parque do Retiro antes da chegada do calor do ver\u00e3o.<\/li>\n\n\n\n<li><strong>Vilas Brancas da Andaluzia <\/strong>\u2013 As colinas ondulantes e as vilas pitorescas tornam-se especialmente bonitas na primavera.<\/li>\n<\/ul>\n\n\n\n<h3 class=\"wp-block-heading\"><strong>Ver\u00e3o (Junho-Agosto)<\/strong><\/h3>\n\n\n\n<p>O ver\u00e3o em Espanha \u00e9 quente, especialmente nas cidades do interior, como Madrid e Sevilha, onde as temperaturas podem atingir os <strong>35\u202f\u00b0C (95\u202f\u00b0F) ou mais. <\/strong>&nbsp;Os destinos costeiros, como a Costa del Sol e as Ilhas Baleares, oferecem um ref\u00fagio refrescante, com temperaturas que variam entre os 25\u202f\u00b0C e os 30\u202f\u00b0C (77\u202f\u00b0F a 86\u202f\u00b0F).<\/p>\n\n\n\n<p>Esta \u00e9 a <strong>\u00e9poca alta para f\u00e9rias na praia e vida noturna animada<\/strong>, especialmente em Ibiza e Barcelona. No entanto, \u00e9 tamb\u00e9m a \u00e9poca mais movimentada e cara para visitar, pelo que \u00e9 recomend\u00e1vel reservar alojamento com anteced\u00eancia.<\/p>\n\n\n\n<h3 class=\"wp-block-heading\"><strong>Melhores lugares para visitar no ver\u00e3o<\/strong><\/h3>\n\n\n\n<p>O ver\u00e3o em Espanha significa desfrutar do clima quente, dos festivais animados e das deslumbrantes zonas costeiras. Estes destinos s\u00e3o perfeitos para umas f\u00e9rias de ver\u00e3o:<\/p>\n\n\n\n<ul class=\"wp-block-list\">\n<li><strong>Ilhas Baleares (Ibiza, Maiorca, Menorca) <\/strong>\u2013 Conhecidas pelas suas praias incr\u00edveis, vida noturna vibrante e ambiente descontra\u00eddo do Mediterr\u00e2neo.<\/li>\n\n\n\n<li><strong>Costa Brava<\/strong> \u2013 Menos movimentada que as costa do sul, com enseadas bonitas e aldeias encantadoras como Cadaqu\u00e9s.<\/li>\n\n\n\n<li><strong>San Sebasti\u00e1n<\/strong> \u2013 Um \u00f3timo ref\u00fagio de ver\u00e3o no norte, com temperaturas mais frescas, excelente gastronomia e praias de areia fina.<\/li>\n\n\n\n<li><strong>Pamplona<\/strong> \u2013 Local da famosa corrida de touros (San Ferm\u00edn), que acontece em julho.<\/li>\n<\/ul>\n\n\n\n<h3 class=\"wp-block-heading\"><strong>Outono (Setembro\u2013Novembro)<\/strong><\/h3>\n\n\n\n<p>As temperaturas variam entre os 14\u202f\u00b0C e os 25\u202f\u00b0C (57\u202f\u00b0F a 77\u202f\u00b0F), com setembro ainda a apresentar um clima semelhante ao do ver\u00e3o em muitas regi\u00f5es. \u00c0 medida que o tempo come\u00e7a a arrefecer, o outono torna-se uma excelente altura para explorar as regi\u00f5es vin\u00edcolas da Espanha, como La Rioja, e participar nos tradicionais festivais das vindimas.<\/p>\n\n\n\n<p>As multid\u00f5es do ver\u00e3o come\u00e7am a diminuir, tornando esta \u00e9poca ideal para passear pelas principais cidades sem o calor intenso. Eventos como o Festival de La Merc\u00e8, em Barcelona, acrescentam ainda um entusiasmo cultural \u00e0 esta\u00e7\u00e3o.<\/p>\n\n\n\n<h3 class=\"wp-block-heading\"><strong>Melhores lugares para visitar no outono<\/strong><\/h3>\n\n\n\n<p>O outono traz um clima mais fresco, menos multid\u00f5es e paisagens deslumbrantes, sendo uma excelente altura para explorar Espanha. Aqui est\u00e3o alguns dos principais locais a visitar durante esta esta\u00e7\u00e3o:<\/p>\n\n\n\n<ul class=\"wp-block-list\">\n<li><strong>La Rioja e Ribera del Duero<\/strong> \u2013 Ideal para os amantes de vinho, j\u00e1 que setembro e outubro marcam a \u00e9poca das vindimas.<\/li>\n\n\n\n<li><strong>Barcelona <\/strong>\u2013 Aproveite as praias da cidade com menos gente e participe no Festival La Merc\u00e8, que decorre em setembro.<\/li>\n\n\n\n<li><strong>Madrid<\/strong> \u2013 As temperaturas mais amenas tornam a capital ideal para visitar museus, mercados e locais hist\u00f3ricos.<\/li>\n\n\n\n<li><strong>Granada <\/strong>\u2013 A Alhambra brilha sob a luz dourada do outono e a cidade apresenta-se menos movimentada.<\/li>\n<\/ul>\n\n\n\n<h3 class=\"wp-block-heading\"><strong>Inverno (Dezembro\u2013Fevereiro)<\/strong><\/h3>\n\n\n\n<p>O inverno em Espanha \u00e9 relativamente ameno quando comparado com outros destinos europeus, com temperaturas que variam entre os<strong> 2\u202f\u00b0C e os 16\u202f\u00b0C (36\u202f\u00b0F a 61\u202f\u00b0F) <\/strong>na maioria das regi\u00f5es. As Ilhas Can\u00e1rias desfrutam de um clima de inverno especialmente agrad\u00e1vel, com temperaturas frequentemente acima dos 15\u00b0C (59\u00b0F), o que as torna um \u00f3timo ref\u00fagio para quem procura temperaturas mais quentes.&nbsp;<\/p>\n\n\n\n<p>No entanto, regi\u00f5es do norte, como os Piren\u00e9us e a Serra Nevada, oferecem<strong> excelentes condi\u00e7\u00f5es para a pr\u00e1tica de esqui.<\/strong> Cidades como Sevilha ganham vida com luzes festivas e mercados de Natal, criando uma atmosfera m\u00e1gica.&nbsp;<\/p>\n\n\n\n<p>O inverno \u00e9 tamb\u00e9m uma oportunidade perfeita para desfrutar da gastronomia espanhola com mais tranquilidade, longe das multid\u00f5es do ver\u00e3o.<\/p>\n\n\n\n<h3 class=\"wp-block-heading\"><strong>Melhores lugares para visitar no inverno:<\/strong><\/h3>\n\n\n\n<p>O inverno em Espanha oferece uma combina\u00e7\u00e3o de montanhas cobertas de neve, cidades com ambiente festivo e escapadelas ao sol. Estes destinos s\u00e3o perfeitos para a esta\u00e7\u00e3o:<\/p>\n\n\n\n<ul class=\"wp-block-list\">\n<li><strong>Sierra Nevada<\/strong> \u2013 Uma das est\u00e2ncias de esqui mais a sul da Europa, com paisagens montanhosas deslumbrantes nas proximidades de Granada.<\/li>\n\n\n\n<li><strong>Sevilha<\/strong> \u2013 A cidade torna-se m\u00e1gica durante as festas de fim de ano, com mercados de Natal, ilumina\u00e7\u00e3o festiva.<\/li>\n\n\n\n<li><strong>Barcelona <\/strong>\u2013 Com um clima mais ameno do que grande parte da Europa, com menos turistas e belas decora\u00e7\u00f5es natal\u00edcias.<\/li>\n\n\n\n<li><strong>Ilhas Can\u00e1rias<\/strong> \u2013 Se procura um clima quente, Tenerife e Gran Can\u00e1ria oferecem sol durante todo o ano.<\/li>\n<\/ul>\n\n\n\n<h3 class=\"wp-block-heading\"><strong>As esta\u00e7\u00f5es do ano em Espanha num relance<\/strong><\/h3>\n\n\n\n<p>Aqui est\u00e1 um resumo r\u00e1pido das temperaturas m\u00e9dias sazonais, n\u00edveis de precipita\u00e7\u00e3o e aspetos importantes para cada esta\u00e7\u00e3o na Espanha:<\/p>\n\n\n\n<figure class=\"wp-block-table\"><table class=\"has-fixed-layout\"><tbody><tr><td><strong>\u00c9poca<\/strong><\/td><td><strong>Meses<\/strong><\/td><td><strong>Temperaturas m\u00e9dias<\/strong><\/td><td><strong>Precipita\u00e7\u00e3o<\/strong><\/td><td><strong>Recomenda\u00e7\u00f5es<\/strong><\/td><\/tr><tr><td>Primavera<\/td><td>Mar\u00e7o\u2013Maio<\/td><td>-11\u00b0C-22\u00b0C (52\u00b0F-72\u00b0F)<\/td><td>Moderada<\/td><td>Excelente para festivais e passeios tur\u00edsticos.<\/td><\/tr><tr><td>Ver\u00e3o<\/td><td>Junho\u2013Agosto<\/td><td>-25\u00b0C-35\u00b0C (77\u00b0F-95\u00b0F)<\/td><td>Baixa<\/td><td>Ideal para praias, mas muito quente no interior.<\/td><\/tr><tr><td>Outono<\/td><td>Setembro\u2013Novembro<\/td><td>-14\u00b0C-25\u00b0C (57\u00b0F-77\u00b0F)<\/td><td>Moderada<\/td><td>\u00d3timo para visitar regi\u00f5es vin\u00edcolas e com menos turistas.<\/td><\/tr><tr><td>Inverno<\/td><td>Dezembro\u2013Fevereiro<\/td><td>-2\u00b0C-16\u00b0C (36\u00b0F-61\u00b0F)<\/td><td>Baixa<\/td><td>Perfeito para celebra\u00e7\u00f5es festivas e esqui.<\/td><\/tr><\/tbody><\/table><\/figure>\n\n\n\n<h2 class=\"wp-block-heading\"><strong>Principais eventos anuais em Espanha<\/strong><\/h2>\n\n\n\n<figure data-wp-context=\"{&quot;imageId&quot;:&quot;69f1d530d4eb1&quot;}\" data-wp-interactive=\"core\/image\" data-wp-key=\"69f1d530d4eb1\" class=\"wp-block-image size-full wp-lightbox-container\"><img loading=\"lazy\" decoding=\"async\" width=\"658\" height=\"484\" data-wp-class--hide=\"state.isContentHidden\" data-wp-class--show=\"state.isContentVisible\" data-wp-init=\"callbacks.setButtonStyles\" data-wp-on--click=\"actions.showLightbox\" data-wp-on--load=\"callbacks.setButtonStyles\" data-wp-on-window--resize=\"callbacks.setButtonStyles\" src=\"https:\/\/myroami.com\/pt\/wp-content\/uploads\/sites\/41\/2025\/09\/espanha-melhor-altura-las-fallas-valencia.png\" alt=\"melhor altura para ir a Espanha \u2013 Las Fallas em Val\u00eancia\" class=\"wp-image-72525\" srcset=\"https:\/\/myroami.com\/pt\/wp-content\/uploads\/sites\/41\/2025\/09\/espanha-melhor-altura-las-fallas-valencia.png 658w, https:\/\/myroami.com\/pt\/wp-content\/uploads\/sites\/41\/2025\/09\/espanha-melhor-altura-las-fallas-valencia-300x221.png 300w\" sizes=\"auto, (max-width: 658px) 100vw, 658px\" \/><button\n\t\t\tclass=\"lightbox-trigger\"\n\t\t\ttype=\"button\"\n\t\t\taria-haspopup=\"dialog\"\n\t\t\taria-label=\"Ampliar\"\n\t\t\tdata-wp-init=\"callbacks.initTriggerButton\"\n\t\t\tdata-wp-on--click=\"actions.showLightbox\"\n\t\t\tdata-wp-style--right=\"state.imageButtonRight\"\n\t\t\tdata-wp-style--top=\"state.imageButtonTop\"\n\t\t>\n\t\t\t<svg xmlns=\"http:\/\/www.w3.org\/2000\/svg\" width=\"12\" height=\"12\" fill=\"none\" viewBox=\"0 0 12 12\">\n\t\t\t\t<path fill=\"#fff\" d=\"M2 0a2 2 0 0 0-2 2v2h1.5V2a.5.5 0 0 1 .5-.5h2V0H2Zm2 10.5H2a.5.5 0 0 1-.5-.5V8H0v2a2 2 0 0 0 2 2h2v-1.5ZM8 12v-1.5h2a.5.5 0 0 0 .5-.5V8H12v2a2 2 0 0 1-2 2H8Zm2-12a2 2 0 0 1 2 2v2h-1.5V2a.5.5 0 0 0-.5-.5H8V0h2Z\" \/>\n\t\t\t<\/svg>\n\t\t<\/button><figcaption class=\"wp-element-caption\"><em>Festival de Las Fallas em Val\u00eancia [Fonte: Visite a p\u00e1gina Val\u00e8ncia - Espanha no Facebook]<\/em><\/figcaption><\/figure>\n\n\n\n<p>A Espanha \u00e9 famosa pelos seus festivais animados, que acontecem ao longo do ano. Desde celebra\u00e7\u00f5es tradicionais a festivais de m\u00fasica moderna, aqui est\u00e3o alguns eventos importantes a considerar:<\/p>\n\n\n\n<ul class=\"wp-block-list\">\n<li><strong>Janeiro:<\/strong>\u00a0Dia dos Tr\u00eas Reis (desfiles da Epifania por toda a Espanha).<\/li>\n\n\n\n<li><strong>Fevereiro:<\/strong>\u00a0Carnaval em Tenerife e C\u00e1dis.<\/li>\n\n\n\n<li><strong>Mar\u00e7o:<\/strong>\u00a0Festival de Las Fallas em Val\u00eancia.<\/li>\n\n\n\n<li><strong>Abril:<\/strong>\u00a0Feria de Abril em Sevilha e prociss\u00f5es da Semana Santa por todo o pa\u00eds.<\/li>\n\n\n\n<li><strong>Maio:<\/strong>\u00a0Festival do P\u00e1tio em C\u00f3rdova.<\/li>\n\n\n\n<li><strong>Junho:<\/strong>\u00a0Primavera Sound em Barcelona.<\/li>\n\n\n\n<li><strong>Julho:<\/strong>\u00a0Corrida dos Touros em Pamplona e Festival de Benic\u00e0ssim.<\/li>\n\n\n\n<li><strong>Agosto:<\/strong>\u00a0La Tomatina em Bu\u00f1ol.<\/li>\n\n\n\n<li><strong>Setembro:<\/strong>\u00a0La Merc\u00e8 em Barcelona.<\/li>\n\n\n\n<li><strong>Outubro:<\/strong>\u00a0San Ferm\u00edn em Pamplona.<\/li>\n\n\n\n<li><strong>Novembro\u2013Dezembro:<\/strong>\u00a0Mercados de Natal em Madrid, Barcelona e Sevilha.<\/li>\n<\/ul>\n\n\n\n<h2 class=\"wp-block-heading\"><strong>Qual \u00e9 a altura mais barata para visitar a Espanha?<\/strong><\/h2>\n\n\n\n<p>A altura mais econ\u00f3mica para visitar Espanha \u00e9 entre novembro e fevereiro, excluindo os per\u00edodos de f\u00e9rias. Durante estes meses, \u00e9 poss\u00edvel encontrar voos, alojamento e atra\u00e7\u00f5es a pre\u00e7os mais acess\u00edveis do que na \u00e9poca alta.<\/p>\n\n\n\n<p>V\u00e1rios fatores contribuem para esta redu\u00e7\u00e3o de custos:<\/p>\n\n\n\n<ul class=\"wp-block-list\">\n<li><strong>Menor procura <\/strong>\u2013 Com menos turistas a visitar Espanha, no final do Outono e no Inverno, os pre\u00e7os dos voos e dos hot\u00e9is descem.<\/li>\n\n\n\n<li><strong>Voos mais baratos<\/strong> \u2013 Os voos para Espanha s\u00e3o significativamente mais baratos na \u00e9poca baixa, especialmente se reservados com anteced\u00eancia.<\/li>\n\n\n\n<li>Descontos no alojamento \u2013 Hot\u00e9is, hostels e alugueres de f\u00e9rias costumam apresentar tarifas reduzidas, facilitando a obten\u00e7\u00e3o de boas ofertas.<\/li>\n\n\n\n<li><strong>Descontos nas atra\u00e7\u00f5es<\/strong> \u2013 Muitos museus e pontos tur\u00edsticos oferecem entradas a pre\u00e7os reduzidos ou promo\u00e7\u00f5es especiais de inverno durante estes meses.<\/li>\n<\/ul>\n\n\n\n<h3 class=\"wp-block-heading\"><strong>Custos t\u00edpicos durante a \u00e9poca baixa<\/strong><\/h3>\n\n\n\n<ul class=\"wp-block-list\">\n<li><strong>Hot\u00e9is econ\u00f3micos:<\/strong> entre 50\u201380 \u20ac por um quarto duplo simples<\/li>\n\n\n\n<li><strong>Refei\u00e7\u00f5es:<\/strong> 30-50 \u20ac para um almo\u00e7o para duas pessoas num restaurante de gama m\u00e9dia, ou 10-20 \u20ac em restaurantes mais simples ou bancas de comida<\/li>\n\n\n\n<li><strong>Bebidas:<\/strong>\u00a0Um caf\u00e9 custa cerca de 2\u20133 \u20ac, e uma cerveja cerca de 3\u20135 \u20ac<\/li>\n\n\n\n<li><strong>Atra\u00e7\u00f5es:<\/strong>\u00a0Os bilhetes de entrada variam normalmente entre 5\u202f\u2013 15 \u202f\u20ac<\/li>\n<\/ul>\n\n\n\n<h3 class=\"wp-block-heading\"><strong>Dicas para economizar<\/strong><\/h3>\n\n\n\n<ul class=\"wp-block-list\">\n<li><strong>Use transportes p\u00fablicos:<\/strong>\u00a0Espanha disp\u00f5e de uma excelente rede de comboios e autocarros.<\/li>\n\n\n\n<li><strong>Coma como um local:<\/strong>\u00a0Os bares de tapas e o menu del d\u00eda (almo\u00e7os com pre\u00e7o fixo) s\u00e3o op\u00e7\u00f5es econ\u00f3micas.<\/li>\n\n\n\n<li><strong>Reserve com anteced\u00eancia: <\/strong>\u00a0Os voos e o alojamento s\u00e3o mais baratos quando reservados com anteced\u00eancia.<\/li>\n<\/ul>\n\n\n\n<h2 class=\"wp-block-heading\"><strong>Quantos dias s\u00e3o ideais para visitar a Espanha?<\/strong><\/h2>\n\n\n\n<p>Para aproveitar ao m\u00e1ximo a Espanha, planeie uma viagem de pelo <strong>menos 10 a 14 dias. <\/strong>&nbsp;Este tempo permitir\u00e1 visitar v\u00e1rias regi\u00f5es, desde Madrid e Barcelona at\u00e9 \u00e0 Andaluzia e \u00e0s zonas costeiras. Para uma estadia mais curta, o ideal \u00e9 concentrar-se numa ou duas cidades principais.<\/p>\n\n\n\n<p><strong>Comece por Madrid<\/strong>, onde poder\u00e1 mergulhar na rica cena art\u00edstica em locais como o Museu do Prado e absorver a energia vibrante da cidade. Depois, siga para Barcelona para ver a arquitetura ic\u00f3nica de Antoni Gaud\u00ed, desfrutar da atmosfera costeira e passear pelos bairros animados.<\/p>\n\n\n\n<p>Se pretende explorar o sul de Espanha, a <strong>Andaluzia<\/strong> \u00e9 uma regi\u00e3o indispens\u00e1vel. Passe alguns dias em Sevilha para apreciar a sua vibrante cultura e o deslumbrante Alc\u00e1zar, e depois v\u00e1 at\u00e9 Granada para visitar a inesquec\u00edvel Alhambra.&nbsp;<\/p>\n\n\n\n<p>Tamb\u00e9m pode optar por <strong>relaxar junto ao mar <\/strong>em destinos como a Costa Brava ou explorar as Ilhas Baleares, como Maiorca e Ibiza.<\/p>\n\n\n\n<h3 class=\"wp-block-heading\"><strong>Itiner\u00e1rio sugerido para 10 a 14 dias<\/strong><\/h3>\n\n\n\n<ul class=\"wp-block-list\">\n<li><strong>Dias 1 \u20133:<\/strong>\u00a0Madrid \u2013 Explore os museus da cidade, as pra\u00e7as emblem\u00e1ticas e a animada vida noturna.<\/li>\n\n\n\n<li><strong>Dias 4 \u20136:<\/strong>\u00a0Descubra as obras-primas de Gaud\u00ed e passeie pelas Ramblas.<\/li>\n\n\n\n<li><strong>Dias 7 \u2013 9:<\/strong>\u00a0Andaluzia \u2013 Visite Sevilha, Granada e C\u00f3rdova para conhecer o charme hist\u00f3rico do sul de Espanha.<\/li>\n\n\n\n<li><strong>Dias 10\u201314:<\/strong>\u00a0Zonas costeiras \u2013 Relaxe nas praias da Costa Brava ou fa\u00e7a uma viagem \u00e0s Ilhas Baleares.<\/li>\n<\/ul>\n\n\n\n<p>Claro que, se estiver com pouco tempo, <strong>pode sempre concentrar-se numa ou duas cidades.<\/strong> Uma viagem de 7 a 10 dias permitir-lhe-\u00e1 conhecer os principais destaques de Madrid e Barcelona, ou poder\u00e1 explorar mais a fundo a Andaluzia. De qualquer forma, voc\u00ea deixar\u00e1 a Espanha com lembran\u00e7as inesquec\u00edveis.<\/p>\n\n\n\n<h2 class=\"wp-block-heading\"><strong>Conectividade Wi-Fi em Espanha<\/strong><\/h2>\n\n\n\n<p>A Espanha oferece <strong>excelente cobertura Wi-Fi<\/strong> em cidades, hot\u00e9is e caf\u00e9s. O acesso gratuito \u00e0 Internet est\u00e1 amplamente dispon\u00edvel em espa\u00e7os p\u00fablicos, como aeroportos, esta\u00e7\u00f5es ferrovi\u00e1rias e centros comerciais. Muitos restaurantes e bares tamb\u00e9m disponibilizam Wi-Fi gratuito.<\/p>\n\n\n\n<p>Se necessitar de uma liga\u00e7\u00e3o constante, considere adquirir um <strong>cart\u00e3o SIM local<\/strong> de operadoras como Movistar, Orange ou Vodafone. Certifique-se de que o seu telem\u00f3vel est\u00e1 desbloqueado antes de comprar um.<\/p>\n\n\n\n<h2 class=\"wp-block-heading\"><strong>Operadoras de eSIM em Espanha<\/strong><\/h2>\n\n\n\n<p>A tecnologia eSIM facilita a liga\u00e7\u00e3o \u00e0 Internet em Espanha, permitindo aos viajantes aceder a dados m\u00f3veis<strong> sem a necessidade de trocar de cart\u00f5es SIM. <\/strong>\u00a0A seguir, apresentam-se tr\u00eas <a href=\"https:\/\/myroami.com\/pt\/melhores-esims\/esim-espanha\/\">operadoras populares de eSIM<\/a>, que oferecem planos flex\u00edveis para diferentes necessidades de viagem.<\/p>\n\n\n\n<h3 class=\"wp-block-heading\"><strong>1. Holafly<\/strong><\/h3>\n\n\n\n<figure data-wp-context=\"{&quot;imageId&quot;:&quot;69f1d530d5c77&quot;}\" data-wp-interactive=\"core\/image\" data-wp-key=\"69f1d530d5c77\" class=\"wp-block-image size-large wp-lightbox-container\"><img loading=\"lazy\" decoding=\"async\" width=\"1024\" height=\"475\" data-wp-class--hide=\"state.isContentHidden\" data-wp-class--show=\"state.isContentVisible\" data-wp-init=\"callbacks.setButtonStyles\" data-wp-on--click=\"actions.showLightbox\" data-wp-on--load=\"callbacks.setButtonStyles\" data-wp-on-window--resize=\"callbacks.setButtonStyles\" src=\"https:\/\/myroami.com\/pt\/wp-content\/uploads\/sites\/41\/2025\/09\/holafly-esim-espanha-dados-ilimitados-1024x475.png\" alt=\"Holafly eSIM Espanha \u2013 dados ilimitados para turistas\" class=\"wp-image-72527\" srcset=\"https:\/\/myroami.com\/pt\/wp-content\/uploads\/sites\/41\/2025\/09\/holafly-esim-espanha-dados-ilimitados-1024x475.png 1024w, https:\/\/myroami.com\/pt\/wp-content\/uploads\/sites\/41\/2025\/09\/holafly-esim-espanha-dados-ilimitados-300x139.png 300w, https:\/\/myroami.com\/pt\/wp-content\/uploads\/sites\/41\/2025\/09\/holafly-esim-espanha-dados-ilimitados-768x356.png 768w, https:\/\/myroami.com\/pt\/wp-content\/uploads\/sites\/41\/2025\/09\/holafly-esim-espanha-dados-ilimitados.png 1505w\" sizes=\"auto, (max-width: 1024px) 100vw, 1024px\" \/><button\n\t\t\tclass=\"lightbox-trigger\"\n\t\t\ttype=\"button\"\n\t\t\taria-haspopup=\"dialog\"\n\t\t\taria-label=\"Ampliar\"\n\t\t\tdata-wp-init=\"callbacks.initTriggerButton\"\n\t\t\tdata-wp-on--click=\"actions.showLightbox\"\n\t\t\tdata-wp-style--right=\"state.imageButtonRight\"\n\t\t\tdata-wp-style--top=\"state.imageButtonTop\"\n\t\t>\n\t\t\t<svg xmlns=\"http:\/\/www.w3.org\/2000\/svg\" width=\"12\" height=\"12\" fill=\"none\" viewBox=\"0 0 12 12\">\n\t\t\t\t<path fill=\"#fff\" d=\"M2 0a2 2 0 0 0-2 2v2h1.5V2a.5.5 0 0 1 .5-.5h2V0H2Zm2 10.5H2a.5.5 0 0 1-.5-.5V8H0v2a2 2 0 0 0 2 2h2v-1.5ZM8 12v-1.5h2a.5.5 0 0 0 .5-.5V8H12v2a2 2 0 0 1-2 2H8Zm2-12a2 2 0 0 1 2 2v2h-1.5V2a.5.5 0 0 0-.5-.5H8V0h2Z\" \/>\n\t\t\t<\/svg>\n\t\t<\/button><\/figure>\n\n\n\n<p>A Holafly oferece planos eSIM de dados ilimitados, concebidos especialmente para turistas em Espanha. Esta \u00e9 uma \u00f3tima op\u00e7\u00e3o para quem pretende usar o dispositivo sem interrup\u00e7\u00f5es, sem se preocupar com a falta dos dados. O processo de ativa\u00e7\u00e3o \u00e9 simples e, uma vez ativado o plano, n\u00e3o \u00e9 necess\u00e1rio fazer recargas.<\/p>\n\n\n\n<ul class=\"wp-block-list\">\n<li><strong>Vantagens:<\/strong> Dados ilimitados, ativa\u00e7\u00e3o simples, apoio ao cliente 24 horas por dia, 7 dias por semana.<\/li>\n\n\n\n<li><strong>Desvantagens:<\/strong> Os dados n\u00e3o podem ser partilhados.<\/li>\n<\/ul>\n\n\n\n<h3 class=\"wp-block-heading\"><strong>2. Nomad<\/strong><\/h3>\n\n\n\n<figure data-wp-context=\"{&quot;imageId&quot;:&quot;69f1d530d61e5&quot;}\" data-wp-interactive=\"core\/image\" data-wp-key=\"69f1d530d61e5\" class=\"wp-block-image size-large wp-lightbox-container\"><img loading=\"lazy\" decoding=\"async\" width=\"1024\" height=\"501\" data-wp-class--hide=\"state.isContentHidden\" data-wp-class--show=\"state.isContentVisible\" data-wp-init=\"callbacks.setButtonStyles\" data-wp-on--click=\"actions.showLightbox\" data-wp-on--load=\"callbacks.setButtonStyles\" data-wp-on-window--resize=\"callbacks.setButtonStyles\" src=\"https:\/\/myroami.com\/pt\/wp-content\/uploads\/sites\/41\/2025\/09\/nomad-esim-espanha-planos-flexiveis-1024x501.png\" alt=\"Nomad eSIM Espanha \u2013 planos flex\u00edveis para viagens\" class=\"wp-image-72530\" srcset=\"https:\/\/myroami.com\/pt\/wp-content\/uploads\/sites\/41\/2025\/09\/nomad-esim-espanha-planos-flexiveis-1024x501.png 1024w, https:\/\/myroami.com\/pt\/wp-content\/uploads\/sites\/41\/2025\/09\/nomad-esim-espanha-planos-flexiveis-300x147.png 300w, https:\/\/myroami.com\/pt\/wp-content\/uploads\/sites\/41\/2025\/09\/nomad-esim-espanha-planos-flexiveis-768x376.png 768w, https:\/\/myroami.com\/pt\/wp-content\/uploads\/sites\/41\/2025\/09\/nomad-esim-espanha-planos-flexiveis.png 1337w\" sizes=\"auto, (max-width: 1024px) 100vw, 1024px\" \/><button\n\t\t\tclass=\"lightbox-trigger\"\n\t\t\ttype=\"button\"\n\t\t\taria-haspopup=\"dialog\"\n\t\t\taria-label=\"Ampliar\"\n\t\t\tdata-wp-init=\"callbacks.initTriggerButton\"\n\t\t\tdata-wp-on--click=\"actions.showLightbox\"\n\t\t\tdata-wp-style--right=\"state.imageButtonRight\"\n\t\t\tdata-wp-style--top=\"state.imageButtonTop\"\n\t\t>\n\t\t\t<svg xmlns=\"http:\/\/www.w3.org\/2000\/svg\" width=\"12\" height=\"12\" fill=\"none\" viewBox=\"0 0 12 12\">\n\t\t\t\t<path fill=\"#fff\" d=\"M2 0a2 2 0 0 0-2 2v2h1.5V2a.5.5 0 0 1 .5-.5h2V0H2Zm2 10.5H2a.5.5 0 0 1-.5-.5V8H0v2a2 2 0 0 0 2 2h2v-1.5ZM8 12v-1.5h2a.5.5 0 0 0 .5-.5V8H12v2a2 2 0 0 1-2 2H8Zm2-12a2 2 0 0 1 2 2v2h-1.5V2a.5.5 0 0 0-.5-.5H8V0h2Z\" \/>\n\t\t\t<\/svg>\n\t\t<\/button><\/figure>\n\n\n\n<p>A Nomad oferece planos de dados eSIM com op\u00e7\u00f5es flex\u00edveis, adaptados \u00e0 dura\u00e7\u00e3o e \u00e0s necessidades da sua viagem. Os seus planos destinam-se a diferentes tipos de viajantes, desde estadias breves at\u00e9 per\u00edodos mais prolongados.<\/p>\n\n\n\n<ul class=\"wp-block-list\">\n<li><strong>Vantagens:<\/strong> F\u00e1cil configura\u00e7\u00e3o e instala\u00e7\u00e3o, sem custos adicionais<\/li>\n\n\n\n<li><strong>Desvantagens:<\/strong> Caro, sem planos de dados ilimitados, sem suporte por chat ao vivo\u00a0<\/li>\n<\/ul>\n\n\n\n<h3 class=\"wp-block-heading\"><strong>3. Airalo<\/strong><\/h3>\n\n\n\n<figure data-wp-context=\"{&quot;imageId&quot;:&quot;69f1d530d66a2&quot;}\" data-wp-interactive=\"core\/image\" data-wp-key=\"69f1d530d66a2\" class=\"wp-block-image size-large wp-lightbox-container\"><img loading=\"lazy\" decoding=\"async\" width=\"1024\" height=\"566\" data-wp-class--hide=\"state.isContentHidden\" data-wp-class--show=\"state.isContentVisible\" data-wp-init=\"callbacks.setButtonStyles\" data-wp-on--click=\"actions.showLightbox\" data-wp-on--load=\"callbacks.setButtonStyles\" data-wp-on-window--resize=\"callbacks.setButtonStyles\" src=\"https:\/\/myroami.com\/pt\/wp-content\/uploads\/sites\/41\/2025\/09\/airalo-esim-espanha-pacotes-acessiveis-1024x566.png\" alt=\"Airalo eSIM Espanha \u2013 pacotes acess\u00edveis e cobertura global\" class=\"wp-image-72531\" srcset=\"https:\/\/myroami.com\/pt\/wp-content\/uploads\/sites\/41\/2025\/09\/airalo-esim-espanha-pacotes-acessiveis-1024x566.png 1024w, https:\/\/myroami.com\/pt\/wp-content\/uploads\/sites\/41\/2025\/09\/airalo-esim-espanha-pacotes-acessiveis-300x166.png 300w, https:\/\/myroami.com\/pt\/wp-content\/uploads\/sites\/41\/2025\/09\/airalo-esim-espanha-pacotes-acessiveis-768x425.png 768w, https:\/\/myroami.com\/pt\/wp-content\/uploads\/sites\/41\/2025\/09\/airalo-esim-espanha-pacotes-acessiveis.png 1237w\" sizes=\"auto, (max-width: 1024px) 100vw, 1024px\" \/><button\n\t\t\tclass=\"lightbox-trigger\"\n\t\t\ttype=\"button\"\n\t\t\taria-haspopup=\"dialog\"\n\t\t\taria-label=\"Ampliar\"\n\t\t\tdata-wp-init=\"callbacks.initTriggerButton\"\n\t\t\tdata-wp-on--click=\"actions.showLightbox\"\n\t\t\tdata-wp-style--right=\"state.imageButtonRight\"\n\t\t\tdata-wp-style--top=\"state.imageButtonTop\"\n\t\t>\n\t\t\t<svg xmlns=\"http:\/\/www.w3.org\/2000\/svg\" width=\"12\" height=\"12\" fill=\"none\" viewBox=\"0 0 12 12\">\n\t\t\t\t<path fill=\"#fff\" d=\"M2 0a2 2 0 0 0-2 2v2h1.5V2a.5.5 0 0 1 .5-.5h2V0H2Zm2 10.5H2a.5.5 0 0 1-.5-.5V8H0v2a2 2 0 0 0 2 2h2v-1.5ZM8 12v-1.5h2a.5.5 0 0 0 .5-.5V8H12v2a2 2 0 0 1-2 2H8Zm2-12a2 2 0 0 1 2 2v2h-1.5V2a.5.5 0 0 0-.5-.5H8V0h2Z\" \/>\n\t\t\t<\/svg>\n\t\t<\/button><\/figure>\n\n\n\n<p>A Airalo \u00e9 uma operadora de eSIM amplamente utilizada, reconhecida por oferecer planos acess\u00edveis com cobertura global. A sua plataforma intuitiva permite aos viajantes adquirir eSIMs para diversos pa\u00edses, sendo uma excelente op\u00e7\u00e3o para viagens com v\u00e1rios destinos. No entanto, a velocidade da Internet pode ser mais lenta em zonas remotas.<\/p>\n\n\n\n<ul class=\"wp-block-list\">\n<li><strong>Vantagens:<\/strong> F\u00e1cil de ativar, ideal durante viagens a v\u00e1rios pa\u00edses.<\/li>\n\n\n\n<li><strong>Desvantagens:<\/strong> Velocidade lenta em \u00e1reas remotas, op\u00e7\u00f5es de reembolso limitadas.<\/li>\n<\/ul>\n\n\n\n<p>Abaixo, est\u00e1 uma tabela que compara os planos e pre\u00e7os das tr\u00eas operadoras&nbsp; eSIM mencionadas.<\/p>\n\n\n\n<figure class=\"wp-block-table\"><table class=\"has-fixed-layout\"><tbody><tr><td><strong>Operadora<\/strong><\/td><td><strong>Planos<\/strong><\/td><td><strong>Pre\u00e7os<\/strong><\/td><\/tr><tr><td><strong>Holafly<\/strong><\/td><td>Dados ilimitados<\/td><td>A partir de 5,90\u202f\u20ac<\/td><\/tr><tr><td><strong>Nomad<\/strong><\/td><td>1 GB, 3 GB, 5 GB, 10 GB, 15 GB, 20 GB, 20 GB<\/td><td>3,90\u202f\u20ac \u201338,40\u202f\u20ac<\/td><\/tr><tr><td><strong>Airalo<\/strong><\/td><td>1 GB, 2 GB, 3 GB, 5 GB, 10 GB, 20 GB, ilimitado<\/td><td>3,90 \u2013 29,90 \u20ac<\/td><\/tr><\/tbody><\/table><\/figure>\n\n\n\n<p><\/p>\n","protected":false},"excerpt":{"rendered":"<p>Da energia vibrante de Madrid \u00e0s praias mediterr\u00e2nicas e festivais \u00fanicos, a Espanha encanta em qualquer esta\u00e7\u00e3o. Descubra qual \u00e9 a melhor altura para viajar e aproveitar ao m\u00e1ximo a sua experi\u00eancia.<\/p>\n","protected":false},"author":182,"featured_media":72536,"comment_status":"closed","ping_status":"closed","sticky":false,"template":"","format":"standard","meta":{"_acf_changed":true,"footnotes":""},"categories":[189],"tags":[],"class_list":["post-72519","post","type-post","status-publish","format-standard","has-post-thumbnail","hentry","category-guias-viagens"],"acf":[],"yoast_head":"<title>Melhor altura para ir a Espanha \u2013 Guia 2025<\/title>\n<meta name=\"description\" content=\"A melhor altura para visitar Espanha \u00e9 na primavera e no outono. Clima agrad\u00e1vel, cidades vibrantes e menos multid\u00f5es tornam a viagem ideal.\" \/>\n<meta name=\"robots\" content=\"index, follow, max-snippet:-1, max-image-preview:large, max-video-preview:-1\" \/>\n<link rel=\"canonical\" href=\"https:\/\/myroami.com\/pt\/guias-viagens\/melhor-altura-para-ir-a-espanha\/\" \/>\n<meta property=\"og:locale\" content=\"pt_PT\" \/>\n<meta property=\"og:type\" content=\"article\" \/>\n<meta property=\"og:title\" content=\"Melhor altura para ir a Espanha \u2013 Guia 2025\" \/>\n<meta property=\"og:description\" content=\"A melhor altura para visitar Espanha \u00e9 na primavera e no outono. Clima agrad\u00e1vel, cidades vibrantes e menos multid\u00f5es tornam a viagem ideal.\" \/>\n<meta property=\"og:url\" content=\"https:\/\/myroami.com\/pt\/guias-viagens\/melhor-altura-para-ir-a-espanha\/\" \/>\n<meta property=\"og:site_name\" content=\"Roami - PT\" \/>\n<meta property=\"article:published_time\" content=\"2025-09-07T13:07:48+00:00\" \/>\n<meta property=\"article:modified_time\" content=\"2025-09-07T13:08:43+00:00\" \/>\n<meta property=\"og:image\" content=\"https:\/\/myroami.com\/pt\/wp-content\/uploads\/sites\/41\/2025\/09\/espanha-melhor-altura-valencia-palmeiras.png\" \/>\n\t<meta property=\"og:image:width\" content=\"502\" \/>\n\t<meta property=\"og:image:height\" content=\"335\" \/>\n\t<meta property=\"og:image:type\" content=\"image\/png\" \/>\n<meta name=\"author\" content=\"Vukasin Petrovic\" \/>\n<meta name=\"twitter:card\" content=\"summary_large_image\" \/>\n<meta name=\"twitter:label1\" content=\"Escrito por\" \/>\n\t<meta name=\"twitter:data1\" content=\"Vukasin Petrovic\" \/>\n\t<meta name=\"twitter:label2\" content=\"Tempo estimado de leitura\" \/>\n\t<meta name=\"twitter:data2\" content=\"14 minutos\" \/>","yoast_head_json":{"title":"Melhor altura para ir a Espanha \u2013 Guia 2025","description":"A melhor altura para visitar Espanha \u00e9 na primavera e no outono. Clima agrad\u00e1vel, cidades vibrantes e menos multid\u00f5es tornam a viagem ideal.","robots":{"index":"index","follow":"follow","max-snippet":"max-snippet:-1","max-image-preview":"max-image-preview:large","max-video-preview":"max-video-preview:-1"},"canonical":"https:\/\/myroami.com\/pt\/guias-viagens\/melhor-altura-para-ir-a-espanha\/","og_locale":"pt_PT","og_type":"article","og_title":"Melhor altura para ir a Espanha \u2013 Guia 2025","og_description":"A melhor altura para visitar Espanha \u00e9 na primavera e no outono. Clima agrad\u00e1vel, cidades vibrantes e menos multid\u00f5es tornam a viagem ideal.","og_url":"https:\/\/myroami.com\/pt\/guias-viagens\/melhor-altura-para-ir-a-espanha\/","og_site_name":"Roami - PT","article_published_time":"2025-09-07T13:07:48+00:00","article_modified_time":"2025-09-07T13:08:43+00:00","og_image":[{"width":502,"height":335,"url":"https:\/\/myroami.com\/pt\/wp-content\/uploads\/sites\/41\/2025\/09\/espanha-melhor-altura-valencia-palmeiras.png","type":"image\/png"}],"author":"Vukasin Petrovic","twitter_card":"summary_large_image","twitter_misc":{"Escrito por":"Vukasin Petrovic","Tempo estimado de leitura":"14 minutos"},"schema":{"@context":"https:\/\/schema.org","@graph":[{"@context":"https:\/\/schema.org","@type":"BreadcrumbList","@id":"https:\/\/myroami.com\/pt\/guias-viagens\/melhor-altura-para-ir-a-espanha\/#breadcrumb","itemListElement":[{"@type":"ListItem","position":1,"item":{"@type":"WebPage","@id":"https:\/\/myroami.com\/pt\/","url":"https:\/\/myroami.com\/pt\/","name":"Home"}}]}]}},"_links":{"self":[{"href":"https:\/\/myroami.com\/pt\/wp-json\/wp\/v2\/posts\/72519","targetHints":{"allow":["GET"]}}],"collection":[{"href":"https:\/\/myroami.com\/pt\/wp-json\/wp\/v2\/posts"}],"about":[{"href":"https:\/\/myroami.com\/pt\/wp-json\/wp\/v2\/types\/post"}],"author":[{"embeddable":true,"href":"https:\/\/myroami.com\/pt\/wp-json\/wp\/v2\/users\/182"}],"replies":[{"embeddable":true,"href":"https:\/\/myroami.com\/pt\/wp-json\/wp\/v2\/comments?post=72519"}],"version-history":[{"count":4,"href":"https:\/\/myroami.com\/pt\/wp-json\/wp\/v2\/posts\/72519\/revisions"}],"predecessor-version":[{"id":72540,"href":"https:\/\/myroami.com\/pt\/wp-json\/wp\/v2\/posts\/72519\/revisions\/72540"}],"wp:featuredmedia":[{"embeddable":true,"href":"https:\/\/myroami.com\/pt\/wp-json\/wp\/v2\/media\/72536"}],"wp:attachment":[{"href":"https:\/\/myroami.com\/pt\/wp-json\/wp\/v2\/media?parent=72519"}],"wp:term":[{"taxonomy":"category","embeddable":true,"href":"https:\/\/myroami.com\/pt\/wp-json\/wp\/v2\/categories?post=72519"},{"taxonomy":"post_tag","embeddable":true,"href":"https:\/\/myroami.com\/pt\/wp-json\/wp\/v2\/tags?post=72519"}],"curies":[{"name":"wp","href":"https:\/\/api.w.org\/{rel}","templated":true}]}}